{"id":9946,"date":"2021-06-21T17:51:30","date_gmt":"2021-06-21T22:51:30","guid":{"rendered":"http:\/\/www.unica.edu.pe\/noticias\/?p=9946"},"modified":"2021-06-21T17:51:31","modified_gmt":"2021-06-21T22:51:31","slug":"webinar-retos-de-la-educacion-remota-en-el-contexto-de-la-emergencia-sanitaria-el-caso-de-la-universidad-nacional-jose-maria-arguedas","status":"publish","type":"post","link":"https:\/\/www.unica.edu.pe\/noticias\/2021\/06\/21\/webinar-retos-de-la-educacion-remota-en-el-contexto-de-la-emergencia-sanitaria-el-caso-de-la-universidad-nacional-jose-maria-arguedas\/","title":{"rendered":"Webinar: Retos de la educaci\u00f3n remota en el contexto de la emergencia sanitaria: El caso de la Universidad Nacional Jos\u00e9 Mar\u00eda Arguedas"},"content":{"rendered":"\n<p><a href=\"https:\/\/www.facebook.com\/hashtag\/minedu?__eep__=6&amp;__cft__[0]=AZWTZEC4vmJX-t5XzBDGwZiEQCHooTDWvfy3595Skg4Q6BnjzBvKBcfNXwJya5PUJLldgvl7dGG0yvIPPi5ZBrjCuTAkYge726owToCEd3yfxZmtrZGKaEagGwna-lXhpmGSNZqUWoQYHjabOGTE8eHmMzSrjHIAgHncx4tR4wF3HzV2THbV6PZwgO0maDDyNUk&amp;__tn__=*NK-R\">#Minedu<\/a> | <a href=\"https:\/\/www.facebook.com\/hashtag\/webinar?__eep__=6&amp;__cft__[0]=AZWTZEC4vmJX-t5XzBDGwZiEQCHooTDWvfy3595Skg4Q6BnjzBvKBcfNXwJya5PUJLldgvl7dGG0yvIPPi5ZBrjCuTAkYge726owToCEd3yfxZmtrZGKaEagGwna-lXhpmGSNZqUWoQYHjabOGTE8eHmMzSrjHIAgHncx4tR4wF3HzV2THbV6PZwgO0maDDyNUk&amp;__tn__=*NK-R\">#Webinar<\/a> Retos de la educaci\u00f3n remota en el contexto de la emergencia sanitaria: El caso de la Universidad Nacional Jos\u00e9 Mar\u00eda Arguedas.<\/p>\n\n\n\n<p><img loading=\"lazy\" decoding=\"async\" height=\"16\" width=\"16\" alt=\"\ud83d\uddd3\" src=\"https:\/\/static.xx.fbcdn.net\/images\/emoji.php\/v9\/t5c\/1\/16\/1f5d3.png\"> Martes 22 de junio de 2021.<\/p>\n\n\n\n<p><img loading=\"lazy\" decoding=\"async\" height=\"16\" width=\"16\" alt=\"\ud83d\udd55\" src=\"https:\/\/static.xx.fbcdn.net\/images\/emoji.php\/v9\/t2d\/1\/16\/1f555.png\"> 6:00 p. m.<\/p>\n\n\n\n<p>Transmisi\u00f3n mediante Facebook: Ministerio de Educaci\u00f3n del Per\u00fa<\/p>\n\n\n\n<p><img loading=\"lazy\" decoding=\"async\" height=\"16\" width=\"16\" alt=\"\u270d\ud83c\udffb\" src=\"https:\/\/static.xx.fbcdn.net\/images\/emoji.php\/v9\/tdd\/1\/16\/270d_1f3fb.png\"> Link de inscripci\u00f3n: <a rel=\"noreferrer noopener\" href=\"https:\/\/bit.ly\/2SUMoM3?fbclid=IwAR3j6ysB9oe9-ymUdXxJm2XHhUhsm3a_BqYGAHYrey42oBqjBSV5L8l2zuY\" target=\"_blank\">https:\/\/bit.ly\/2SUMoM3<\/a><\/p>\n\n\n\n<figure class=\"wp-block-image size-large\"><img loading=\"lazy\" decoding=\"async\" width=\"696\" height=\"1024\" src=\"https:\/\/www.unica.edu.pe\/noticias\/wp-content\/uploads\/2021\/06\/unnamed-2-696x1024.png\" alt=\"\" class=\"wp-image-9947\" srcset=\"https:\/\/www.unica.edu.pe\/noticias\/wp-content\/uploads\/2021\/06\/unnamed-2-696x1024.png 696w, https:\/\/www.unica.edu.pe\/noticias\/wp-content\/uploads\/2021\/06\/unnamed-2-204x300.png 204w, https:\/\/www.unica.edu.pe\/noticias\/wp-content\/uploads\/2021\/06\/unnamed-2-768x1129.png 768w, https:\/\/www.unica.edu.pe\/noticias\/wp-content\/uploads\/2021\/06\/unnamed-2-1045x1536.png 1045w, https:\/\/www.unica.edu.pe\/noticias\/wp-content\/uploads\/2021\/06\/unnamed-2.png 1135w\" sizes=\"auto, (max-width: 696px) 100vw, 696px\" \/><\/figure>\n\n\n\n<figure class=\"wp-block-image size-large\"><img loading=\"lazy\" decoding=\"async\" width=\"1024\" height=\"554\" src=\"https:\/\/www.unica.edu.pe\/noticias\/wp-content\/uploads\/2021\/06\/unnamed-2-1-1024x554.png\" alt=\"\" class=\"wp-image-9948\" srcset=\"https:\/\/www.unica.edu.pe\/noticias\/wp-content\/uploads\/2021\/06\/unnamed-2-1-1024x554.png 1024w, https:\/\/www.unica.edu.pe\/noticias\/wp-content\/uploads\/2021\/06\/unnamed-2-1-300x162.png 300w, https:\/\/www.unica.edu.pe\/noticias\/wp-content\/uploads\/2021\/06\/unnamed-2-1-768x415.png 768w, https:\/\/www.unica.edu.pe\/noticias\/wp-content\/uploads\/2021\/06\/unnamed-2-1.png 1135w\" sizes=\"auto, (max-width: 767px) 89vw, (max-width: 1000px) 54vw, (max-width: 1071px) 543px, 580px\" \/><\/figure>\n","protected":false},"excerpt":{"rendered":"<p>#Minedu | #Webinar Retos de la educaci\u00f3n remota en el contexto de la emergencia sanitaria: El caso de la Universidad Nacional Jos\u00e9 Mar\u00eda Arguedas. Martes 22 de junio de 2021. 6:00 p. m. Transmisi\u00f3n mediante Facebook: Ministerio de Educaci\u00f3n del Per\u00fa Link de inscripci\u00f3n: https:\/\/bit.ly\/2SUMoM3<\/p>\n","protected":false},"author":1,"featured_media":0,"comment_status":"open","ping_status":"open","sticky":false,"template":"","format":"standard","meta":{"footnotes":""},"categories":[1],"tags":[],"class_list":["post-9946","post","type-post","status-publish","format-standard","hentry","category-sin-categoria"],"_links":{"self":[{"href":"https:\/\/www.unica.edu.pe\/noticias\/wp-json\/wp\/v2\/posts\/9946","targetHints":{"allow":["GET"]}}],"collection":[{"href":"https:\/\/www.unica.edu.pe\/noticias\/wp-json\/wp\/v2\/posts"}],"about":[{"href":"https:\/\/www.unica.edu.pe\/noticias\/wp-json\/wp\/v2\/types\/post"}],"author":[{"embeddable":true,"href":"https:\/\/www.unica.edu.pe\/noticias\/wp-json\/wp\/v2\/users\/1"}],"replies":[{"embeddable":true,"href":"https:\/\/www.unica.edu.pe\/noticias\/wp-json\/wp\/v2\/comments?post=9946"}],"version-history":[{"count":1,"href":"https:\/\/www.unica.edu.pe\/noticias\/wp-json\/wp\/v2\/posts\/9946\/revisions"}],"predecessor-version":[{"id":9949,"href":"https:\/\/www.unica.edu.pe\/noticias\/wp-json\/wp\/v2\/posts\/9946\/revisions\/9949"}],"wp:attachment":[{"href":"https:\/\/www.unica.edu.pe\/noticias\/wp-json\/wp\/v2\/media?parent=9946"}],"wp:term":[{"taxonomy":"category","embeddable":true,"href":"https:\/\/www.unica.edu.pe\/noticias\/wp-json\/wp\/v2\/categories?post=9946"},{"taxonomy":"post_tag","embeddable":true,"href":"https:\/\/www.unica.edu.pe\/noticias\/wp-json\/wp\/v2\/tags?post=9946"}],"curies":[{"name":"wp","href":"https:\/\/api.w.org\/{rel}","templated":true}]}}