{"id":9696,"date":"2021-05-26T09:43:05","date_gmt":"2021-05-26T14:43:05","guid":{"rendered":"http:\/\/www.unica.edu.pe\/noticias\/?p=9696"},"modified":"2021-05-26T09:43:06","modified_gmt":"2021-05-26T14:43:06","slug":"ultimo-dia-de-inscripcion-para-el-i-congreso-conectados","status":"publish","type":"post","link":"https:\/\/www.unica.edu.pe\/noticias\/2021\/05\/26\/ultimo-dia-de-inscripcion-para-el-i-congreso-conectados\/","title":{"rendered":"\u00daltimo d\u00eda de inscripci\u00f3n para el I Congreso Conectados"},"content":{"rendered":"\n<p class=\"wp-block-paragraph\"><a href=\"https:\/\/www.facebook.com\/hashtag\/minedu?__eep__=6&amp;__cft__[0]=AZXhmspuTcwh8p9r4ynYshg62mWYVQyU-FccBUvnRAMPrA-KLBIjHgFmbqyXa2mye3PRP_eDDWoa5ueEJqVAoGi6gFj_9OIXnKiNQbeEXsLZ6iP4FITcE91wyC03idAmnId90aC-H0cTWGh7j_6DZcPQdu7QGpCLAh1whjrYdsLCFw&amp;__tn__=*NK-R\">#Minedu<\/a> | \u00daltimo d\u00eda de inscripci\u00f3n para el I Congreso Conectados \u201cTendencias educativas: hacia el futuro digital de la educaci\u00f3n universitaria\u201d.<\/p>\n\n\n\n<p class=\"wp-block-paragraph\">Inscripci\u00f3n: <a rel=\"noreferrer noopener\" href=\"https:\/\/bit.ly\/3fImp1x?fbclid=IwAR3KBqttvRRpZug7sYF2d09jKFlVQtwF7q4b7Wnf8J7lk0vhcg3SBgy-Fe4\" target=\"_blank\">https:\/\/bit.ly\/3fImp1x<\/a><a href=\"https:\/\/www.facebook.com\/hashtag\/conectados?__eep__=6&amp;__cft__[0]=AZXhmspuTcwh8p9r4ynYshg62mWYVQyU-FccBUvnRAMPrA-KLBIjHgFmbqyXa2mye3PRP_eDDWoa5ueEJqVAoGi6gFj_9OIXnKiNQbeEXsLZ6iP4FITcE91wyC03idAmnId90aC-H0cTWGh7j_6DZcPQdu7QGpCLAh1whjrYdsLCFw&amp;__tn__=*NK-R\">#Conectados<\/a><a href=\"https:\/\/www.facebook.com\/hashtag\/unica?__eep__=6&amp;__cft__[0]=AZXhmspuTcwh8p9r4ynYshg62mWYVQyU-FccBUvnRAMPrA-KLBIjHgFmbqyXa2mye3PRP_eDDWoa5ueEJqVAoGi6gFj_9OIXnKiNQbeEXsLZ6iP4FITcE91wyC03idAmnId90aC-H0cTWGh7j_6DZcPQdu7QGpCLAh1whjrYdsLCFw&amp;__tn__=*NK-R\">#UNICA<\/a><\/p>\n\n\n\n<p class=\"wp-block-paragraph\">Tenga en cuenta: <\/p>\n\n\n\n<p class=\"wp-block-paragraph\">&#8211; Las inscripciones estar\u00e1n disponibles hasta el 26 de mayo. <\/p>\n\n\n\n<p class=\"wp-block-paragraph\">&#8211; El 26 de mayo enviaremos, al correo electr\u00f3nico que haya registrado, los enlaces para acceder al congreso. Por favor, revise su bandeja de entrada y su spam.<\/p>\n\n\n\n<figure class=\"wp-block-image size-large\"><img loading=\"lazy\" decoding=\"async\" width=\"920\" height=\"920\" src=\"https:\/\/www.unica.edu.pe\/noticias\/wp-content\/uploads\/2021\/05\/POST-4-Conectados-Aliados-01.jpg\" alt=\"\" class=\"wp-image-9697\" srcset=\"https:\/\/www.unica.edu.pe\/noticias\/wp-content\/uploads\/2021\/05\/POST-4-Conectados-Aliados-01.jpg 920w, https:\/\/www.unica.edu.pe\/noticias\/wp-content\/uploads\/2021\/05\/POST-4-Conectados-Aliados-01-300x300.jpg 300w, https:\/\/www.unica.edu.pe\/noticias\/wp-content\/uploads\/2021\/05\/POST-4-Conectados-Aliados-01-150x150.jpg 150w, https:\/\/www.unica.edu.pe\/noticias\/wp-content\/uploads\/2021\/05\/POST-4-Conectados-Aliados-01-768x768.jpg 768w, https:\/\/www.unica.edu.pe\/noticias\/wp-content\/uploads\/2021\/05\/POST-4-Conectados-Aliados-01-100x100.jpg 100w\" sizes=\"auto, (max-width: 767px) 89vw, (max-width: 1000px) 54vw, (max-width: 1071px) 543px, 580px\" \/><\/figure>\n","protected":false},"excerpt":{"rendered":"<p>#Minedu | \u00daltimo d\u00eda de inscripci\u00f3n para el I Congreso Conectados \u201cTendencias educativas: hacia el futuro digital de la educaci\u00f3n universitaria\u201d. Inscripci\u00f3n: https:\/\/bit.ly\/3fImp1x#Conectados#UNICA Tenga en cuenta: &#8211; Las inscripciones estar\u00e1n disponibles hasta el 26 de mayo. &#8211; El 26 de mayo enviaremos, al correo electr\u00f3nico que haya registrado, los enlaces para acceder al congreso. Por &hellip; <\/p>\n<p class=\"link-more\"><a href=\"https:\/\/www.unica.edu.pe\/noticias\/2021\/05\/26\/ultimo-dia-de-inscripcion-para-el-i-congreso-conectados\/\" class=\"more-link\">Continuar leyendo<span class=\"screen-reader-text\"> \u00ab\u00daltimo d\u00eda de inscripci\u00f3n para el I Congreso Conectados\u00bb<\/span><\/a><\/p>\n","protected":false},"author":1,"featured_media":0,"comment_status":"open","ping_status":"open","sticky":false,"template":"","format":"standard","meta":{"footnotes":""},"categories":[1],"tags":[],"class_list":["post-9696","post","type-post","status-publish","format-standard","hentry","category-sin-categoria"],"_links":{"self":[{"href":"https:\/\/www.unica.edu.pe\/noticias\/wp-json\/wp\/v2\/posts\/9696","targetHints":{"allow":["GET"]}}],"collection":[{"href":"https:\/\/www.unica.edu.pe\/noticias\/wp-json\/wp\/v2\/posts"}],"about":[{"href":"https:\/\/www.unica.edu.pe\/noticias\/wp-json\/wp\/v2\/types\/post"}],"author":[{"embeddable":true,"href":"https:\/\/www.unica.edu.pe\/noticias\/wp-json\/wp\/v2\/users\/1"}],"replies":[{"embeddable":true,"href":"https:\/\/www.unica.edu.pe\/noticias\/wp-json\/wp\/v2\/comments?post=9696"}],"version-history":[{"count":1,"href":"https:\/\/www.unica.edu.pe\/noticias\/wp-json\/wp\/v2\/posts\/9696\/revisions"}],"predecessor-version":[{"id":9698,"href":"https:\/\/www.unica.edu.pe\/noticias\/wp-json\/wp\/v2\/posts\/9696\/revisions\/9698"}],"wp:attachment":[{"href":"https:\/\/www.unica.edu.pe\/noticias\/wp-json\/wp\/v2\/media?parent=9696"}],"wp:term":[{"taxonomy":"category","embeddable":true,"href":"https:\/\/www.unica.edu.pe\/noticias\/wp-json\/wp\/v2\/categories?post=9696"},{"taxonomy":"post_tag","embeddable":true,"href":"https:\/\/www.unica.edu.pe\/noticias\/wp-json\/wp\/v2\/tags?post=9696"}],"curies":[{"name":"wp","href":"https:\/\/api.w.org\/{rel}","templated":true}]}}