{"id":9554,"date":"2021-04-29T22:07:29","date_gmt":"2021-04-29T22:07:29","guid":{"rendered":"http:\/\/www.unica.edu.pe\/noticias\/?p=9554"},"modified":"2021-04-29T22:07:29","modified_gmt":"2021-04-29T22:07:29","slug":"ii-ciclo-de-conferencias-patrimonio-de-icael-2","status":"publish","type":"post","link":"https:\/\/www.unica.edu.pe\/noticias\/2021\/04\/29\/ii-ciclo-de-conferencias-patrimonio-de-icael-2\/","title":{"rendered":"II CICLO DE CONFERENCIAS: PATRIMONIO DE ICAEl"},"content":{"rendered":"\n<p class=\"wp-block-paragraph\"><a href=\"https:\/\/www.facebook.com\/hashtag\/semilleros?__eep__=6&amp;__cft__[0]=AZVOWaTvD5q-nHoMiqKLWtQQsqNWV6o1ksl5RnWFI7hWlS_itMduyfTyzULgB1hvI1SY_Nce64WfM7kljt9vlwExqrGlMbYbgaQDBMqgUV61TKm1GFR9YXrKv7ULggUQdy0PGyeWkX1zh638oCKwOe0-iN82YYcZoqxMnJYsHCkW-Iok0NVPRnaRq_yHILGFVO8&amp;__tn__=*NK-R\">#Semilleros<\/a> | II CICLO DE CONFERENCIAS: PATRIMONIO DE ICAEl Semillero de investigaci\u00f3n \u00abInvestigaci\u00f3n y Progreso\u00bb de la carrera dearqueolog\u00eda de la Universidad Nacional \u00abSan Luis Gonzaga\u00bb de Ica, Per\u00fa. Les invita a la ponencia: T\u00edtulo: \u00abProcesos de entierro en el cementerio Paracas Necr\u00f3polis de Wari Kayan, Ica, Per\u00fa\u00bb.Ponente: Lic. Delia Aponte Miranda.Hora: 12 P. M. (Per\u00fa).Transmisi\u00f3n v\u00eda: Zoom y Facebook Live.Inscripciones y certificados: <a rel=\"noreferrer noopener\" href=\"https:\/\/forms.gle\/mcVndsvMNtuoh9Kt6?fbclid=IwAR1q25egI4vYNPz-zCPwIDht-hDxbHL_GhXhsoyiDl7wRvt1UVq4lMdXVn4\" target=\"_blank\">https:\/\/forms.gle\/mcVndsvMNtuoh9Kt6<\/a>Programaci\u00f3n del \u00abII Ciclo de Conferencias: Patrimonio de Ica\u00bb:<a href=\"https:\/\/www.facebook.com\/sem.investpro\/posts\/285743989829946?__cft__[0]=AZVOWaTvD5q-nHoMiqKLWtQQsqNWV6o1ksl5RnWFI7hWlS_itMduyfTyzULgB1hvI1SY_Nce64WfM7kljt9vlwExqrGlMbYbgaQDBMqgUV61TKm1GFR9YXrKv7ULggUQdy0PGyeWkX1zh638oCKwOe0-iN82YYcZoqxMnJYsHCkW-Iok0NVPRnaRq_yHILGFVO8&amp;__tn__=-UK-R\">https:\/\/www.facebook.com\/101500881587592\/posts\/285743989829946\/?d=n<\/a><a href=\"https:\/\/www.facebook.com\/hashtag\/arqueolog%C3%ADa?__eep__=6&amp;__cft__[0]=AZVOWaTvD5q-nHoMiqKLWtQQsqNWV6o1ksl5RnWFI7hWlS_itMduyfTyzULgB1hvI1SY_Nce64WfM7kljt9vlwExqrGlMbYbgaQDBMqgUV61TKm1GFR9YXrKv7ULggUQdy0PGyeWkX1zh638oCKwOe0-iN82YYcZoqxMnJYsHCkW-Iok0NVPRnaRq_yHILGFVO8&amp;__tn__=*NK-R\">#Arqueolog\u00eda<\/a><a href=\"https:\/\/www.facebook.com\/hashtag\/ica?__eep__=6&amp;__cft__[0]=AZVOWaTvD5q-nHoMiqKLWtQQsqNWV6o1ksl5RnWFI7hWlS_itMduyfTyzULgB1hvI1SY_Nce64WfM7kljt9vlwExqrGlMbYbgaQDBMqgUV61TKm1GFR9YXrKv7ULggUQdy0PGyeWkX1zh638oCKwOe0-iN82YYcZoqxMnJYsHCkW-Iok0NVPRnaRq_yHILGFVO8&amp;__tn__=*NK-R\">#Ica<\/a><a href=\"https:\/\/www.facebook.com\/hashtag\/fardos?__eep__=6&amp;__cft__[0]=AZVOWaTvD5q-nHoMiqKLWtQQsqNWV6o1ksl5RnWFI7hWlS_itMduyfTyzULgB1hvI1SY_Nce64WfM7kljt9vlwExqrGlMbYbgaQDBMqgUV61TKm1GFR9YXrKv7ULggUQdy0PGyeWkX1zh638oCKwOe0-iN82YYcZoqxMnJYsHCkW-Iok0NVPRnaRq_yHILGFVO8&amp;__tn__=*NK-R\">#Fardos<\/a><a href=\"https:\/\/www.facebook.com\/hashtag\/warikayan?__eep__=6&amp;__cft__[0]=AZVOWaTvD5q-nHoMiqKLWtQQsqNWV6o1ksl5RnWFI7hWlS_itMduyfTyzULgB1hvI1SY_Nce64WfM7kljt9vlwExqrGlMbYbgaQDBMqgUV61TKm1GFR9YXrKv7ULggUQdy0PGyeWkX1zh638oCKwOe0-iN82YYcZoqxMnJYsHCkW-Iok0NVPRnaRq_yHILGFVO8&amp;__tn__=*NK-R\">#WariKayan<\/a><\/p>\n\n\n\n<figure class=\"wp-block-image size-large\"><img loading=\"lazy\" decoding=\"async\" width=\"724\" height=\"1024\" src=\"https:\/\/www.unica.edu.pe\/noticias\/wp-content\/uploads\/2021\/04\/175380228_287446732993005_5576352332463890315_n-1.jpg\" alt=\"\" class=\"wp-image-9555\" srcset=\"https:\/\/www.unica.edu.pe\/noticias\/wp-content\/uploads\/2021\/04\/175380228_287446732993005_5576352332463890315_n-1.jpg 724w, https:\/\/www.unica.edu.pe\/noticias\/wp-content\/uploads\/2021\/04\/175380228_287446732993005_5576352332463890315_n-1-212x300.jpg 212w\" sizes=\"auto, (max-width: 724px) 100vw, 724px\" \/><\/figure>\n","protected":false},"excerpt":{"rendered":"<p>#Semilleros | II CICLO DE CONFERENCIAS: PATRIMONIO DE ICAEl Semillero de investigaci\u00f3n \u00abInvestigaci\u00f3n y Progreso\u00bb de la carrera dearqueolog\u00eda de la Universidad Nacional \u00abSan Luis Gonzaga\u00bb de Ica, Per\u00fa. Les invita a la ponencia: T\u00edtulo: \u00abProcesos de entierro en el cementerio Paracas Necr\u00f3polis de Wari Kayan, Ica, Per\u00fa\u00bb.Ponente: Lic. Delia Aponte Miranda.Hora: 12 P. M. &hellip; <\/p>\n<p class=\"link-more\"><a href=\"https:\/\/www.unica.edu.pe\/noticias\/2021\/04\/29\/ii-ciclo-de-conferencias-patrimonio-de-icael-2\/\" class=\"more-link\">Continuar leyendo<span class=\"screen-reader-text\"> \u00abII CICLO DE CONFERENCIAS: PATRIMONIO DE ICAEl\u00bb<\/span><\/a><\/p>\n","protected":false},"author":1,"featured_media":0,"comment_status":"open","ping_status":"open","sticky":false,"template":"","format":"standard","meta":{"footnotes":""},"categories":[1],"tags":[],"class_list":["post-9554","post","type-post","status-publish","format-standard","hentry","category-sin-categoria"],"_links":{"self":[{"href":"https:\/\/www.unica.edu.pe\/noticias\/wp-json\/wp\/v2\/posts\/9554","targetHints":{"allow":["GET"]}}],"collection":[{"href":"https:\/\/www.unica.edu.pe\/noticias\/wp-json\/wp\/v2\/posts"}],"about":[{"href":"https:\/\/www.unica.edu.pe\/noticias\/wp-json\/wp\/v2\/types\/post"}],"author":[{"embeddable":true,"href":"https:\/\/www.unica.edu.pe\/noticias\/wp-json\/wp\/v2\/users\/1"}],"replies":[{"embeddable":true,"href":"https:\/\/www.unica.edu.pe\/noticias\/wp-json\/wp\/v2\/comments?post=9554"}],"version-history":[{"count":1,"href":"https:\/\/www.unica.edu.pe\/noticias\/wp-json\/wp\/v2\/posts\/9554\/revisions"}],"predecessor-version":[{"id":9556,"href":"https:\/\/www.unica.edu.pe\/noticias\/wp-json\/wp\/v2\/posts\/9554\/revisions\/9556"}],"wp:attachment":[{"href":"https:\/\/www.unica.edu.pe\/noticias\/wp-json\/wp\/v2\/media?parent=9554"}],"wp:term":[{"taxonomy":"category","embeddable":true,"href":"https:\/\/www.unica.edu.pe\/noticias\/wp-json\/wp\/v2\/categories?post=9554"},{"taxonomy":"post_tag","embeddable":true,"href":"https:\/\/www.unica.edu.pe\/noticias\/wp-json\/wp\/v2\/tags?post=9554"}],"curies":[{"name":"wp","href":"https:\/\/api.w.org\/{rel}","templated":true}]}}