{"id":8990,"date":"2021-02-19T23:44:00","date_gmt":"2021-02-19T23:44:00","guid":{"rendered":"http:\/\/www.unica.edu.pe\/noticias\/?p=8990"},"modified":"2021-02-21T02:13:11","modified_gmt":"2021-02-21T02:13:11","slug":"facultad-de-enfermeria-realizo-ceremonia-virtual-de-clausura-de-practicas-pre-profesionales","status":"publish","type":"post","link":"https:\/\/www.unica.edu.pe\/noticias\/2021\/02\/19\/facultad-de-enfermeria-realizo-ceremonia-virtual-de-clausura-de-practicas-pre-profesionales\/","title":{"rendered":"Facultad de Enfermer\u00eda realiz\u00f3 ceremonia virtual de Clausura de Pr\u00e1cticas Pre Profesionales"},"content":{"rendered":"\n<p><a href=\"https:\/\/www.facebook.com\/hashtag\/enfermeria?__eep__=6&amp;__cft__[0]=AZXHuiNo4S31E9bnUKb2ug9gKr8kSKFvaF0TqJ-n5fWbwt2meX4gJ7YfXJN5spTgt7oYP9CN5N4l9qKHgybpOvcS1R_3KUesNR3zISDbER2bfHhU9jUfIolqBF4X4vF1_fNdsaYNHWc83x1auvSaAsk405gjwQusqlwOumo2bOTA4DjGePX2in9qq8psldCI4gg&amp;__tn__=*NK-R\">#Enfermeria<\/a><\/p>\n\n\n\n<p><a href=\"https:\/\/www.facebook.com\/hashtag\/practicaspreprofesionales?__eep__=6&amp;__cft__[0]=AZXHuiNo4S31E9bnUKb2ug9gKr8kSKFvaF0TqJ-n5fWbwt2meX4gJ7YfXJN5spTgt7oYP9CN5N4l9qKHgybpOvcS1R_3KUesNR3zISDbER2bfHhU9jUfIolqBF4X4vF1_fNdsaYNHWc83x1auvSaAsk405gjwQusqlwOumo2bOTA4DjGePX2in9qq8psldCI4gg&amp;__tn__=*NK-R\">#PracticasPreProfesionales<\/a><\/p>\n\n\n\n<p>Hace instantes la facultad de Enfermer\u00eda realiz\u00f3 ceremonia virtual de Clausura de Pr\u00e1cticas Pre Profesionales del IX y X ciclo, este acto cont\u00f3 con la presencia de la decana de la facultad, Dra. Alejandrina Bertha Pebes Mendoza, autoridades de la facultad, estudiantes del IX y X ciclo acompa\u00f1ados por sus familiares.<\/p>\n\n\n\n<p>Durante la ceremonia virtual, se destac\u00f3 los diversos aspectos aprendidos en las aulas universitarias y que las trasladaron en sus pr\u00e1cticas en los diversos establecimientos de salud en toda la regi\u00f3n, convirti\u00e9ndose estos en la primera experiencia en el desempe\u00f1o de su carrera profesional, posteriormente se realizo la entrega de sus respectivos diplomas, las cuales fueron entregadas por sus familiares.<\/p>\n\n\n\n<p>Dicha ceremonia tambi\u00e9n fue la despedida de los estudiantes del X ciclo, la Dra Bertha Pebes decana de la facultad les deseo el mejor de los \u00e9xitos a los estudiantes que en poco tiempo se convertir\u00e1n en sus colegas, visiblemente emocionada concluyo diciendo que est\u00e1 muy orgullosa del desempe\u00f1o obtenido por cada uno de ellos al culminar sus pr\u00e1cticas Pre Profesionales.<\/p>\n\n\n\n<figure class=\"wp-block-image size-large\"><img loading=\"lazy\" decoding=\"async\" width=\"1024\" height=\"543\" src=\"https:\/\/www.unica.edu.pe\/noticias\/wp-content\/uploads\/2021\/02\/201-1024x543.png\" alt=\"\" class=\"wp-image-8991\" srcset=\"https:\/\/www.unica.edu.pe\/noticias\/wp-content\/uploads\/2021\/02\/201-1024x543.png 1024w, https:\/\/www.unica.edu.pe\/noticias\/wp-content\/uploads\/2021\/02\/201-300x159.png 300w, https:\/\/www.unica.edu.pe\/noticias\/wp-content\/uploads\/2021\/02\/201-768x407.png 768w, https:\/\/www.unica.edu.pe\/noticias\/wp-content\/uploads\/2021\/02\/201.png 1348w\" sizes=\"auto, (max-width: 767px) 89vw, (max-width: 1000px) 54vw, (max-width: 1071px) 543px, 580px\" \/><\/figure>\n\n\n\n<figure class=\"wp-block-image size-large\"><img loading=\"lazy\" decoding=\"async\" width=\"1024\" height=\"519\" src=\"https:\/\/www.unica.edu.pe\/noticias\/wp-content\/uploads\/2021\/02\/202-1024x519.png\" alt=\"\" class=\"wp-image-8993\" srcset=\"https:\/\/www.unica.edu.pe\/noticias\/wp-content\/uploads\/2021\/02\/202-1024x519.png 1024w, https:\/\/www.unica.edu.pe\/noticias\/wp-content\/uploads\/2021\/02\/202-300x152.png 300w, https:\/\/www.unica.edu.pe\/noticias\/wp-content\/uploads\/2021\/02\/202-768x389.png 768w, https:\/\/www.unica.edu.pe\/noticias\/wp-content\/uploads\/2021\/02\/202.png 1351w\" sizes=\"auto, (max-width: 767px) 89vw, (max-width: 1000px) 54vw, (max-width: 1071px) 543px, 580px\" \/><\/figure>\n\n\n\n<figure class=\"wp-block-image size-large\"><img loading=\"lazy\" decoding=\"async\" width=\"1024\" height=\"519\" src=\"https:\/\/www.unica.edu.pe\/noticias\/wp-content\/uploads\/2021\/02\/203-1024x519.jpg\" alt=\"\" class=\"wp-image-8992\" srcset=\"https:\/\/www.unica.edu.pe\/noticias\/wp-content\/uploads\/2021\/02\/203-1024x519.jpg 1024w, https:\/\/www.unica.edu.pe\/noticias\/wp-content\/uploads\/2021\/02\/203-300x152.jpg 300w, https:\/\/www.unica.edu.pe\/noticias\/wp-content\/uploads\/2021\/02\/203-768x389.jpg 768w, https:\/\/www.unica.edu.pe\/noticias\/wp-content\/uploads\/2021\/02\/203.jpg 1361w\" sizes=\"auto, (max-width: 767px) 89vw, (max-width: 1000px) 54vw, (max-width: 1071px) 543px, 580px\" \/><\/figure>\n\n\n\n<figure class=\"wp-block-image size-large\"><img loading=\"lazy\" decoding=\"async\" width=\"1024\" height=\"543\" src=\"https:\/\/www.unica.edu.pe\/noticias\/wp-content\/uploads\/2021\/02\/204-1024x543.jpg\" alt=\"\" class=\"wp-image-8994\" srcset=\"https:\/\/www.unica.edu.pe\/noticias\/wp-content\/uploads\/2021\/02\/204-1024x543.jpg 1024w, https:\/\/www.unica.edu.pe\/noticias\/wp-content\/uploads\/2021\/02\/204-300x159.jpg 300w, https:\/\/www.unica.edu.pe\/noticias\/wp-content\/uploads\/2021\/02\/204-768x408.jpg 768w, https:\/\/www.unica.edu.pe\/noticias\/wp-content\/uploads\/2021\/02\/204.jpg 1353w\" sizes=\"auto, (max-width: 767px) 89vw, (max-width: 1000px) 54vw, (max-width: 1071px) 543px, 580px\" \/><\/figure>\n\n\n\n<figure class=\"wp-block-image size-large\"><img loading=\"lazy\" decoding=\"async\" width=\"1024\" height=\"523\" src=\"https:\/\/www.unica.edu.pe\/noticias\/wp-content\/uploads\/2021\/02\/205-1024x523.png\" alt=\"\" class=\"wp-image-8995\" srcset=\"https:\/\/www.unica.edu.pe\/noticias\/wp-content\/uploads\/2021\/02\/205-1024x523.png 1024w, https:\/\/www.unica.edu.pe\/noticias\/wp-content\/uploads\/2021\/02\/205-300x153.png 300w, https:\/\/www.unica.edu.pe\/noticias\/wp-content\/uploads\/2021\/02\/205-768x392.png 768w, https:\/\/www.unica.edu.pe\/noticias\/wp-content\/uploads\/2021\/02\/205.png 1363w\" sizes=\"auto, (max-width: 767px) 89vw, (max-width: 1000px) 54vw, (max-width: 1071px) 543px, 580px\" \/><\/figure>\n\n\n\n<figure class=\"wp-block-image size-large\"><img loading=\"lazy\" decoding=\"async\" width=\"1024\" height=\"522\" src=\"https:\/\/www.unica.edu.pe\/noticias\/wp-content\/uploads\/2021\/02\/206-1024x522.png\" alt=\"\" class=\"wp-image-8996\" srcset=\"https:\/\/www.unica.edu.pe\/noticias\/wp-content\/uploads\/2021\/02\/206-1024x522.png 1024w, https:\/\/www.unica.edu.pe\/noticias\/wp-content\/uploads\/2021\/02\/206-300x153.png 300w, https:\/\/www.unica.edu.pe\/noticias\/wp-content\/uploads\/2021\/02\/206-768x392.png 768w, https:\/\/www.unica.edu.pe\/noticias\/wp-content\/uploads\/2021\/02\/206.png 1357w\" sizes=\"auto, (max-width: 767px) 89vw, (max-width: 1000px) 54vw, (max-width: 1071px) 543px, 580px\" \/><\/figure>\n\n\n\n<figure class=\"wp-block-image size-large\"><img loading=\"lazy\" decoding=\"async\" width=\"1024\" height=\"518\" src=\"https:\/\/www.unica.edu.pe\/noticias\/wp-content\/uploads\/2021\/02\/207-1024x518.png\" alt=\"\" class=\"wp-image-9007\" srcset=\"https:\/\/www.unica.edu.pe\/noticias\/wp-content\/uploads\/2021\/02\/207-1024x518.png 1024w, https:\/\/www.unica.edu.pe\/noticias\/wp-content\/uploads\/2021\/02\/207-300x152.png 300w, https:\/\/www.unica.edu.pe\/noticias\/wp-content\/uploads\/2021\/02\/207-768x388.png 768w, https:\/\/www.unica.edu.pe\/noticias\/wp-content\/uploads\/2021\/02\/207.png 1351w\" sizes=\"auto, (max-width: 767px) 89vw, (max-width: 1000px) 54vw, (max-width: 1071px) 543px, 580px\" \/><\/figure>\n","protected":false},"excerpt":{"rendered":"<p>#Enfermeria #PracticasPreProfesionales Hace instantes la facultad de Enfermer\u00eda realiz\u00f3 ceremonia virtual de Clausura de Pr\u00e1cticas Pre Profesionales del IX y X ciclo, este acto cont\u00f3 con la presencia de la decana de la facultad, Dra. Alejandrina Bertha Pebes Mendoza, autoridades de la facultad, estudiantes del IX y X ciclo acompa\u00f1ados por sus familiares. Durante la &hellip; <\/p>\n<p class=\"link-more\"><a href=\"https:\/\/www.unica.edu.pe\/noticias\/2021\/02\/19\/facultad-de-enfermeria-realizo-ceremonia-virtual-de-clausura-de-practicas-pre-profesionales\/\" class=\"more-link\">Continuar leyendo<span class=\"screen-reader-text\"> \u00abFacultad de Enfermer\u00eda realiz\u00f3 ceremonia virtual de Clausura de Pr\u00e1cticas Pre Profesionales\u00bb<\/span><\/a><\/p>\n","protected":false},"author":1,"featured_media":0,"comment_status":"open","ping_status":"open","sticky":false,"template":"","format":"standard","meta":{"footnotes":""},"categories":[7],"tags":[],"class_list":["post-8990","post","type-post","status-publish","format-standard","hentry","category-noticias"],"_links":{"self":[{"href":"https:\/\/www.unica.edu.pe\/noticias\/wp-json\/wp\/v2\/posts\/8990","targetHints":{"allow":["GET"]}}],"collection":[{"href":"https:\/\/www.unica.edu.pe\/noticias\/wp-json\/wp\/v2\/posts"}],"about":[{"href":"https:\/\/www.unica.edu.pe\/noticias\/wp-json\/wp\/v2\/types\/post"}],"author":[{"embeddable":true,"href":"https:\/\/www.unica.edu.pe\/noticias\/wp-json\/wp\/v2\/users\/1"}],"replies":[{"embeddable":true,"href":"https:\/\/www.unica.edu.pe\/noticias\/wp-json\/wp\/v2\/comments?post=8990"}],"version-history":[{"count":2,"href":"https:\/\/www.unica.edu.pe\/noticias\/wp-json\/wp\/v2\/posts\/8990\/revisions"}],"predecessor-version":[{"id":9008,"href":"https:\/\/www.unica.edu.pe\/noticias\/wp-json\/wp\/v2\/posts\/8990\/revisions\/9008"}],"wp:attachment":[{"href":"https:\/\/www.unica.edu.pe\/noticias\/wp-json\/wp\/v2\/media?parent=8990"}],"wp:term":[{"taxonomy":"category","embeddable":true,"href":"https:\/\/www.unica.edu.pe\/noticias\/wp-json\/wp\/v2\/categories?post=8990"},{"taxonomy":"post_tag","embeddable":true,"href":"https:\/\/www.unica.edu.pe\/noticias\/wp-json\/wp\/v2\/tags?post=8990"}],"curies":[{"name":"wp","href":"https:\/\/api.w.org\/{rel}","templated":true}]}}