{"id":6838,"date":"2020-08-20T15:00:18","date_gmt":"2020-08-20T15:00:18","guid":{"rendered":"http:\/\/www.unica.edu.pe\/noticias\/?p=6838"},"modified":"2020-08-23T22:19:18","modified_gmt":"2020-08-23T22:19:18","slug":"20-de-agosto-bicentenario-del-desembarco-de-la-expedicion-libertadora","status":"publish","type":"post","link":"https:\/\/www.unica.edu.pe\/noticias\/2020\/08\/20\/20-de-agosto-bicentenario-del-desembarco-de-la-expedicion-libertadora\/","title":{"rendered":"20 de agosto bicentenario del desembarco de la expedici\u00f3n libertadora"},"content":{"rendered":"<p><a class=\"_58cn\" href=\"https:\/\/www.facebook.com\/hashtag\/primeromisalud?__eep__=6&amp;source=feed_text&amp;epa=HASHTAG&amp;__xts__%5B0%5D=68.ARBJdKXMuDpMCRbaQm_7zqMxiV2-p4QFauWFRzsi6caGodBpmFDEVVYbjqcQCCIetfZ5rscs9lfFtgFONeGHvTMkD8oeNBSUhmbQajXtFS7RGaYxm1w59OWhZCWhdIWnzl2lcPuqZqWQTAZHfE5BMOJwnRSzyenk1TnAvzw57P5a7ms1Zdop307NbeUHL7DQUR4c2bhhu6bUEO6aoNKlzoKV2GIiLjlcB4K_wYMy0FBjBTmPT39rWbIdXRB3pi9bddtpfvu7D93j8FylYxmnr99D67KFoAJueu0lW7r4cfMyiSBSUlVyw-tQRslwaVUeQIbxgkjYE9SNdCHEO_jlFAiWhw&amp;__tn__=%2ANK-R\" data-ft=\"{&quot;type&quot;:104,&quot;tn&quot;:&quot;*N&quot;}\"><span class=\"_5afx\"><span class=\"_58cl _5afz\" aria-label=\"hashtag\">#<\/span><span class=\"_58cm\">PrimeroMiSalud<\/span><\/span><\/a><br \/>\n<a class=\"_58cn\" href=\"https:\/\/www.facebook.com\/hashtag\/bicentenario?__eep__=6&amp;source=feed_text&amp;epa=HASHTAG&amp;__xts__%5B0%5D=68.ARBJdKXMuDpMCRbaQm_7zqMxiV2-p4QFauWFRzsi6caGodBpmFDEVVYbjqcQCCIetfZ5rscs9lfFtgFONeGHvTMkD8oeNBSUhmbQajXtFS7RGaYxm1w59OWhZCWhdIWnzl2lcPuqZqWQTAZHfE5BMOJwnRSzyenk1TnAvzw57P5a7ms1Zdop307NbeUHL7DQUR4c2bhhu6bUEO6aoNKlzoKV2GIiLjlcB4K_wYMy0FBjBTmPT39rWbIdXRB3pi9bddtpfvu7D93j8FylYxmnr99D67KFoAJueu0lW7r4cfMyiSBSUlVyw-tQRslwaVUeQIbxgkjYE9SNdCHEO_jlFAiWhw&amp;__tn__=%2ANK-R\" data-ft=\"{&quot;type&quot;:104,&quot;tn&quot;:&quot;*N&quot;}\"><span class=\"_5afx\"><span class=\"_58cl _5afz\" aria-label=\"hashtag\">#<\/span><span class=\"_58cm\">Bicentenario<\/span><\/span><\/a>\u00a0<span class=\"_5mfr\"><span class=\"_6qdm\">\ud83c\uddf5\ud83c\uddea<\/span><\/span><br \/>\nUn 20 de agosto de 1820, zarp\u00f3 la hist\u00f3rica fuerza naval rumbo al Per\u00fa. Ya falta poco para que la regi\u00f3n Ica y el Per\u00fa conmemore el bicentenario del desembarco de la expedici\u00f3n libertadora en las playas de Paracas.<br \/>\nMas informaci\u00f3n aqu\u00ed:\u00a0<a href=\"https:\/\/bit.ly\/34kUdh9?fbclid=IwAR3211B6d_vzwKymIZonzKaUMmjceuH83nrpErrUkrtNwXA7TcCDW6iQWco\" target=\"_blank\" rel=\"noopener nofollow\" data-ft=\"{&quot;tn&quot;:&quot;-U&quot;}\" data-lynx-mode=\"async\" data-lynx-uri=\"https:\/\/l.facebook.com\/l.php?u=https%3A%2F%2Fbit.ly%2F34kUdh9%3Ffbclid%3DIwAR3211B6d_vzwKymIZonzKaUMmjceuH83nrpErrUkrtNwXA7TcCDW6iQWco&amp;h=AT3owazj4IrysTZ5U7NNhVQzGJEdTQJLMHAT7k--gzWEFa9sAGs48ZWp-IPxdpu6EGSvMQTydgz2sHt6xVPAuR6p0j6mPBpKtKnzqNCfKTuKsSHPUiGdMrflqt73bkLn6EIsMhs3H_ZN4-pXz8smf1mEjHkT8mjaYs2LR3utU0L3qayVq7t36lbMZTXiLMPf-6FGyIBb77gfGQHx5gMIjfhdz3QCdWWHo1G4VpkdWzVU6GWGOa9OX2Glrbf9Re0vDmag8N7jfIYiDFQEa06GY7TxOjDnWjCipwfdPprAryRiI6uDOqkjP_Q75uLQ8XATK79usgNopLSf-derTNfcJL5rNoflUyMEWG8MVMu3mrDVN44SCIeBx3bMFUVib5gla6zEoHMSZmKUn3kHaWhup_EqPVD44Q3SBL3pHtkzJypHohNI1C870j3MQI1mFKbPPorDNywrEf02KmcVw9K4yrckUqx4dPXfLDFkmydUOdjU-V_sYhlXV1gM3St1-HlSrwKFouKQmIu1f-U5MnKvrEyTXX7BkJSye4YmGLAKIoxl97IfC0Se-MD147tODgwDbpRZdSx5h8rtvICDnIp6_J4pypZyebbJmkXhufajUvfQcaYU2dkKBdhYtsU_dKco_qA\">https:\/\/bit.ly\/34kUdh9<\/a><\/p>\n<p><img loading=\"lazy\" decoding=\"async\" class=\"alignnone size-medium wp-image-6839\" src=\"https:\/\/www.unica.edu.pe\/noticias\/wp-content\/uploads\/2020\/08\/315-300x207.jpg\" alt=\"\" width=\"300\" height=\"207\" srcset=\"https:\/\/www.unica.edu.pe\/noticias\/wp-content\/uploads\/2020\/08\/315-300x207.jpg 300w, https:\/\/www.unica.edu.pe\/noticias\/wp-content\/uploads\/2020\/08\/315-768x530.jpg 768w, https:\/\/www.unica.edu.pe\/noticias\/wp-content\/uploads\/2020\/08\/315.jpg 960w\" sizes=\"auto, (max-width: 300px) 100vw, 300px\" \/><\/p>\n","protected":false},"excerpt":{"rendered":"<p>#PrimeroMiSalud #Bicentenario\u00a0\ud83c\uddf5\ud83c\uddea Un 20 de agosto de 1820, zarp\u00f3 la hist\u00f3rica fuerza naval rumbo al Per\u00fa. Ya falta poco para que la regi\u00f3n Ica y el Per\u00fa conmemore el bicentenario del desembarco de la expedici\u00f3n libertadora en las playas de Paracas. Mas informaci\u00f3n aqu\u00ed:\u00a0https:\/\/bit.ly\/34kUdh9<\/p>\n","protected":false},"author":1,"featured_media":0,"comment_status":"open","ping_status":"open","sticky":false,"template":"","format":"standard","meta":{"footnotes":""},"categories":[1],"tags":[],"class_list":["post-6838","post","type-post","status-publish","format-standard","hentry","category-sin-categoria"],"_links":{"self":[{"href":"https:\/\/www.unica.edu.pe\/noticias\/wp-json\/wp\/v2\/posts\/6838","targetHints":{"allow":["GET"]}}],"collection":[{"href":"https:\/\/www.unica.edu.pe\/noticias\/wp-json\/wp\/v2\/posts"}],"about":[{"href":"https:\/\/www.unica.edu.pe\/noticias\/wp-json\/wp\/v2\/types\/post"}],"author":[{"embeddable":true,"href":"https:\/\/www.unica.edu.pe\/noticias\/wp-json\/wp\/v2\/users\/1"}],"replies":[{"embeddable":true,"href":"https:\/\/www.unica.edu.pe\/noticias\/wp-json\/wp\/v2\/comments?post=6838"}],"version-history":[{"count":1,"href":"https:\/\/www.unica.edu.pe\/noticias\/wp-json\/wp\/v2\/posts\/6838\/revisions"}],"predecessor-version":[{"id":6840,"href":"https:\/\/www.unica.edu.pe\/noticias\/wp-json\/wp\/v2\/posts\/6838\/revisions\/6840"}],"wp:attachment":[{"href":"https:\/\/www.unica.edu.pe\/noticias\/wp-json\/wp\/v2\/media?parent=6838"}],"wp:term":[{"taxonomy":"category","embeddable":true,"href":"https:\/\/www.unica.edu.pe\/noticias\/wp-json\/wp\/v2\/categories?post=6838"},{"taxonomy":"post_tag","embeddable":true,"href":"https:\/\/www.unica.edu.pe\/noticias\/wp-json\/wp\/v2\/tags?post=6838"}],"curies":[{"name":"wp","href":"https:\/\/api.w.org\/{rel}","templated":true}]}}