{"id":6803,"date":"2020-08-19T12:00:25","date_gmt":"2020-08-19T12:00:25","guid":{"rendered":"http:\/\/www.unica.edu.pe\/noticias\/?p=6803"},"modified":"2020-08-20T22:09:37","modified_gmt":"2020-08-20T22:09:37","slug":"taller-artistico-de-danza-filial-nazca","status":"publish","type":"post","link":"https:\/\/www.unica.edu.pe\/noticias\/2020\/08\/19\/taller-artistico-de-danza-filial-nazca\/","title":{"rendered":"Taller Art\u00edstico de Danza &#8211; Filial Nazca"},"content":{"rendered":"<p>La Oficina de Extensi\u00f3n Cultural y Proyecci\u00f3n Social, invita a toda la comunidad universitaria y p\u00fablico en general a inscribirse al Taller Art\u00edstico de Danza &#8211; Filial Nazca a traves del siguiente enlace\u00a0<a href=\"https:\/\/forms.gle\/3e5jfrG4SVB9fDxYA?fbclid=IwAR2xD0LTnWyvnrTV-J5oqSUKmtZEgWKKWf5AKDNjOrwyCkwyTWW0mqY-Lrk\" target=\"_blank\" rel=\"noopener nofollow\" data-ft=\"{&quot;tn&quot;:&quot;-U&quot;}\" data-lynx-mode=\"async\" data-lynx-uri=\"https:\/\/l.facebook.com\/l.php?u=https%3A%2F%2Fforms.gle%2F3e5jfrG4SVB9fDxYA%3Ffbclid%3DIwAR2xD0LTnWyvnrTV-J5oqSUKmtZEgWKKWf5AKDNjOrwyCkwyTWW0mqY-Lrk&amp;h=AT23niXbE9E8d7oFnwPv2QTTCISGhMP725X_OHCT-9ha_OfZTk5sZtYSqZdckmG01IQpvNVA0Lf_tToT-C1HXxM9Nuky6HXPFHWfuSDJ8hqJLRo_E1iEcK8rAwTv8utCkHfWJemcWH-5B7D_YbcSKVbk-2oId58ws3rtcbkyZRaQwm6rAhN78jPsjKOwMgmbO1rEP31Td2jVBMHXU39hSb9EopTAuXG5a2hfBMyqjGVj4YolR7GELZ1Vl5wZ2wnp5hCobKBsBg-b30GYBKy7tHRnZ13FS40mJhOyjjkv4nMKuVmoOHz9iBXUDKxh4cQAnRharCDcAVN3hB406SS4JADFRBlZjSUUBcsxBf28Eu7rwjE-xy-FocS6iGn2RdfHkEwKfMk5kBTgS06eDWtFhuUJlVZf1N6HBUckyOIXsDNWq08vWqxD3ye5fla6-RhvtqgrSQbUEN-0u0EDTIXI2cstAtbzF_IAawL7bI4QX59pRU3No85cFP9os5MqWbFXDVt8o_UBT7Ei8AXeaXjYWloLZhrAgX77vH8ZZiKSb9CtOw53oPfj5waKN59FyVh-BdPdKlru7sRlFAymoYNZrH2rIsAkj9fSFAc0a_A01zD21BTmCZhSM9SJL47EaZzBRTE\">https:\/\/forms.gle\/3e5jfrG4SVB9fDxYA<\/a><\/p>\n<p><img loading=\"lazy\" decoding=\"async\" class=\"alignnone size-medium wp-image-6804\" src=\"https:\/\/www.unica.edu.pe\/noticias\/wp-content\/uploads\/2020\/08\/305-207x300.jpg\" alt=\"\" width=\"207\" height=\"300\" srcset=\"https:\/\/www.unica.edu.pe\/noticias\/wp-content\/uploads\/2020\/08\/305-207x300.jpg 207w, https:\/\/www.unica.edu.pe\/noticias\/wp-content\/uploads\/2020\/08\/305.jpg 663w\" sizes=\"auto, (max-width: 207px) 100vw, 207px\" \/><\/p>\n<p>&nbsp;<\/p>\n","protected":false},"excerpt":{"rendered":"<p>La Oficina de Extensi\u00f3n Cultural y Proyecci\u00f3n Social, invita a toda la comunidad universitaria y p\u00fablico en general a inscribirse al Taller Art\u00edstico de Danza &#8211; Filial Nazca a traves del siguiente enlace\u00a0https:\/\/forms.gle\/3e5jfrG4SVB9fDxYA &nbsp;<\/p>\n","protected":false},"author":1,"featured_media":0,"comment_status":"open","ping_status":"open","sticky":false,"template":"","format":"standard","meta":{"footnotes":""},"categories":[7],"tags":[],"class_list":["post-6803","post","type-post","status-publish","format-standard","hentry","category-noticias"],"_links":{"self":[{"href":"https:\/\/www.unica.edu.pe\/noticias\/wp-json\/wp\/v2\/posts\/6803","targetHints":{"allow":["GET"]}}],"collection":[{"href":"https:\/\/www.unica.edu.pe\/noticias\/wp-json\/wp\/v2\/posts"}],"about":[{"href":"https:\/\/www.unica.edu.pe\/noticias\/wp-json\/wp\/v2\/types\/post"}],"author":[{"embeddable":true,"href":"https:\/\/www.unica.edu.pe\/noticias\/wp-json\/wp\/v2\/users\/1"}],"replies":[{"embeddable":true,"href":"https:\/\/www.unica.edu.pe\/noticias\/wp-json\/wp\/v2\/comments?post=6803"}],"version-history":[{"count":1,"href":"https:\/\/www.unica.edu.pe\/noticias\/wp-json\/wp\/v2\/posts\/6803\/revisions"}],"predecessor-version":[{"id":6805,"href":"https:\/\/www.unica.edu.pe\/noticias\/wp-json\/wp\/v2\/posts\/6803\/revisions\/6805"}],"wp:attachment":[{"href":"https:\/\/www.unica.edu.pe\/noticias\/wp-json\/wp\/v2\/media?parent=6803"}],"wp:term":[{"taxonomy":"category","embeddable":true,"href":"https:\/\/www.unica.edu.pe\/noticias\/wp-json\/wp\/v2\/categories?post=6803"},{"taxonomy":"post_tag","embeddable":true,"href":"https:\/\/www.unica.edu.pe\/noticias\/wp-json\/wp\/v2\/tags?post=6803"}],"curies":[{"name":"wp","href":"https:\/\/api.w.org\/{rel}","templated":true}]}}