{"id":6800,"date":"2020-08-19T10:30:35","date_gmt":"2020-08-19T10:30:35","guid":{"rendered":"http:\/\/www.unica.edu.pe\/noticias\/?p=6800"},"modified":"2020-08-20T22:04:00","modified_gmt":"2020-08-20T22:04:00","slug":"anunciamos-la-convocatoria-nacional-para-la-primera-mesa-de-investigaciones-estudiantiles","status":"publish","type":"post","link":"https:\/\/www.unica.edu.pe\/noticias\/2020\/08\/19\/anunciamos-la-convocatoria-nacional-para-la-primera-mesa-de-investigaciones-estudiantiles\/","title":{"rendered":"ANUNCIAMOS LA CONVOCATORIA NACIONAL PARA LA PRIMERA MESA DE INVESTIGACIONES ESTUDIANTILES"},"content":{"rendered":"<p>&nbsp;<\/p>\n<p>\u00bfTienes una investigaci\u00f3n, pero no tienes el espacio para<span class=\"text_exposed_show\">\u00a0difundirla?<br \/>\n\u00bfCrees que la investigaci\u00f3n peruana\u00a0<span class=\"_5mfr\"><span class=\"_6qdm\">\ud83c\uddf5\ud83c\uddea<\/span><\/span>\u00a0necesita m\u00e1s difusi\u00f3n?<br \/>\n\u00bfQuieres demostrar que los estudiantes S\u00cd investigan?\u00a0<span class=\"_5mfr\"><span class=\"_6qdm\">\ud83d\udd0d<\/span><\/span><br \/>\n\u00a1FORMA PARTE DE LA PRIMERA MESA DE INVESTIGACIONES ESTUDIANTILES!<\/span><\/p>\n<div class=\"text_exposed_show\">\n<p><span class=\"_5mfr\"><span class=\"_6qdm\">\ud83d\udd34<\/span><\/span>\u00a0Creemos firmemente en la difusi\u00f3n cultural y acad\u00e9mica como claves en el desarrollo del pa\u00eds, as\u00ed como el brindar espacios de di\u00e1logo a los estudiantes de educaci\u00f3n superior donde se puedan compartir experiencias y conocimientos.<\/p>\n<p><span class=\"_5mfr\"><span class=\"_6qdm\">\ud83d\udd34<\/span><\/span>Por ello, con mucha emoci\u00f3n y agradecimiento a todos nuestros compa\u00f1eros y seguidores anunciamos nuestra gran convocatoria a nivel nacional\u00a0<span class=\"_5mfr\"><span class=\"_6qdm\">\ud83c\uddf5\ud83c\uddea<\/span><\/span>\u00a0para participar de la Primera Mesa de Investigaciones Estudiantiles que el equipo organizador del VI ECELL \u00abClorinda Matto de Turner\u00bb 2020 ha preparado para toda la comunidad acad\u00e9mica.<\/p>\n<p><span class=\"_5mfr\"><span class=\"_6qdm\">\u270f\ufe0f<\/span><\/span>\u00a1La convocatoria ser\u00e1 del 11 de agosto al 10 de setiembre!<br \/>\n<span class=\"_5mfr\"><span class=\"_6qdm\">\u270f\ufe0f<\/span><\/span>\u00a0El evento ser\u00e1 el d\u00eda 24 de octubre del 2020 a las 6:00 p.m.<\/p>\n<p><span class=\"_5mfr\"><span class=\"_6qdm\">\ud83d\udcda<\/span><\/span>\u00a0\u00a1REVISA LAS BASES AQU\u00cd!<br \/>\n<a href=\"https:\/\/url2.cl\/aJpcs?fbclid=IwAR1QFJdBBSjZyJ_ZPVh2Rzv10hR-J9QRYc4Arwiv4IhxslMQ_cTrW3a_vJU\" target=\"_blank\" rel=\"noopener nofollow\" data-ft=\"{&quot;tn&quot;:&quot;-U&quot;}\" data-lynx-mode=\"async\" data-lynx-uri=\"https:\/\/l.facebook.com\/l.php?u=https%3A%2F%2Furl2.cl%2FaJpcs%3Ffbclid%3DIwAR1QFJdBBSjZyJ_ZPVh2Rzv10hR-J9QRYc4Arwiv4IhxslMQ_cTrW3a_vJU&amp;h=AT0QEMke9pFUyrrcMMFCPPJzKXNYr30bKc2l8eNW9c07iRHg9_QEH5gbPQXPrZ0I7HpcKcOAWOxSYAFpXTXK-EITJN_9z5mjDkPfYBV0Tmu3WznDSfUqHqtjp-y9aZcpCW_jqdscN6YAM878zkFxyaqCIFs7pXRFHLMGVNDXGolxaycoZXZwSGWQHPLbkxz910esuewBWmOq__Olr2dskPo0sZLd3GhEjwexJYthI8GMnd93XZLqLZsOlgzwiyyplXRr4hA4fAExnv12Is5NSTzwifh-E8pCn2zAcIRoYr7sW4yyxliJew1ud_CSCrcjN46L7MqLeE7BiTAlciF6C94Zzct9sD3Do23LVgcIH4F6qVCMK9-MNoOEH-kQysK2hds06SfAdj1HZuUwtbSjsJ9-rpZcvBCYqI4LEiG7C5iKcWSZIq-11chEMYEex3WAzEqFhUmsCZpkr8Xe2VHrna7N2eODuwypDNb4_aLSutaeqN0L7Llkpx_FUjR4D_RyrY5kTzOsIerEx_B4IoIH26tHUDJwREYvt7x5Mn5ptdLxSd_c_0WRX8ZaoknH6cETMAjFq17xedjs1X2RkEHIQR8K7GGMOx4ucnQfJJaACPi_TxzFxhKSObED3WaKJR2eA2mVCcz9gSmmPgZ3zRDiovDJiaO8ESwM3L7q1Wh5yD9iYCvIbnzII3XnbaVttr9g7Oj9vUCsHrPpRIOnYVHnKKNbMPUH48up-G_Ep10rYlMqB_I_u4kNbicpk0K2l33IVjOCZjjglWLJlaV-FI0Gx6GtVXpKLm4D0pzl2HPOwGxFBVznFM3in0Wo-LUjIoZm9Ym7uKe3ekI5tsBevWF69M7dDmo\">https:\/\/url2.cl\/aJpcs<\/a><\/p>\n<p>\u00a1ETIQUETA, COMPARTE, \u00a1PASA LA VOZ\u00a0<span class=\"_5mfr\"><span class=\"_6qdm\">\ud83d\udce2<\/span><\/span>\u00a0y dale ME ENCANTA\u00a0<span class=\"_5mfr\"><span class=\"_6qdm\">\u2764\ufe0f<\/span><\/span><\/p>\n<p><img loading=\"lazy\" decoding=\"async\" class=\"alignnone size-medium wp-image-6801\" src=\"https:\/\/www.unica.edu.pe\/noticias\/wp-content\/uploads\/2020\/08\/304-300x251.png\" alt=\"\" width=\"300\" height=\"251\" srcset=\"https:\/\/www.unica.edu.pe\/noticias\/wp-content\/uploads\/2020\/08\/304-300x251.png 300w, https:\/\/www.unica.edu.pe\/noticias\/wp-content\/uploads\/2020\/08\/304-768x644.png 768w, https:\/\/www.unica.edu.pe\/noticias\/wp-content\/uploads\/2020\/08\/304.png 940w\" sizes=\"auto, (max-width: 300px) 100vw, 300px\" \/><\/p>\n<\/div>\n","protected":false},"excerpt":{"rendered":"<p>&nbsp; \u00bfTienes una investigaci\u00f3n, pero no tienes el espacio para\u00a0difundirla? \u00bfCrees que la investigaci\u00f3n peruana\u00a0\ud83c\uddf5\ud83c\uddea\u00a0necesita m\u00e1s difusi\u00f3n? \u00bfQuieres demostrar que los estudiantes S\u00cd investigan?\u00a0\ud83d\udd0d \u00a1FORMA PARTE DE LA PRIMERA MESA DE INVESTIGACIONES ESTUDIANTILES! \ud83d\udd34\u00a0Creemos firmemente en la difusi\u00f3n cultural y acad\u00e9mica como claves en el desarrollo del pa\u00eds, as\u00ed como el brindar espacios de di\u00e1logo &hellip; <\/p>\n<p class=\"link-more\"><a href=\"https:\/\/www.unica.edu.pe\/noticias\/2020\/08\/19\/anunciamos-la-convocatoria-nacional-para-la-primera-mesa-de-investigaciones-estudiantiles\/\" class=\"more-link\">Continuar leyendo<span class=\"screen-reader-text\"> \u00abANUNCIAMOS LA CONVOCATORIA NACIONAL PARA LA PRIMERA MESA DE INVESTIGACIONES ESTUDIANTILES\u00bb<\/span><\/a><\/p>\n","protected":false},"author":1,"featured_media":0,"comment_status":"open","ping_status":"open","sticky":false,"template":"","format":"standard","meta":{"footnotes":""},"categories":[7],"tags":[],"class_list":["post-6800","post","type-post","status-publish","format-standard","hentry","category-noticias"],"_links":{"self":[{"href":"https:\/\/www.unica.edu.pe\/noticias\/wp-json\/wp\/v2\/posts\/6800","targetHints":{"allow":["GET"]}}],"collection":[{"href":"https:\/\/www.unica.edu.pe\/noticias\/wp-json\/wp\/v2\/posts"}],"about":[{"href":"https:\/\/www.unica.edu.pe\/noticias\/wp-json\/wp\/v2\/types\/post"}],"author":[{"embeddable":true,"href":"https:\/\/www.unica.edu.pe\/noticias\/wp-json\/wp\/v2\/users\/1"}],"replies":[{"embeddable":true,"href":"https:\/\/www.unica.edu.pe\/noticias\/wp-json\/wp\/v2\/comments?post=6800"}],"version-history":[{"count":1,"href":"https:\/\/www.unica.edu.pe\/noticias\/wp-json\/wp\/v2\/posts\/6800\/revisions"}],"predecessor-version":[{"id":6802,"href":"https:\/\/www.unica.edu.pe\/noticias\/wp-json\/wp\/v2\/posts\/6800\/revisions\/6802"}],"wp:attachment":[{"href":"https:\/\/www.unica.edu.pe\/noticias\/wp-json\/wp\/v2\/media?parent=6800"}],"wp:term":[{"taxonomy":"category","embeddable":true,"href":"https:\/\/www.unica.edu.pe\/noticias\/wp-json\/wp\/v2\/categories?post=6800"},{"taxonomy":"post_tag","embeddable":true,"href":"https:\/\/www.unica.edu.pe\/noticias\/wp-json\/wp\/v2\/tags?post=6800"}],"curies":[{"name":"wp","href":"https:\/\/api.w.org\/{rel}","templated":true}]}}