{"id":6745,"date":"2020-08-13T12:28:14","date_gmt":"2020-08-13T12:28:14","guid":{"rendered":"http:\/\/www.unica.edu.pe\/noticias\/?p=6745"},"modified":"2020-08-18T03:32:25","modified_gmt":"2020-08-18T03:32:25","slug":"conferencia-virtual-el-origen-racial-y-cultural-de-la-civilizacion-egipcia-antigua","status":"publish","type":"post","link":"https:\/\/www.unica.edu.pe\/noticias\/2020\/08\/13\/conferencia-virtual-el-origen-racial-y-cultural-de-la-civilizacion-egipcia-antigua\/","title":{"rendered":"CONFERENCIA VIRTUAL: EL ORIGEN RACIAL Y CULTURAL DE LA CIVILIZACI\u00d3N EGIPCIA ANTIGUA"},"content":{"rendered":"<p><a class=\"_58cn\" href=\"https:\/\/www.facebook.com\/hashtag\/primeromisalud?__eep__=6&amp;source=feed_text&amp;epa=HASHTAG&amp;__xts__%5B0%5D=68.ARC3DEmF4xMTBA_zGuqqtz_BoROG65JINxiCEIY2QPf8qsoZXiP5bjgsUKJkv9Xy4n1haCkYMhz0JTpkNnyhEBLQ598v56ZLyQwaA9KYSPwvvWzdWpUFLx06fY5eayHZgCT5Kpy3VueSeMCIeRLHki5QFkgnuawEVoQjBhqpFtlcOUf9O3d7LpZ-b74DEVYEdBkSSi8uLpQYF84NKjRl0VF_Odf1BRjYX4ZZdVuWw4hCec0N5FHuPu0Sa6zdGNRe_XkV1-sj7FAUkjdpwELtAwi8iwG1n334EkGyvPUBYpfKhQc1cma_bNDTyvnKmkUSsy_6TvC3L0dLEN6BGpOiIET47w&amp;__tn__=%2ANK-R\" data-ft=\"{&quot;type&quot;:104,&quot;tn&quot;:&quot;*N&quot;}\"><span class=\"_5afx\"><span class=\"_58cl _5afz\" aria-label=\"hashtag\">#<\/span><span class=\"_58cm\">PrimeroMiSalud<\/span><\/span><\/a><br \/>\nCONFERENCIA: EL ORIGEN RACIAL Y CULTURAL DE LA CIVILIZACI\u00d3N EGIPCIA ANTIGUA<br \/>\nOrganiza: Semillero de investigaci\u00f3n<br \/>\nD\u00eda: domingo 16 de agosto a las 11:00 a.m.<\/p>\n<p><img loading=\"lazy\" decoding=\"async\" class=\"alignnone size-medium wp-image-6746\" src=\"https:\/\/www.unica.edu.pe\/noticias\/wp-content\/uploads\/2020\/08\/281-300x251.jpg\" alt=\"\" width=\"300\" height=\"251\" srcset=\"https:\/\/www.unica.edu.pe\/noticias\/wp-content\/uploads\/2020\/08\/281-300x251.jpg 300w, https:\/\/www.unica.edu.pe\/noticias\/wp-content\/uploads\/2020\/08\/281-768x643.jpg 768w, https:\/\/www.unica.edu.pe\/noticias\/wp-content\/uploads\/2020\/08\/281.jpg 960w\" sizes=\"auto, (max-width: 300px) 100vw, 300px\" \/><\/p>\n","protected":false},"excerpt":{"rendered":"<p>#PrimeroMiSalud CONFERENCIA: EL ORIGEN RACIAL Y CULTURAL DE LA CIVILIZACI\u00d3N EGIPCIA ANTIGUA Organiza: Semillero de investigaci\u00f3n D\u00eda: domingo 16 de agosto a las 11:00 a.m.<\/p>\n","protected":false},"author":1,"featured_media":0,"comment_status":"open","ping_status":"open","sticky":false,"template":"","format":"standard","meta":{"footnotes":""},"categories":[7],"tags":[],"class_list":["post-6745","post","type-post","status-publish","format-standard","hentry","category-noticias"],"_links":{"self":[{"href":"https:\/\/www.unica.edu.pe\/noticias\/wp-json\/wp\/v2\/posts\/6745","targetHints":{"allow":["GET"]}}],"collection":[{"href":"https:\/\/www.unica.edu.pe\/noticias\/wp-json\/wp\/v2\/posts"}],"about":[{"href":"https:\/\/www.unica.edu.pe\/noticias\/wp-json\/wp\/v2\/types\/post"}],"author":[{"embeddable":true,"href":"https:\/\/www.unica.edu.pe\/noticias\/wp-json\/wp\/v2\/users\/1"}],"replies":[{"embeddable":true,"href":"https:\/\/www.unica.edu.pe\/noticias\/wp-json\/wp\/v2\/comments?post=6745"}],"version-history":[{"count":1,"href":"https:\/\/www.unica.edu.pe\/noticias\/wp-json\/wp\/v2\/posts\/6745\/revisions"}],"predecessor-version":[{"id":6747,"href":"https:\/\/www.unica.edu.pe\/noticias\/wp-json\/wp\/v2\/posts\/6745\/revisions\/6747"}],"wp:attachment":[{"href":"https:\/\/www.unica.edu.pe\/noticias\/wp-json\/wp\/v2\/media?parent=6745"}],"wp:term":[{"taxonomy":"category","embeddable":true,"href":"https:\/\/www.unica.edu.pe\/noticias\/wp-json\/wp\/v2\/categories?post=6745"},{"taxonomy":"post_tag","embeddable":true,"href":"https:\/\/www.unica.edu.pe\/noticias\/wp-json\/wp\/v2\/tags?post=6745"}],"curies":[{"name":"wp","href":"https:\/\/api.w.org\/{rel}","templated":true}]}}