{"id":6457,"date":"2020-07-29T20:00:45","date_gmt":"2020-07-29T20:00:45","guid":{"rendered":"http:\/\/www.unica.edu.pe\/noticias\/?p=6457"},"modified":"2020-07-29T21:21:54","modified_gmt":"2020-07-29T21:21:54","slug":"tic-comunica-que-la-capacitacion-para-uso-del-sistema-de-aula-virtual-dirigido-a-estudiantes-se-realizara-el-dia-jueves-30-de-julio","status":"publish","type":"post","link":"https:\/\/www.unica.edu.pe\/noticias\/2020\/07\/29\/tic-comunica-que-la-capacitacion-para-uso-del-sistema-de-aula-virtual-dirigido-a-estudiantes-se-realizara-el-dia-jueves-30-de-julio\/","title":{"rendered":"TIC comunica que la capacitaci\u00f3n para uso del Sistema de Aula Virtual dirigido a estudiantes se realizara el d\u00eda jueves 30 de julio"},"content":{"rendered":"<div>La Oficina General de Tecnolog\u00eda Inform\u00e1tica y Comunicaciones comunica a los estudiantes que el d\u00eda jueves 30 de julio, en los horarios de 12:00 y 17:30 horas, se realizar\u00e1 la capacitaci\u00f3n para uso del Sistema de Aula Virtual, a trav\u00e9s de una transmisi\u00f3n en vivo, en la p\u00e1gina de facebook de la universidad, disponible en:<\/div>\n<div><a href=\"https:\/\/www.facebook.com\/UnicaSLG\" target=\"_blank\" rel=\"noopener\" data-saferedirecturl=\"https:\/\/www.google.com\/url?q=https:\/\/www.facebook.com\/UnicaSLG&amp;source=gmail&amp;ust=1596140527578000&amp;usg=AFQjCNGdVhUWLCbvOqd9ylOlRPas4XhyYg\">https:\/\/www.facebook.com\/<wbr \/>UnicaSLG<\/a><\/div>\n<div><\/div>\n<div>\u00a0<img decoding=\"async\" class=\"CToWUd\" src=\"https:\/\/mail.google.com\/mail\/e\/1f3a5\" alt=\"\ud83c\udfa5\" data-goomoji=\"1f3a5\" data-image-whitelisted=\"\" \/>\u00a0Videotutoriales del Aula Virtual para estudiantes.<\/div>\n<p>\u27a1\u00a0Disponible en:<\/p>\n<p><a href=\"https:\/\/bit.ly\/3g6W9wW?fbclid=IwAR20x2DE1Ck7AhhQl8J1fPj5fVxpKXMeiLayGs-CajMDuwKmln845TtGtUc\" target=\"_blank\" rel=\"noopener nofollow\" data-saferedirecturl=\"https:\/\/www.google.com\/url?q=https:\/\/bit.ly\/3g6W9wW?fbclid%3DIwAR20x2DE1Ck7AhhQl8J1fPj5fVxpKXMeiLayGs-CajMDuwKmln845TtGtUc&amp;source=gmail&amp;ust=1596140527578000&amp;usg=AFQjCNGyqh93D_JL0TaoCtGnfide3BI1_Q\">https:\/\/bit.ly\/3g6W9wW<\/a><\/p>\n<p>&nbsp;<\/p>\n<p><img loading=\"lazy\" decoding=\"async\" class=\"alignnone size-medium wp-image-6458\" src=\"https:\/\/www.unica.edu.pe\/noticias\/wp-content\/uploads\/2020\/07\/170-300x222.png\" alt=\"\" width=\"300\" height=\"222\" srcset=\"https:\/\/www.unica.edu.pe\/noticias\/wp-content\/uploads\/2020\/07\/170-300x222.png 300w, https:\/\/www.unica.edu.pe\/noticias\/wp-content\/uploads\/2020\/07\/170-768x569.png 768w, https:\/\/www.unica.edu.pe\/noticias\/wp-content\/uploads\/2020\/07\/170.png 1024w\" sizes=\"auto, (max-width: 300px) 100vw, 300px\" \/><\/p>\n<p>&nbsp;<\/p>\n","protected":false},"excerpt":{"rendered":"<p>La Oficina General de Tecnolog\u00eda Inform\u00e1tica y Comunicaciones comunica a los estudiantes que el d\u00eda jueves 30 de julio, en los horarios de 12:00 y 17:30 horas, se realizar\u00e1 la capacitaci\u00f3n para uso del Sistema de Aula Virtual, a trav\u00e9s de una transmisi\u00f3n en vivo, en la p\u00e1gina de facebook de la universidad, disponible en: &hellip; <\/p>\n<p class=\"link-more\"><a href=\"https:\/\/www.unica.edu.pe\/noticias\/2020\/07\/29\/tic-comunica-que-la-capacitacion-para-uso-del-sistema-de-aula-virtual-dirigido-a-estudiantes-se-realizara-el-dia-jueves-30-de-julio\/\" class=\"more-link\">Continuar leyendo<span class=\"screen-reader-text\"> \u00abTIC comunica que la capacitaci\u00f3n para uso del Sistema de Aula Virtual dirigido a estudiantes se realizara el d\u00eda jueves 30 de julio\u00bb<\/span><\/a><\/p>\n","protected":false},"author":1,"featured_media":0,"comment_status":"open","ping_status":"open","sticky":false,"template":"","format":"standard","meta":{"footnotes":""},"categories":[3],"tags":[],"class_list":["post-6457","post","type-post","status-publish","format-standard","hentry","category-comunicados"],"_links":{"self":[{"href":"https:\/\/www.unica.edu.pe\/noticias\/wp-json\/wp\/v2\/posts\/6457","targetHints":{"allow":["GET"]}}],"collection":[{"href":"https:\/\/www.unica.edu.pe\/noticias\/wp-json\/wp\/v2\/posts"}],"about":[{"href":"https:\/\/www.unica.edu.pe\/noticias\/wp-json\/wp\/v2\/types\/post"}],"author":[{"embeddable":true,"href":"https:\/\/www.unica.edu.pe\/noticias\/wp-json\/wp\/v2\/users\/1"}],"replies":[{"embeddable":true,"href":"https:\/\/www.unica.edu.pe\/noticias\/wp-json\/wp\/v2\/comments?post=6457"}],"version-history":[{"count":1,"href":"https:\/\/www.unica.edu.pe\/noticias\/wp-json\/wp\/v2\/posts\/6457\/revisions"}],"predecessor-version":[{"id":6459,"href":"https:\/\/www.unica.edu.pe\/noticias\/wp-json\/wp\/v2\/posts\/6457\/revisions\/6459"}],"wp:attachment":[{"href":"https:\/\/www.unica.edu.pe\/noticias\/wp-json\/wp\/v2\/media?parent=6457"}],"wp:term":[{"taxonomy":"category","embeddable":true,"href":"https:\/\/www.unica.edu.pe\/noticias\/wp-json\/wp\/v2\/categories?post=6457"},{"taxonomy":"post_tag","embeddable":true,"href":"https:\/\/www.unica.edu.pe\/noticias\/wp-json\/wp\/v2\/tags?post=6457"}],"curies":[{"name":"wp","href":"https:\/\/api.w.org\/{rel}","templated":true}]}}