{"id":6454,"date":"2020-07-28T18:06:37","date_gmt":"2020-07-28T18:06:37","guid":{"rendered":"http:\/\/www.unica.edu.pe\/noticias\/?p=6454"},"modified":"2020-08-02T05:12:24","modified_gmt":"2020-08-02T05:12:24","slug":"video-la-oficina-general-de-responsabilidad-social-universitaria-les-desea-fiestas-patrias","status":"publish","type":"post","link":"https:\/\/www.unica.edu.pe\/noticias\/2020\/07\/28\/video-la-oficina-general-de-responsabilidad-social-universitaria-les-desea-fiestas-patrias\/","title":{"rendered":"VIDEO La Oficina General de Responsabilidad Social Universitaria les desea fiestas patrias"},"content":{"rendered":"<p><a class=\"_58cn\" href=\"https:\/\/www.facebook.com\/hashtag\/primeromisalud?__eep__=6&amp;source=feed_text&amp;epa=HASHTAG&amp;__xts__%5B0%5D=68.ARBy52IxL8gQeJL6QT7BuyPwYdcEJuIJxsOnMfyC_qEabUExFqP3CTfC7CJYfL1--C0gnIUNSVSB64v2TGJYkiUs3c-yCKK87uT8YnLISUQJDo8o930SSsgus0fTCZll4Tp6CCZLmmcfn1GWyzhVyLVsK7ffqt76gJb3xfHccHqtSDqLEuR-y0JHhLoVKUluvLI1i9btAevg_up_AP5dauaAqrWwOnshH5eJurl8DWV7C2-xjiutsag9NFB2bOH-dY1pj1eGzOafJsFNZV8Xwajes2BsK7IXgH7oneQ-fZAxnJ_YIe1V-M9tz9pWRNIrlyk22H9BOTQDrrf9sVWEOy75l5zw940ya8d69g&amp;__tn__=%2ANK-R\" data-ft=\"{&quot;type&quot;:104,&quot;tn&quot;:&quot;*N&quot;}\"><span class=\"_5afx\"><span class=\"_58cl _5afz\" aria-label=\"hashtag\">#<\/span><span class=\"_58cm\">PrimeroMiSalud<\/span><\/span><\/a><br \/>\nLa Oficina General de Responsabilidad Social Universitaria, a traves de su Unidad Ejecutiva de Extensi\u00f3n Cultural y Proyecci\u00f3n Social; presenta el siguiente material audiovisual con motivo a las fiestas patrias.<br \/>\nAs\u00ed mismo invitamos a la comunidad universitaria y p\u00fablico en general a inscribirse a traves del siguiente link:\u00a0<a href=\"https:\/\/l.facebook.com\/l.php?u=https%3A%2F%2Fforms.gle%2FCfJYtTK3TsVF1BaF6%3Ffbclid%3DIwAR17PjV94eeMIuqrG02fLglUoPwGwOJtJATsD-Mz_hCqVaBixWh_NH4yR0o&amp;h=AT3sD9QKnYaNLABAYQW16OwH2pf8KZe33GeuwTXf86RuF7JIdpPL-yU5ptqszaUGvqWvXSjQl5Ilnl2HXIvXVbtKX3pI2xNJWf7Chm3PAiFJtwa28DDOVIjkU4EtfivnU53zjldHF3Zq5kGlL-82nAl8kK73Xryxltnd1IvcrXCvcsPavW4ncD0xYKlvPsVSyfo0SoWUqBCRqWxCtyuy6EFul3_pKQ16B_gVOC9_JswPG3FfkYF2zTIScDKyUhea9DghN0yBby0fipw5ET_wTu0a_ZC1ZRYM7POn3BeaagkIpDbINglR2IyqPLm4ynwwBdBB2QAtJF8ua1Hn1Y35Z5CfSj0BoC6PHnLQ0aR6Rz-EH0Fjt6kt-L5nsSM1eotNJM04Dp3_GaWMjbkRVTdTqcroBo1doJtkhmKrk1hMyEENxpLmaICU-HpkpYh_1GvgafAfJMe6bwnciKPudVg7icziO6DoN-THdoZ-GEqw5SFNr40dm9sNXnhH73CXZyxsKpO2M0E1jgrQV8pKgEDOGDzX4j0vDD3u1zVHyiXIqarod63OF6yazlto-PwrW7YsiKc01poc1T0UxytYEgCQrqTulLJv_H5wKipiIYa1A8E72dDyK2NgoOvU079R9GCZhlgwedbegTSswI5MscM\" target=\"_blank\" rel=\"noopener nofollow\" data-ft=\"{&quot;tn&quot;:&quot;-U&quot;}\" data-lynx-mode=\"async\">https:\/\/forms.gle\/CfJYtTK3TsVF1BaF6<\/a><br \/>\nPara participar de los talleres art\u00edsticos que imparte la universidad de manera gratuita.<br \/>\nFelices Fiest<span class=\"text_exposed_show\">as Patrias!!<br \/>\nQue viva el Per\u00fa!!<\/span><\/p>\n<p>&nbsp;<\/p>\n<p>&nbsp;<\/p>\n<p>&nbsp;<\/p>\n<p><img loading=\"lazy\" decoding=\"async\" class=\"alignnone size-medium wp-image-6455\" src=\"https:\/\/www.unica.edu.pe\/noticias\/wp-content\/uploads\/2020\/07\/169-300x173.png\" alt=\"\" width=\"300\" height=\"173\" srcset=\"https:\/\/www.unica.edu.pe\/noticias\/wp-content\/uploads\/2020\/07\/169-300x173.png 300w, https:\/\/www.unica.edu.pe\/noticias\/wp-content\/uploads\/2020\/07\/169.png 559w\" sizes=\"auto, (max-width: 300px) 100vw, 300px\" \/><\/p>\n<p>Ver V\u00eddeo Aqu\u00ed:<\/p>\n<p><iframe loading=\"lazy\" style=\"border: none; overflow: hidden;\" src=\"https:\/\/www.facebook.com\/plugins\/video.php?href=https%3A%2F%2Fwww.facebook.com%2FUnicaSLG%2Fvideos%2F1022051898251657%2F&amp;show_text=0&amp;width=560\" width=\"560\" height=\"322\" frameborder=\"0\" scrolling=\"no\" allowfullscreen=\"allowfullscreen\"><\/iframe><\/p>\n","protected":false},"excerpt":{"rendered":"<p>#PrimeroMiSalud La Oficina General de Responsabilidad Social Universitaria, a traves de su Unidad Ejecutiva de Extensi\u00f3n Cultural y Proyecci\u00f3n Social; presenta el siguiente material audiovisual con motivo a las fiestas patrias. As\u00ed mismo invitamos a la comunidad universitaria y p\u00fablico en general a inscribirse a traves del siguiente link:\u00a0https:\/\/forms.gle\/CfJYtTK3TsVF1BaF6 Para participar de los talleres art\u00edsticos &hellip; <\/p>\n<p class=\"link-more\"><a href=\"https:\/\/www.unica.edu.pe\/noticias\/2020\/07\/28\/video-la-oficina-general-de-responsabilidad-social-universitaria-les-desea-fiestas-patrias\/\" class=\"more-link\">Continuar leyendo<span class=\"screen-reader-text\"> \u00abVIDEO La Oficina General de Responsabilidad Social Universitaria les desea fiestas patrias\u00bb<\/span><\/a><\/p>\n","protected":false},"author":1,"featured_media":0,"comment_status":"open","ping_status":"open","sticky":false,"template":"","format":"standard","meta":{"footnotes":""},"categories":[7],"tags":[],"class_list":["post-6454","post","type-post","status-publish","format-standard","hentry","category-noticias"],"_links":{"self":[{"href":"https:\/\/www.unica.edu.pe\/noticias\/wp-json\/wp\/v2\/posts\/6454","targetHints":{"allow":["GET"]}}],"collection":[{"href":"https:\/\/www.unica.edu.pe\/noticias\/wp-json\/wp\/v2\/posts"}],"about":[{"href":"https:\/\/www.unica.edu.pe\/noticias\/wp-json\/wp\/v2\/types\/post"}],"author":[{"embeddable":true,"href":"https:\/\/www.unica.edu.pe\/noticias\/wp-json\/wp\/v2\/users\/1"}],"replies":[{"embeddable":true,"href":"https:\/\/www.unica.edu.pe\/noticias\/wp-json\/wp\/v2\/comments?post=6454"}],"version-history":[{"count":1,"href":"https:\/\/www.unica.edu.pe\/noticias\/wp-json\/wp\/v2\/posts\/6454\/revisions"}],"predecessor-version":[{"id":6456,"href":"https:\/\/www.unica.edu.pe\/noticias\/wp-json\/wp\/v2\/posts\/6454\/revisions\/6456"}],"wp:attachment":[{"href":"https:\/\/www.unica.edu.pe\/noticias\/wp-json\/wp\/v2\/media?parent=6454"}],"wp:term":[{"taxonomy":"category","embeddable":true,"href":"https:\/\/www.unica.edu.pe\/noticias\/wp-json\/wp\/v2\/categories?post=6454"},{"taxonomy":"post_tag","embeddable":true,"href":"https:\/\/www.unica.edu.pe\/noticias\/wp-json\/wp\/v2\/tags?post=6454"}],"curies":[{"name":"wp","href":"https:\/\/api.w.org\/{rel}","templated":true}]}}