{"id":6423,"date":"2020-07-23T20:07:11","date_gmt":"2020-07-23T20:07:11","guid":{"rendered":"http:\/\/www.unica.edu.pe\/noticias\/?p=6423"},"modified":"2020-07-27T16:13:33","modified_gmt":"2020-07-27T16:13:33","slug":"video-material-audiovisual-de-la-oficina-general-de-responsabilidad-social-universitaria","status":"publish","type":"post","link":"https:\/\/www.unica.edu.pe\/noticias\/2020\/07\/23\/video-material-audiovisual-de-la-oficina-general-de-responsabilidad-social-universitaria\/","title":{"rendered":"V\u00eddeo: Material audiovisual de la Oficina General de Responsabilidad Social Universitaria"},"content":{"rendered":"<p><a class=\"_58cn\" href=\"https:\/\/www.facebook.com\/hashtag\/primeromisalud?__eep__=6&amp;source=feed_text&amp;epa=HASHTAG&amp;__xts__%5B0%5D=68.ARDjF_Py2fYnbFicB81JhunC3St_zE0kKmtG-tu0e9hloVqMUe-YYSL7nRRR4YNBQhJR-zWYgOBIGJcm_GyNc2b2YWlSAl1bVpBGMLf4FVIo6WV-AnXeCiKYu0hefTg6yK2QqKwTGMkvbrcpTtRSobfdOVycyyqLX_Twi8n-nndzmF_tknI4AXWHUiWpn3fgPcaulJNXeT21VU77nHmMKzePoZLUwbgU7IrGIBb0cmTRkcloXoh4r-6-DhsmaXbtb5iQMDZCZbWpK0EJEpqrnphMmjS55OzP0l3nXTk3n5bC7wm8jOlBw5l46WwhGKHdj1d4k_TwZRowTtbz39yg-ZMEq7_Yde56AVPusA&amp;__tn__=%2ANK-R\" data-ft=\"{&quot;type&quot;:104,&quot;tn&quot;:&quot;*N&quot;}\"><span class=\"_5afx\"><span class=\"_58cl _5afz\" aria-label=\"hashtag\">#<\/span><span class=\"_58cm\">PrimeroMiSalud<\/span><\/span><\/a><br \/>\nLa Oficina General de Responsabilidad Social Universitaria a traves de su Unidad Ejecutiva de Extensi\u00f3n Cultural y proyecci\u00f3n Social, se complace en presentar el siguiente material audiovisual a cargo de los directores art\u00edsticos del Taller de Danza (Ricardo Ichijalla Carhuayo) y Banda de M\u00fasica (Luis Espino Yarasca) de nuestra Alta Casa de Estudios.<\/p>\n<p>Invitamos a toda la comunidad universitaria y p\u00fablico en general a inscribirse al siguiente link:<br \/>\n<a href=\"https:\/\/forms.gle\/CfJYtTK3TsVF1BaF6?fbclid=IwAR2BRFq1ejGYhakliaFVTrASSC0mgbidLUEgEU1gLZ3xsGdXz6mZcv9NuRs\" target=\"_blank\" rel=\"noopener nofollow\" data-ft=\"{&quot;tn&quot;:&quot;-U&quot;}\" data-lynx-mode=\"async\" data-lynx-uri=\"https:\/\/l.facebook.com\/l.php?u=https%3A%2F%2Fforms.gle%2FCfJYtTK3TsVF1BaF6%3Ffbclid%3DIwAR2BRFq1ejGYhakliaFVTrASSC0mgbidLUEgEU1gLZ3xsGdXz6mZcv9NuRs&amp;h=AT2eHeM8h6DtPUU5r2anwb67kTXSwNM34GTfDkZIpVT4xXP8P63kEufRWoguL-Ef9XnoMh2R_0bKKaV9-y4_d0CFH7duMHvbotfTJmxoOyet5dV1uMGQ3rqSUi9RKg2R0xNZBDHfy0CSqYFnvh2mhGp1j-ZqgXX_tTq_PRI5bsIQvmUan8kcANnXX7Lhvkcp4_w3knddzNL4gOVm5nbiJxsCROAAPzOhJzIzKf5JZP_kQmvVbyt8VY3wcWF3RLk-_ZhvUfQYu8lXYeaRnXqfIhncWMzDg5-qlUXywluKAFKf7fSLEz6uHEciSuKO93iYUHxhVCizlfGHNJuCOhHa_87CIYHr1Q5MsGsB_NJ1R_8JIkUP97fJkOVZVUrLdZ38_4izc1sseQE0ZY1c-XDSg9AZ0mbwGZliX1Qt_eWiSck-ZUAvHi6mRbIc3xyMcoJIDMTbZOR4JUz9sZgw6_5SVMJUa-Y6_CUc__HMEUFaGcSSbRklq31QwKo8wvf9mXqJythSzSixF43aJE3zSTs8xrtlMFNUYSNEhWt9cgfOUhODhZcSoi9dEmuMq4jDb1Ms4PMryog1dOufZU3jvDK40h2iyilb27BO3D6IsZy9-74eNXp32j2sNQ_BscO1zuUhYciCbvGOlSsl2vxjFDc\">https:\/\/forms<span class=\"text_exposed_show\">.gle\/CfJYtTK3TsVF1BaF6<\/span><\/a><span class=\"text_exposed_show\"><br \/>\nPara participar de los talleres de danza y m\u00fasica que ofrece la Universidad Nacional \u00abSan Luis Gonzaga\u00bb de manera remota.<\/span><\/p>\n<p>&nbsp;<\/p>\n<p><img loading=\"lazy\" decoding=\"async\" class=\"alignnone size-medium wp-image-6424\" src=\"https:\/\/www.unica.edu.pe\/noticias\/wp-content\/uploads\/2020\/07\/162-300x165.png\" alt=\"\" width=\"300\" height=\"165\" srcset=\"https:\/\/www.unica.edu.pe\/noticias\/wp-content\/uploads\/2020\/07\/162-300x165.png 300w, https:\/\/www.unica.edu.pe\/noticias\/wp-content\/uploads\/2020\/07\/162.png 559w\" sizes=\"auto, (max-width: 300px) 100vw, 300px\" \/><\/p>\n<p>Ver V\u00eddeo Aqu\u00ed:<\/p>\n<p><iframe loading=\"lazy\" style=\"border: none; overflow: hidden;\" src=\"https:\/\/www.facebook.com\/plugins\/video.php?href=https%3A%2F%2Fwww.facebook.com%2FUnicaSLG%2Fvideos%2F338967743792918%2F&amp;show_text=0&amp;width=560\" width=\"560\" height=\"308\" frameborder=\"0\" scrolling=\"no\" allowfullscreen=\"allowfullscreen\"><\/iframe><\/p>\n","protected":false},"excerpt":{"rendered":"<p>#PrimeroMiSalud La Oficina General de Responsabilidad Social Universitaria a traves de su Unidad Ejecutiva de Extensi\u00f3n Cultural y proyecci\u00f3n Social, se complace en presentar el siguiente material audiovisual a cargo de los directores art\u00edsticos del Taller de Danza (Ricardo Ichijalla Carhuayo) y Banda de M\u00fasica (Luis Espino Yarasca) de nuestra Alta Casa de Estudios. Invitamos &hellip; <\/p>\n<p class=\"link-more\"><a href=\"https:\/\/www.unica.edu.pe\/noticias\/2020\/07\/23\/video-material-audiovisual-de-la-oficina-general-de-responsabilidad-social-universitaria\/\" class=\"more-link\">Continuar leyendo<span class=\"screen-reader-text\"> \u00abV\u00eddeo: Material audiovisual de la Oficina General de Responsabilidad Social Universitaria\u00bb<\/span><\/a><\/p>\n","protected":false},"author":1,"featured_media":0,"comment_status":"open","ping_status":"open","sticky":false,"template":"","format":"standard","meta":{"footnotes":""},"categories":[7],"tags":[],"class_list":["post-6423","post","type-post","status-publish","format-standard","hentry","category-noticias"],"_links":{"self":[{"href":"https:\/\/www.unica.edu.pe\/noticias\/wp-json\/wp\/v2\/posts\/6423","targetHints":{"allow":["GET"]}}],"collection":[{"href":"https:\/\/www.unica.edu.pe\/noticias\/wp-json\/wp\/v2\/posts"}],"about":[{"href":"https:\/\/www.unica.edu.pe\/noticias\/wp-json\/wp\/v2\/types\/post"}],"author":[{"embeddable":true,"href":"https:\/\/www.unica.edu.pe\/noticias\/wp-json\/wp\/v2\/users\/1"}],"replies":[{"embeddable":true,"href":"https:\/\/www.unica.edu.pe\/noticias\/wp-json\/wp\/v2\/comments?post=6423"}],"version-history":[{"count":1,"href":"https:\/\/www.unica.edu.pe\/noticias\/wp-json\/wp\/v2\/posts\/6423\/revisions"}],"predecessor-version":[{"id":6425,"href":"https:\/\/www.unica.edu.pe\/noticias\/wp-json\/wp\/v2\/posts\/6423\/revisions\/6425"}],"wp:attachment":[{"href":"https:\/\/www.unica.edu.pe\/noticias\/wp-json\/wp\/v2\/media?parent=6423"}],"wp:term":[{"taxonomy":"category","embeddable":true,"href":"https:\/\/www.unica.edu.pe\/noticias\/wp-json\/wp\/v2\/categories?post=6423"},{"taxonomy":"post_tag","embeddable":true,"href":"https:\/\/www.unica.edu.pe\/noticias\/wp-json\/wp\/v2\/tags?post=6423"}],"curies":[{"name":"wp","href":"https:\/\/api.w.org\/{rel}","templated":true}]}}