{"id":5078,"date":"2020-01-15T15:45:35","date_gmt":"2020-01-15T15:45:35","guid":{"rendered":"http:\/\/www.unica.edu.pe\/noticias\/?p=5078"},"modified":"2020-01-15T15:45:35","modified_gmt":"2020-01-15T15:45:35","slug":"comision-tecnica-presento-el-plan-de-emergencia-al-ministerio-de-educacion","status":"publish","type":"post","link":"https:\/\/www.unica.edu.pe\/noticias\/2020\/01\/15\/comision-tecnica-presento-el-plan-de-emergencia-al-ministerio-de-educacion\/","title":{"rendered":"Comisi\u00f3n T\u00e9cnica present\u00f3 el Plan de Emergencia al Ministerio de Educaci\u00f3n"},"content":{"rendered":"<p><a class=\"_58cn\" href=\"https:\/\/www.facebook.com\/hashtag\/comisi%C3%B3nt%C3%A9cnica?source=feed_text&amp;epa=HASHTAG&amp;__xts__%5B0%5D=68.ARBtjVP-blc9AVNvBO40cPdXVwS2EfwxaTi3Hp-m5jZguUKDVMzr47rQ0HulNF9tkaft_EAY_5vIdv1YSSmulQH7t_Rp0fS4h0dNWzNivVj0wHPuTM4QIeYzz611OwltYU8wxkTGFGd5-didlau1J_ukcLOs6Wo8ScFd-eeOFuaquTAw9E0EnmlB4keKGwlUzuMXuzAcLcTxvd8rERJidN9C30v-KfoAchOkt5gqq4Z3kPkwMfyBHs-IJ6YU2FsN4n5nyWf-LNsAiRieR4ou4sNAG61H6DTeCPfem_TSoJe1llRXZXJAKOLtNOdoAN0gIJ2C1g3tZr4bXTVeUPFwPg&amp;__tn__=%2ANK-R\" data-ft=\"{&quot;type&quot;:104,&quot;tn&quot;:&quot;*N&quot;}\"><span class=\"_5afx\"><span class=\"_58cl _5afz\" aria-label=\"hashtag\">#<\/span><span class=\"_58cm\">Comisi\u00f3nT\u00e9cnica<\/span><\/span><\/a><br \/>\nDe acuerdo a los plazos establecidos en el Decreto Supremo N\u00b0 016-2019-MINEDU, el d\u00eda de hoy se present\u00f3 el Plan de Emergencia al Ministerio de Educaci\u00f3n, quien tiene un plazo m\u00e1ximo de 15 d\u00edas calendario para su aprobaci\u00f3n, mediante resoluci\u00f3n ministerial.<br \/>\nAprobado el Plan de Emergencia, la universidad tiene un plazo m\u00e1ximo de 12 meses para su ejecuci\u00f3n.<\/p>\n","protected":false},"excerpt":{"rendered":"<p>#Comisi\u00f3nT\u00e9cnica De acuerdo a los plazos establecidos en el Decreto Supremo N\u00b0 016-2019-MINEDU, el d\u00eda de hoy se present\u00f3 el Plan de Emergencia al Ministerio de Educaci\u00f3n, quien tiene un plazo m\u00e1ximo de 15 d\u00edas calendario para su aprobaci\u00f3n, mediante resoluci\u00f3n ministerial. Aprobado el Plan de Emergencia, la universidad tiene un plazo m\u00e1ximo de 12 &hellip; <\/p>\n<p class=\"link-more\"><a href=\"https:\/\/www.unica.edu.pe\/noticias\/2020\/01\/15\/comision-tecnica-presento-el-plan-de-emergencia-al-ministerio-de-educacion\/\" class=\"more-link\">Continuar leyendo<span class=\"screen-reader-text\"> \u00abComisi\u00f3n T\u00e9cnica present\u00f3 el Plan de Emergencia al Ministerio de Educaci\u00f3n\u00bb<\/span><\/a><\/p>\n","protected":false},"author":1,"featured_media":0,"comment_status":"open","ping_status":"open","sticky":false,"template":"","format":"standard","meta":{"footnotes":""},"categories":[7],"tags":[],"class_list":["post-5078","post","type-post","status-publish","format-standard","hentry","category-noticias"],"_links":{"self":[{"href":"https:\/\/www.unica.edu.pe\/noticias\/wp-json\/wp\/v2\/posts\/5078","targetHints":{"allow":["GET"]}}],"collection":[{"href":"https:\/\/www.unica.edu.pe\/noticias\/wp-json\/wp\/v2\/posts"}],"about":[{"href":"https:\/\/www.unica.edu.pe\/noticias\/wp-json\/wp\/v2\/types\/post"}],"author":[{"embeddable":true,"href":"https:\/\/www.unica.edu.pe\/noticias\/wp-json\/wp\/v2\/users\/1"}],"replies":[{"embeddable":true,"href":"https:\/\/www.unica.edu.pe\/noticias\/wp-json\/wp\/v2\/comments?post=5078"}],"version-history":[{"count":1,"href":"https:\/\/www.unica.edu.pe\/noticias\/wp-json\/wp\/v2\/posts\/5078\/revisions"}],"predecessor-version":[{"id":5079,"href":"https:\/\/www.unica.edu.pe\/noticias\/wp-json\/wp\/v2\/posts\/5078\/revisions\/5079"}],"wp:attachment":[{"href":"https:\/\/www.unica.edu.pe\/noticias\/wp-json\/wp\/v2\/media?parent=5078"}],"wp:term":[{"taxonomy":"category","embeddable":true,"href":"https:\/\/www.unica.edu.pe\/noticias\/wp-json\/wp\/v2\/categories?post=5078"},{"taxonomy":"post_tag","embeddable":true,"href":"https:\/\/www.unica.edu.pe\/noticias\/wp-json\/wp\/v2\/tags?post=5078"}],"curies":[{"name":"wp","href":"https:\/\/api.w.org\/{rel}","templated":true}]}}