{"id":4628,"date":"2019-11-27T14:30:57","date_gmt":"2019-11-27T14:30:57","guid":{"rendered":"http:\/\/www.unica.edu.pe\/noticias\/?p=4628"},"modified":"2019-11-28T16:00:37","modified_gmt":"2019-11-28T16:00:37","slug":"estudiantes-y-docentes-de-la-facultad-de-administracion-quienes-conforman-el-grupo-de-semillero-de-investigacion-realizaron-conferencias-sobre-los-semilleros-y-la-investigacion-cientifica","status":"publish","type":"post","link":"https:\/\/www.unica.edu.pe\/noticias\/2019\/11\/27\/estudiantes-y-docentes-de-la-facultad-de-administracion-quienes-conforman-el-grupo-de-semillero-de-investigacion-realizaron-conferencias-sobre-los-semilleros-y-la-investigacion-cientifica\/","title":{"rendered":"Estudiantes y docentes de la facultad de Administraci\u00f3n, quienes conforman el \u00abGrupo de semillero de Investigaci\u00f3n\u00bb realizaron conferencias sobre \u00abLos semilleros y la investigaci\u00f3n cient\u00edfica\u00bb"},"content":{"rendered":"<p><a class=\"_58cn\" href=\"https:\/\/www.facebook.com\/hashtag\/gruposemilleroinvestigaci%C3%B3n?source=feed_text&amp;epa=HASHTAG&amp;__xts__%5B0%5D=68.ARCJagnhlswBXVOCPZT4dMz5Gs8LGcsrOCo2OzPd0hoTnPrh1idvtGr6qwp5NTynZ1XUE_bRk4KJtf_DUMPTIk9FL_f67IhyPHIzNOW130mbDrM0EKCn9No3mYI10VF876M09YF6d0ZaKVOgUThuPs0xd7nMaqFlvEDMTQBGwrq8KaOo_DTyH81plWwBDdvPPer-emDM_oof2jRekB8r5w-nlsYJFKgLeEtMkzmfGieTWwX0lCLs49xWhYvciamthBAKiBYpTkmFc8a2sD9nsHCWIqeVYVhA5QTIHEY4v1UQb0tTBnaUOadYs9BHkSNjreCADfueEg5-APsRm-FMrhKVfQ&amp;__tn__=%2ANK-R\" data-ft=\"{&quot;type&quot;:104,&quot;tn&quot;:&quot;*N&quot;}\"><span class=\"_5afx\"><span class=\"_58cl _5afz\" aria-label=\"hashtag\">#<\/span><span class=\"_58cm\">GrupoSemilleroInvestigaci\u00f3n<\/span><\/span><\/a><br \/>\n<a class=\"_58cn\" href=\"https:\/\/www.facebook.com\/hashtag\/administraci%C3%B3n?source=feed_text&amp;epa=HASHTAG&amp;__xts__%5B0%5D=68.ARCJagnhlswBXVOCPZT4dMz5Gs8LGcsrOCo2OzPd0hoTnPrh1idvtGr6qwp5NTynZ1XUE_bRk4KJtf_DUMPTIk9FL_f67IhyPHIzNOW130mbDrM0EKCn9No3mYI10VF876M09YF6d0ZaKVOgUThuPs0xd7nMaqFlvEDMTQBGwrq8KaOo_DTyH81plWwBDdvPPer-emDM_oof2jRekB8r5w-nlsYJFKgLeEtMkzmfGieTWwX0lCLs49xWhYvciamthBAKiBYpTkmFc8a2sD9nsHCWIqeVYVhA5QTIHEY4v1UQb0tTBnaUOadYs9BHkSNjreCADfueEg5-APsRm-FMrhKVfQ&amp;__tn__=%2ANK-R\" data-ft=\"{&quot;type&quot;:104,&quot;tn&quot;:&quot;*N&quot;}\"><span class=\"_5afx\"><span class=\"_58cl _5afz\" aria-label=\"hashtag\">#<\/span><span class=\"_58cm\">Administraci\u00f3n<\/span><\/span><\/a><br \/>\nEstudiantes y docentes de la facultad de Administraci\u00f3n, quienes conforman el \u00abGrupo de semillero de Investigaci\u00f3n\u00bb realizaron conferencias sobre \u00abLos semilleros y la investigaci\u00f3n cient\u00edfica\u00bb a cargo de la Dra. Oriele Barrios Mendoza.<br \/>\nLa segunda conferencia estuvo a cargo del Dr. Juan Carlos Tantalean V\u00e1squez, con el tema \u00abIdentificaci\u00f3n de las situaciones problem\u00e1ticas para la investigaci\u00f3n cient\u00edfica\u00bb.<br \/>\nLa inauguraci\u00f3n estuvo a cargo del decano de la facultad de Administraci\u00f3n Dr. Jes\u00fas Cahua Jayo.<\/p>\n<p><img loading=\"lazy\" decoding=\"async\" class=\"alignnone size-medium wp-image-4629\" src=\"https:\/\/www.unica.edu.pe\/noticias\/wp-content\/uploads\/2019\/11\/115-300x225.jpg\" alt=\"\" width=\"300\" height=\"225\" srcset=\"https:\/\/www.unica.edu.pe\/noticias\/wp-content\/uploads\/2019\/11\/115-300x225.jpg 300w, https:\/\/www.unica.edu.pe\/noticias\/wp-content\/uploads\/2019\/11\/115-768x577.jpg 768w, https:\/\/www.unica.edu.pe\/noticias\/wp-content\/uploads\/2019\/11\/115.jpg 960w\" sizes=\"auto, (max-width: 300px) 100vw, 300px\" \/> <img loading=\"lazy\" decoding=\"async\" class=\"alignnone size-medium wp-image-4630\" src=\"https:\/\/www.unica.edu.pe\/noticias\/wp-content\/uploads\/2019\/11\/116-300x225.jpg\" alt=\"\" width=\"300\" height=\"225\" srcset=\"https:\/\/www.unica.edu.pe\/noticias\/wp-content\/uploads\/2019\/11\/116-300x225.jpg 300w, https:\/\/www.unica.edu.pe\/noticias\/wp-content\/uploads\/2019\/11\/116-768x577.jpg 768w, https:\/\/www.unica.edu.pe\/noticias\/wp-content\/uploads\/2019\/11\/116.jpg 960w\" sizes=\"auto, (max-width: 300px) 100vw, 300px\" \/> <img loading=\"lazy\" decoding=\"async\" class=\"alignnone size-medium wp-image-4631\" src=\"https:\/\/www.unica.edu.pe\/noticias\/wp-content\/uploads\/2019\/11\/117-300x225.jpg\" alt=\"\" width=\"300\" height=\"225\" srcset=\"https:\/\/www.unica.edu.pe\/noticias\/wp-content\/uploads\/2019\/11\/117-300x225.jpg 300w, https:\/\/www.unica.edu.pe\/noticias\/wp-content\/uploads\/2019\/11\/117-768x577.jpg 768w, https:\/\/www.unica.edu.pe\/noticias\/wp-content\/uploads\/2019\/11\/117.jpg 960w\" sizes=\"auto, (max-width: 300px) 100vw, 300px\" \/> <img loading=\"lazy\" decoding=\"async\" class=\"alignnone size-medium wp-image-4632\" src=\"https:\/\/www.unica.edu.pe\/noticias\/wp-content\/uploads\/2019\/11\/118-300x225.jpg\" alt=\"\" width=\"300\" height=\"225\" srcset=\"https:\/\/www.unica.edu.pe\/noticias\/wp-content\/uploads\/2019\/11\/118-300x225.jpg 300w, https:\/\/www.unica.edu.pe\/noticias\/wp-content\/uploads\/2019\/11\/118-768x577.jpg 768w, https:\/\/www.unica.edu.pe\/noticias\/wp-content\/uploads\/2019\/11\/118.jpg 960w\" sizes=\"auto, (max-width: 300px) 100vw, 300px\" \/><\/p>\n","protected":false},"excerpt":{"rendered":"<p>#GrupoSemilleroInvestigaci\u00f3n #Administraci\u00f3n Estudiantes y docentes de la facultad de Administraci\u00f3n, quienes conforman el \u00abGrupo de semillero de Investigaci\u00f3n\u00bb realizaron conferencias sobre \u00abLos semilleros y la investigaci\u00f3n cient\u00edfica\u00bb a cargo de la Dra. Oriele Barrios Mendoza. La segunda conferencia estuvo a cargo del Dr. Juan Carlos Tantalean V\u00e1squez, con el tema \u00abIdentificaci\u00f3n de las situaciones problem\u00e1ticas &hellip; <\/p>\n<p class=\"link-more\"><a href=\"https:\/\/www.unica.edu.pe\/noticias\/2019\/11\/27\/estudiantes-y-docentes-de-la-facultad-de-administracion-quienes-conforman-el-grupo-de-semillero-de-investigacion-realizaron-conferencias-sobre-los-semilleros-y-la-investigacion-cientifica\/\" class=\"more-link\">Continuar leyendo<span class=\"screen-reader-text\"> \u00abEstudiantes y docentes de la facultad de Administraci\u00f3n, quienes conforman el \u00abGrupo de semillero de Investigaci\u00f3n\u00bb realizaron conferencias sobre \u00abLos semilleros y la investigaci\u00f3n cient\u00edfica\u00bb\u00bb<\/span><\/a><\/p>\n","protected":false},"author":1,"featured_media":0,"comment_status":"open","ping_status":"open","sticky":false,"template":"","format":"standard","meta":{"footnotes":""},"categories":[7],"tags":[],"class_list":["post-4628","post","type-post","status-publish","format-standard","hentry","category-noticias"],"_links":{"self":[{"href":"https:\/\/www.unica.edu.pe\/noticias\/wp-json\/wp\/v2\/posts\/4628","targetHints":{"allow":["GET"]}}],"collection":[{"href":"https:\/\/www.unica.edu.pe\/noticias\/wp-json\/wp\/v2\/posts"}],"about":[{"href":"https:\/\/www.unica.edu.pe\/noticias\/wp-json\/wp\/v2\/types\/post"}],"author":[{"embeddable":true,"href":"https:\/\/www.unica.edu.pe\/noticias\/wp-json\/wp\/v2\/users\/1"}],"replies":[{"embeddable":true,"href":"https:\/\/www.unica.edu.pe\/noticias\/wp-json\/wp\/v2\/comments?post=4628"}],"version-history":[{"count":1,"href":"https:\/\/www.unica.edu.pe\/noticias\/wp-json\/wp\/v2\/posts\/4628\/revisions"}],"predecessor-version":[{"id":4633,"href":"https:\/\/www.unica.edu.pe\/noticias\/wp-json\/wp\/v2\/posts\/4628\/revisions\/4633"}],"wp:attachment":[{"href":"https:\/\/www.unica.edu.pe\/noticias\/wp-json\/wp\/v2\/media?parent=4628"}],"wp:term":[{"taxonomy":"category","embeddable":true,"href":"https:\/\/www.unica.edu.pe\/noticias\/wp-json\/wp\/v2\/categories?post=4628"},{"taxonomy":"post_tag","embeddable":true,"href":"https:\/\/www.unica.edu.pe\/noticias\/wp-json\/wp\/v2\/tags?post=4628"}],"curies":[{"name":"wp","href":"https:\/\/api.w.org\/{rel}","templated":true}]}}