{"id":4615,"date":"2019-11-27T14:00:33","date_gmt":"2019-11-27T14:00:33","guid":{"rendered":"http:\/\/www.unica.edu.pe\/noticias\/?p=4615"},"modified":"2019-11-28T15:57:03","modified_gmt":"2019-11-28T15:57:03","slug":"la-facultad-de-ciencias-biologicas-rinde-homenaje-a-los-biologo-en-su-dia-y-en-el-peru-se-conmemora-los-72-aniversario-del-dia-del-biologo","status":"publish","type":"post","link":"https:\/\/www.unica.edu.pe\/noticias\/2019\/11\/27\/la-facultad-de-ciencias-biologicas-rinde-homenaje-a-los-biologo-en-su-dia-y-en-el-peru-se-conmemora-los-72-aniversario-del-dia-del-biologo\/","title":{"rendered":"La facultad de Ciencias Biol\u00f3gicas rinde homenaje a los Biologo en su d\u00eda y en el Per\u00fa se conmemora los 72 Aniversario del \u00abD\u00eda del Bi\u00f3logo\u00bb."},"content":{"rendered":"<p><a class=\"_58cn\" href=\"https:\/\/www.facebook.com\/hashtag\/d%C3%ADadelb%C3%ADologo?source=feed_text&amp;epa=HASHTAG&amp;__xts__%5B0%5D=68.ARDy2WrZgOTMYHX5Y9NvT21_RPQhRqbft6wtcrM4HPrg38322ecRldQZHD-771Nbyiuxllo2oVdo0-zMTBltr4DOnt6TXUo2pX3dtr4xJgQofguKjIohCLVNcjq9_1sJ5-DX0QgawKtUxFRYPLZs2wv5eKE4Z-ewzjWrLKb5IoRDNfvXUav2nFndCr3aECa2WfFmbhAPdUrSsVLo4Cm2nTO3NAYSlDvkO6JJgQ-2Llwe26LV_570Gghxgbj8NSYKPZvJYD9kkT_NvtgwlZ_WbrCwc86PIXXNpTkVKp6V5l7-P6C_vagPfi2hjo17DXTls2NqH9FwDDwqlj19iYb-MZ1CzA&amp;__tn__=%2ANK-R\" data-ft=\"{&quot;type&quot;:104,&quot;tn&quot;:&quot;*N&quot;}\"><span class=\"_5afx\"><span class=\"_58cl _5afz\" aria-label=\"hashtag\">#<\/span><span class=\"_58cm\">D\u00edadelB\u00edologo<\/span><\/span><\/a><\/p>\n<p>La facultad de Ciencias Biol\u00f3gicas rinde homenaje a los Biologo en su d\u00eda y en el Per\u00fa se conmemora los 72 Aniversario del \u00abD\u00eda del Bi\u00f3logo\u00bb.<\/p>\n<p>En esta ceremonia cont\u00f3 con la participaci\u00f3n del decano de la facultad Freddy Calder\u00f3n Ramos, personal administrativo, docente y alumnos de la facultad.<\/p>\n<p><img loading=\"lazy\" decoding=\"async\" class=\"alignnone size-medium wp-image-4616\" src=\"https:\/\/www.unica.edu.pe\/noticias\/wp-content\/uploads\/2019\/11\/102-1-300x225.jpg\" alt=\"\" width=\"300\" height=\"225\" srcset=\"https:\/\/www.unica.edu.pe\/noticias\/wp-content\/uploads\/2019\/11\/102-1-300x225.jpg 300w, https:\/\/www.unica.edu.pe\/noticias\/wp-content\/uploads\/2019\/11\/102-1-768x576.jpg 768w, https:\/\/www.unica.edu.pe\/noticias\/wp-content\/uploads\/2019\/11\/102-1.jpg 960w\" sizes=\"auto, (max-width: 300px) 100vw, 300px\" \/><\/p>\n<p><img loading=\"lazy\" decoding=\"async\" class=\"alignnone size-medium wp-image-4617\" src=\"https:\/\/www.unica.edu.pe\/noticias\/wp-content\/uploads\/2019\/11\/103-1-225x300.jpg\" alt=\"\" width=\"225\" height=\"300\" srcset=\"https:\/\/www.unica.edu.pe\/noticias\/wp-content\/uploads\/2019\/11\/103-1-225x300.jpg 225w, https:\/\/www.unica.edu.pe\/noticias\/wp-content\/uploads\/2019\/11\/103-1.jpg 720w\" sizes=\"auto, (max-width: 225px) 100vw, 225px\" \/><\/p>\n<p><img loading=\"lazy\" decoding=\"async\" class=\"alignnone size-medium wp-image-4618\" src=\"https:\/\/www.unica.edu.pe\/noticias\/wp-content\/uploads\/2019\/11\/104-1-300x225.jpg\" alt=\"\" width=\"300\" height=\"225\" srcset=\"https:\/\/www.unica.edu.pe\/noticias\/wp-content\/uploads\/2019\/11\/104-1-300x225.jpg 300w, https:\/\/www.unica.edu.pe\/noticias\/wp-content\/uploads\/2019\/11\/104-1-768x576.jpg 768w, https:\/\/www.unica.edu.pe\/noticias\/wp-content\/uploads\/2019\/11\/104-1.jpg 960w\" sizes=\"auto, (max-width: 300px) 100vw, 300px\" \/> <img loading=\"lazy\" decoding=\"async\" class=\"alignnone size-medium wp-image-4619\" src=\"https:\/\/www.unica.edu.pe\/noticias\/wp-content\/uploads\/2019\/11\/105-1-300x225.jpg\" alt=\"\" width=\"300\" height=\"225\" srcset=\"https:\/\/www.unica.edu.pe\/noticias\/wp-content\/uploads\/2019\/11\/105-1-300x225.jpg 300w, https:\/\/www.unica.edu.pe\/noticias\/wp-content\/uploads\/2019\/11\/105-1-768x576.jpg 768w, https:\/\/www.unica.edu.pe\/noticias\/wp-content\/uploads\/2019\/11\/105-1.jpg 960w\" sizes=\"auto, (max-width: 300px) 100vw, 300px\" \/> <img loading=\"lazy\" decoding=\"async\" class=\"alignnone size-medium wp-image-4620\" src=\"https:\/\/www.unica.edu.pe\/noticias\/wp-content\/uploads\/2019\/11\/106-1-300x225.jpg\" alt=\"\" width=\"300\" height=\"225\" srcset=\"https:\/\/www.unica.edu.pe\/noticias\/wp-content\/uploads\/2019\/11\/106-1-300x225.jpg 300w, https:\/\/www.unica.edu.pe\/noticias\/wp-content\/uploads\/2019\/11\/106-1-768x576.jpg 768w, https:\/\/www.unica.edu.pe\/noticias\/wp-content\/uploads\/2019\/11\/106-1.jpg 960w\" sizes=\"auto, (max-width: 300px) 100vw, 300px\" \/> <img loading=\"lazy\" decoding=\"async\" class=\"alignnone size-medium wp-image-4621\" src=\"https:\/\/www.unica.edu.pe\/noticias\/wp-content\/uploads\/2019\/11\/107-1-300x225.jpg\" alt=\"\" width=\"300\" height=\"225\" srcset=\"https:\/\/www.unica.edu.pe\/noticias\/wp-content\/uploads\/2019\/11\/107-1-300x225.jpg 300w, https:\/\/www.unica.edu.pe\/noticias\/wp-content\/uploads\/2019\/11\/107-1-768x576.jpg 768w, https:\/\/www.unica.edu.pe\/noticias\/wp-content\/uploads\/2019\/11\/107-1.jpg 960w\" sizes=\"auto, (max-width: 300px) 100vw, 300px\" \/> <img loading=\"lazy\" decoding=\"async\" class=\"alignnone size-medium wp-image-4622\" src=\"https:\/\/www.unica.edu.pe\/noticias\/wp-content\/uploads\/2019\/11\/108-1-300x225.jpg\" alt=\"\" width=\"300\" height=\"225\" srcset=\"https:\/\/www.unica.edu.pe\/noticias\/wp-content\/uploads\/2019\/11\/108-1-300x225.jpg 300w, https:\/\/www.unica.edu.pe\/noticias\/wp-content\/uploads\/2019\/11\/108-1-768x576.jpg 768w, https:\/\/www.unica.edu.pe\/noticias\/wp-content\/uploads\/2019\/11\/108-1.jpg 960w\" sizes=\"auto, (max-width: 300px) 100vw, 300px\" \/> <img loading=\"lazy\" decoding=\"async\" class=\"alignnone size-medium wp-image-4623\" src=\"https:\/\/www.unica.edu.pe\/noticias\/wp-content\/uploads\/2019\/11\/109-1-300x225.jpg\" alt=\"\" width=\"300\" height=\"225\" srcset=\"https:\/\/www.unica.edu.pe\/noticias\/wp-content\/uploads\/2019\/11\/109-1-300x225.jpg 300w, https:\/\/www.unica.edu.pe\/noticias\/wp-content\/uploads\/2019\/11\/109-1-768x576.jpg 768w, https:\/\/www.unica.edu.pe\/noticias\/wp-content\/uploads\/2019\/11\/109-1.jpg 960w\" sizes=\"auto, (max-width: 300px) 100vw, 300px\" \/> <img loading=\"lazy\" decoding=\"async\" class=\"alignnone size-medium wp-image-4624\" src=\"https:\/\/www.unica.edu.pe\/noticias\/wp-content\/uploads\/2019\/11\/111-300x225.jpg\" alt=\"\" width=\"300\" height=\"225\" srcset=\"https:\/\/www.unica.edu.pe\/noticias\/wp-content\/uploads\/2019\/11\/111-300x225.jpg 300w, https:\/\/www.unica.edu.pe\/noticias\/wp-content\/uploads\/2019\/11\/111-768x576.jpg 768w, https:\/\/www.unica.edu.pe\/noticias\/wp-content\/uploads\/2019\/11\/111.jpg 960w\" sizes=\"auto, (max-width: 300px) 100vw, 300px\" \/> <img loading=\"lazy\" decoding=\"async\" class=\"alignnone size-medium wp-image-4625\" src=\"https:\/\/www.unica.edu.pe\/noticias\/wp-content\/uploads\/2019\/11\/112-300x225.jpg\" alt=\"\" width=\"300\" height=\"225\" srcset=\"https:\/\/www.unica.edu.pe\/noticias\/wp-content\/uploads\/2019\/11\/112-300x225.jpg 300w, https:\/\/www.unica.edu.pe\/noticias\/wp-content\/uploads\/2019\/11\/112-768x576.jpg 768w, https:\/\/www.unica.edu.pe\/noticias\/wp-content\/uploads\/2019\/11\/112.jpg 960w\" sizes=\"auto, (max-width: 300px) 100vw, 300px\" \/> <img loading=\"lazy\" decoding=\"async\" class=\"alignnone size-medium wp-image-4626\" src=\"https:\/\/www.unica.edu.pe\/noticias\/wp-content\/uploads\/2019\/11\/114-300x225.jpg\" alt=\"\" width=\"300\" height=\"225\" srcset=\"https:\/\/www.unica.edu.pe\/noticias\/wp-content\/uploads\/2019\/11\/114-300x225.jpg 300w, https:\/\/www.unica.edu.pe\/noticias\/wp-content\/uploads\/2019\/11\/114-768x576.jpg 768w, https:\/\/www.unica.edu.pe\/noticias\/wp-content\/uploads\/2019\/11\/114.jpg 960w\" sizes=\"auto, (max-width: 300px) 100vw, 300px\" \/><\/p>\n","protected":false},"excerpt":{"rendered":"<p>#D\u00edadelB\u00edologo La facultad de Ciencias Biol\u00f3gicas rinde homenaje a los Biologo en su d\u00eda y en el Per\u00fa se conmemora los 72 Aniversario del \u00abD\u00eda del Bi\u00f3logo\u00bb. En esta ceremonia cont\u00f3 con la participaci\u00f3n del decano de la facultad Freddy Calder\u00f3n Ramos, personal administrativo, docente y alumnos de la facultad.<\/p>\n","protected":false},"author":1,"featured_media":0,"comment_status":"open","ping_status":"open","sticky":false,"template":"","format":"standard","meta":{"footnotes":""},"categories":[7],"tags":[],"class_list":["post-4615","post","type-post","status-publish","format-standard","hentry","category-noticias"],"_links":{"self":[{"href":"https:\/\/www.unica.edu.pe\/noticias\/wp-json\/wp\/v2\/posts\/4615","targetHints":{"allow":["GET"]}}],"collection":[{"href":"https:\/\/www.unica.edu.pe\/noticias\/wp-json\/wp\/v2\/posts"}],"about":[{"href":"https:\/\/www.unica.edu.pe\/noticias\/wp-json\/wp\/v2\/types\/post"}],"author":[{"embeddable":true,"href":"https:\/\/www.unica.edu.pe\/noticias\/wp-json\/wp\/v2\/users\/1"}],"replies":[{"embeddable":true,"href":"https:\/\/www.unica.edu.pe\/noticias\/wp-json\/wp\/v2\/comments?post=4615"}],"version-history":[{"count":1,"href":"https:\/\/www.unica.edu.pe\/noticias\/wp-json\/wp\/v2\/posts\/4615\/revisions"}],"predecessor-version":[{"id":4627,"href":"https:\/\/www.unica.edu.pe\/noticias\/wp-json\/wp\/v2\/posts\/4615\/revisions\/4627"}],"wp:attachment":[{"href":"https:\/\/www.unica.edu.pe\/noticias\/wp-json\/wp\/v2\/media?parent=4615"}],"wp:term":[{"taxonomy":"category","embeddable":true,"href":"https:\/\/www.unica.edu.pe\/noticias\/wp-json\/wp\/v2\/categories?post=4615"},{"taxonomy":"post_tag","embeddable":true,"href":"https:\/\/www.unica.edu.pe\/noticias\/wp-json\/wp\/v2\/tags?post=4615"}],"curies":[{"name":"wp","href":"https:\/\/api.w.org\/{rel}","templated":true}]}}