{"id":4573,"date":"2019-11-25T09:30:00","date_gmt":"2019-11-25T09:30:00","guid":{"rendered":"http:\/\/www.unica.edu.pe\/noticias\/?p=4573"},"modified":"2019-11-28T15:27:23","modified_gmt":"2019-11-28T15:27:23","slug":"el-decano-de-la-facultad-de-ciencias-biologicas-dr-freddy-calderon-ramos-docentes-y-estudiantes-participaron-del-paseo-e-izamiento-del-pabellon-nacional","status":"publish","type":"post","link":"https:\/\/www.unica.edu.pe\/noticias\/2019\/11\/25\/el-decano-de-la-facultad-de-ciencias-biologicas-dr-freddy-calderon-ramos-docentes-y-estudiantes-participaron-del-paseo-e-izamiento-del-pabellon-nacional\/","title":{"rendered":"El decano de la Facultad de Ciencias Biol\u00f3gicas, Dr. Freddy Calder\u00f3n Ramos, docentes y estudiantes participaron del paseo e izamiento del pabell\u00f3n nacional"},"content":{"rendered":"<p><a class=\"_58cn\" href=\"https:\/\/www.facebook.com\/hashtag\/cc_biol%C3%B3gicas?source=feed_text&amp;epa=HASHTAG&amp;__xts__%5B0%5D=68.ARCHo0euqy1Ll6PhvW7-rap5jhio7_NQs61GlXql8Lyk-tlX5CWVPIHdEKwU72XGBYouZ_8Zmoo3QVH2rTSFAyZG8GhwOS16ae0koorwNpGJGPKhb5xcma42rtqWPEY_I6um7gWC6AawKr73y5L2V2R1hR-FqoQOfsB2Fgc-CWgpqD6sKGEOiiiVai3rNWIv-Sbgpq3hZvLsmrCfpWn0dg935kvBKVuWYASGG0U_ScP6dpqC-qLL_pszcJ-beX7eRKsk1Pz6uG-OnrCuBJuTzg5xzcsvAVshYaM9KwoRMpczKtALQpNQ3E6IULxBI2u8d1-llPpPN3iBLKxPbTWC33zVHA&amp;__tn__=%2ANK-R\" data-ft=\"{&quot;type&quot;:104,&quot;tn&quot;:&quot;*N&quot;}\"><span class=\"_5afx\"><span class=\"_58cl _5afz\" aria-label=\"hashtag\">#<\/span><span class=\"_58cm\">CC_BIOL\u00d3GICAS<\/span><\/span><\/a><br \/>\nEl decano de la Facultad de Ciencias Biol\u00f3gicas, Dr. Freddy Calder\u00f3n Ramos, docentes y estudiantes participaron del paseo e izamiento del pabell\u00f3n nacional y desfile c\u00edvico como parte de las actividades programadas en la Semana de la Biolog\u00eda.<\/p>\n<p><img loading=\"lazy\" decoding=\"async\" class=\"alignnone size-medium wp-image-4574\" src=\"https:\/\/www.unica.edu.pe\/noticias\/wp-content\/uploads\/2019\/11\/72-1-224x300.jpg\" alt=\"\" width=\"224\" height=\"300\" srcset=\"https:\/\/www.unica.edu.pe\/noticias\/wp-content\/uploads\/2019\/11\/72-1-224x300.jpg 224w, https:\/\/www.unica.edu.pe\/noticias\/wp-content\/uploads\/2019\/11\/72-1.jpg 718w\" sizes=\"auto, (max-width: 224px) 100vw, 224px\" \/><\/p>\n<p><img loading=\"lazy\" decoding=\"async\" class=\"alignnone size-medium wp-image-4575\" src=\"https:\/\/www.unica.edu.pe\/noticias\/wp-content\/uploads\/2019\/11\/73-1-300x224.jpg\" alt=\"\" width=\"300\" height=\"224\" srcset=\"https:\/\/www.unica.edu.pe\/noticias\/wp-content\/uploads\/2019\/11\/73-1-300x224.jpg 300w, https:\/\/www.unica.edu.pe\/noticias\/wp-content\/uploads\/2019\/11\/73-1-768x574.jpg 768w, https:\/\/www.unica.edu.pe\/noticias\/wp-content\/uploads\/2019\/11\/73-1.jpg 960w\" sizes=\"auto, (max-width: 300px) 100vw, 300px\" \/> <img loading=\"lazy\" decoding=\"async\" class=\"alignnone size-medium wp-image-4576\" src=\"https:\/\/www.unica.edu.pe\/noticias\/wp-content\/uploads\/2019\/11\/74-1-300x224.jpg\" alt=\"\" width=\"300\" height=\"224\" srcset=\"https:\/\/www.unica.edu.pe\/noticias\/wp-content\/uploads\/2019\/11\/74-1-300x224.jpg 300w, https:\/\/www.unica.edu.pe\/noticias\/wp-content\/uploads\/2019\/11\/74-1-768x574.jpg 768w, https:\/\/www.unica.edu.pe\/noticias\/wp-content\/uploads\/2019\/11\/74-1.jpg 960w\" sizes=\"auto, (max-width: 300px) 100vw, 300px\" \/> <img loading=\"lazy\" decoding=\"async\" class=\"alignnone size-medium wp-image-4577\" src=\"https:\/\/www.unica.edu.pe\/noticias\/wp-content\/uploads\/2019\/11\/77-1-300x224.jpg\" alt=\"\" width=\"300\" height=\"224\" srcset=\"https:\/\/www.unica.edu.pe\/noticias\/wp-content\/uploads\/2019\/11\/77-1-300x224.jpg 300w, https:\/\/www.unica.edu.pe\/noticias\/wp-content\/uploads\/2019\/11\/77-1-768x574.jpg 768w, https:\/\/www.unica.edu.pe\/noticias\/wp-content\/uploads\/2019\/11\/77-1.jpg 960w\" sizes=\"auto, (max-width: 300px) 100vw, 300px\" \/> <img loading=\"lazy\" decoding=\"async\" class=\"alignnone size-medium wp-image-4578\" src=\"https:\/\/www.unica.edu.pe\/noticias\/wp-content\/uploads\/2019\/11\/78-1-300x224.jpg\" alt=\"\" width=\"300\" height=\"224\" srcset=\"https:\/\/www.unica.edu.pe\/noticias\/wp-content\/uploads\/2019\/11\/78-1-300x224.jpg 300w, https:\/\/www.unica.edu.pe\/noticias\/wp-content\/uploads\/2019\/11\/78-1-768x574.jpg 768w, https:\/\/www.unica.edu.pe\/noticias\/wp-content\/uploads\/2019\/11\/78-1.jpg 960w\" sizes=\"auto, (max-width: 300px) 100vw, 300px\" \/> <img loading=\"lazy\" decoding=\"async\" class=\"alignnone size-medium wp-image-4579\" src=\"https:\/\/www.unica.edu.pe\/noticias\/wp-content\/uploads\/2019\/11\/80-1-300x224.jpg\" alt=\"\" width=\"300\" height=\"224\" srcset=\"https:\/\/www.unica.edu.pe\/noticias\/wp-content\/uploads\/2019\/11\/80-1-300x224.jpg 300w, https:\/\/www.unica.edu.pe\/noticias\/wp-content\/uploads\/2019\/11\/80-1-768x574.jpg 768w, https:\/\/www.unica.edu.pe\/noticias\/wp-content\/uploads\/2019\/11\/80-1.jpg 960w\" sizes=\"auto, (max-width: 300px) 100vw, 300px\" \/> <img loading=\"lazy\" decoding=\"async\" class=\"alignnone size-medium wp-image-4580\" src=\"https:\/\/www.unica.edu.pe\/noticias\/wp-content\/uploads\/2019\/11\/81-1-300x224.jpg\" alt=\"\" width=\"300\" height=\"224\" srcset=\"https:\/\/www.unica.edu.pe\/noticias\/wp-content\/uploads\/2019\/11\/81-1-300x224.jpg 300w, https:\/\/www.unica.edu.pe\/noticias\/wp-content\/uploads\/2019\/11\/81-1-768x574.jpg 768w, https:\/\/www.unica.edu.pe\/noticias\/wp-content\/uploads\/2019\/11\/81-1.jpg 960w\" sizes=\"auto, (max-width: 300px) 100vw, 300px\" \/><\/p>\n","protected":false},"excerpt":{"rendered":"<p>#CC_BIOL\u00d3GICAS El decano de la Facultad de Ciencias Biol\u00f3gicas, Dr. Freddy Calder\u00f3n Ramos, docentes y estudiantes participaron del paseo e izamiento del pabell\u00f3n nacional y desfile c\u00edvico como parte de las actividades programadas en la Semana de la Biolog\u00eda.<\/p>\n","protected":false},"author":1,"featured_media":0,"comment_status":"open","ping_status":"open","sticky":false,"template":"","format":"standard","meta":{"footnotes":""},"categories":[7],"tags":[],"class_list":["post-4573","post","type-post","status-publish","format-standard","hentry","category-noticias"],"_links":{"self":[{"href":"https:\/\/www.unica.edu.pe\/noticias\/wp-json\/wp\/v2\/posts\/4573","targetHints":{"allow":["GET"]}}],"collection":[{"href":"https:\/\/www.unica.edu.pe\/noticias\/wp-json\/wp\/v2\/posts"}],"about":[{"href":"https:\/\/www.unica.edu.pe\/noticias\/wp-json\/wp\/v2\/types\/post"}],"author":[{"embeddable":true,"href":"https:\/\/www.unica.edu.pe\/noticias\/wp-json\/wp\/v2\/users\/1"}],"replies":[{"embeddable":true,"href":"https:\/\/www.unica.edu.pe\/noticias\/wp-json\/wp\/v2\/comments?post=4573"}],"version-history":[{"count":1,"href":"https:\/\/www.unica.edu.pe\/noticias\/wp-json\/wp\/v2\/posts\/4573\/revisions"}],"predecessor-version":[{"id":4581,"href":"https:\/\/www.unica.edu.pe\/noticias\/wp-json\/wp\/v2\/posts\/4573\/revisions\/4581"}],"wp:attachment":[{"href":"https:\/\/www.unica.edu.pe\/noticias\/wp-json\/wp\/v2\/media?parent=4573"}],"wp:term":[{"taxonomy":"category","embeddable":true,"href":"https:\/\/www.unica.edu.pe\/noticias\/wp-json\/wp\/v2\/categories?post=4573"},{"taxonomy":"post_tag","embeddable":true,"href":"https:\/\/www.unica.edu.pe\/noticias\/wp-json\/wp\/v2\/tags?post=4573"}],"curies":[{"name":"wp","href":"https:\/\/api.w.org\/{rel}","templated":true}]}}