{"id":45414,"date":"2026-03-26T15:59:00","date_gmt":"2026-03-26T20:59:00","guid":{"rendered":"https:\/\/www.unica.edu.pe\/noticias\/?p=45414"},"modified":"2026-03-27T08:27:29","modified_gmt":"2026-03-27T13:27:29","slug":"imagenes-de-la-capacitacion-biblioteca-virtual-concytec","status":"publish","type":"post","link":"https:\/\/www.unica.edu.pe\/noticias\/2026\/03\/26\/imagenes-de-la-capacitacion-biblioteca-virtual-concytec\/","title":{"rendered":"IM\u00c1GENES DE LA CAPACITACI\u00d3N: BIBLIOTECA VIRTUAL CONCYTEC"},"content":{"rendered":"\n<p>El d\u00eda de hoy, el CONCYTEC, en coordinaci\u00f3n con el Vicerrectorado de Investigaci\u00f3n (VRI), desarroll\u00f3 la capacitaci\u00f3n presencial sobre la Biblioteca Virtual CONCYTEC <img loading=\"lazy\" decoding=\"async\" height=\"16\" width=\"16\" alt=\"\ud83d\udcda\" src=\"https:\/\/static.xx.fbcdn.net\/images\/emoji.php\/v9\/t49\/1\/16\/1f4da.png\">, dirigida a docentes de nuestra casa de estudios, con el objetivo de fortalecer su formaci\u00f3n acad\u00e9mica e investigativa <img loading=\"lazy\" decoding=\"async\" height=\"16\" width=\"16\" alt=\"\ud83c\udf93\" src=\"https:\/\/static.xx.fbcdn.net\/images\/emoji.php\/v9\/t25\/1\/16\/1f393.png\">.<\/p>\n\n\n\n<p>En ese marco, recibimos la visita de Isabel Recavarren <img loading=\"lazy\" decoding=\"async\" height=\"16\" width=\"16\" alt=\"\ud83d\udc69\u200d\ud83d\udcbc\" src=\"https:\/\/static.xx.fbcdn.net\/images\/emoji.php\/v9\/t79\/1\/16\/1f469_200d_1f4bc.png\">, subdirectora de Gesti\u00f3n de Informaci\u00f3n y Conocimiento del CONCYTEC, as\u00ed como de Carolina Reina <img loading=\"lazy\" decoding=\"async\" height=\"16\" width=\"16\" alt=\"\ud83d\udc69\u200d\ud83d\udcbb\" src=\"https:\/\/static.xx.fbcdn.net\/images\/emoji.php\/v9\/tf8\/1\/16\/1f469_200d_1f4bb.png\">, representante de EBSCO. Asimismo, contamos con la presencia de la Dra. Paquita Uribe <img loading=\"lazy\" decoding=\"async\" height=\"16\" width=\"16\" alt=\"\ud83d\udc69\u200d\ud83c\udfeb\" src=\"https:\/\/static.xx.fbcdn.net\/images\/emoji.php\/v9\/t94\/1\/16\/1f469_200d_1f3eb.png\">, vicerrectora de Investigaci\u00f3n.<\/p>\n\n\n\n<p><img loading=\"lazy\" decoding=\"async\" height=\"16\" width=\"16\" alt=\"\ud83d\udcf2\" src=\"https:\/\/static.xx.fbcdn.net\/images\/emoji.php\/v9\/td8\/1\/16\/1f4f2.png\"> S\u00edguenos para conocer m\u00e1s actividades acad\u00e9micas y de investigaci\u00f3n.<\/p>\n\n\n\n<figure class=\"wp-block-image size-full\"><img loading=\"lazy\" decoding=\"async\" width=\"452\" height=\"457\" src=\"https:\/\/www.unica.edu.pe\/noticias\/wp-content\/uploads\/2026\/03\/image-154.png\" alt=\"\" class=\"wp-image-45415\" srcset=\"https:\/\/www.unica.edu.pe\/noticias\/wp-content\/uploads\/2026\/03\/image-154.png 452w, https:\/\/www.unica.edu.pe\/noticias\/wp-content\/uploads\/2026\/03\/image-154-297x300.png 297w, https:\/\/www.unica.edu.pe\/noticias\/wp-content\/uploads\/2026\/03\/image-154-100x100.png 100w\" sizes=\"auto, (max-width: 452px) 100vw, 452px\" \/><\/figure>\n","protected":false},"excerpt":{"rendered":"<p>El d\u00eda de hoy, el CONCYTEC, en coordinaci\u00f3n con el Vicerrectorado de Investigaci\u00f3n (VRI), desarroll\u00f3 la capacitaci\u00f3n presencial sobre la Biblioteca Virtual CONCYTEC , dirigida a docentes de nuestra casa de estudios, con el objetivo de fortalecer su formaci\u00f3n acad\u00e9mica e investigativa . En ese marco, recibimos la visita de Isabel Recavarren , subdirectora de &hellip; <\/p>\n<p class=\"link-more\"><a href=\"https:\/\/www.unica.edu.pe\/noticias\/2026\/03\/26\/imagenes-de-la-capacitacion-biblioteca-virtual-concytec\/\" class=\"more-link\">Continuar leyendo<span class=\"screen-reader-text\"> \u00abIM\u00c1GENES DE LA CAPACITACI\u00d3N: BIBLIOTECA VIRTUAL CONCYTEC\u00bb<\/span><\/a><\/p>\n","protected":false},"author":4,"featured_media":0,"comment_status":"closed","ping_status":"open","sticky":false,"template":"","format":"standard","meta":{"footnotes":""},"categories":[7],"tags":[],"class_list":["post-45414","post","type-post","status-publish","format-standard","hentry","category-noticias"],"_links":{"self":[{"href":"https:\/\/www.unica.edu.pe\/noticias\/wp-json\/wp\/v2\/posts\/45414","targetHints":{"allow":["GET"]}}],"collection":[{"href":"https:\/\/www.unica.edu.pe\/noticias\/wp-json\/wp\/v2\/posts"}],"about":[{"href":"https:\/\/www.unica.edu.pe\/noticias\/wp-json\/wp\/v2\/types\/post"}],"author":[{"embeddable":true,"href":"https:\/\/www.unica.edu.pe\/noticias\/wp-json\/wp\/v2\/users\/4"}],"replies":[{"embeddable":true,"href":"https:\/\/www.unica.edu.pe\/noticias\/wp-json\/wp\/v2\/comments?post=45414"}],"version-history":[{"count":1,"href":"https:\/\/www.unica.edu.pe\/noticias\/wp-json\/wp\/v2\/posts\/45414\/revisions"}],"predecessor-version":[{"id":45416,"href":"https:\/\/www.unica.edu.pe\/noticias\/wp-json\/wp\/v2\/posts\/45414\/revisions\/45416"}],"wp:attachment":[{"href":"https:\/\/www.unica.edu.pe\/noticias\/wp-json\/wp\/v2\/media?parent=45414"}],"wp:term":[{"taxonomy":"category","embeddable":true,"href":"https:\/\/www.unica.edu.pe\/noticias\/wp-json\/wp\/v2\/categories?post=45414"},{"taxonomy":"post_tag","embeddable":true,"href":"https:\/\/www.unica.edu.pe\/noticias\/wp-json\/wp\/v2\/tags?post=45414"}],"curies":[{"name":"wp","href":"https:\/\/api.w.org\/{rel}","templated":true}]}}