{"id":4528,"date":"2019-11-21T13:58:13","date_gmt":"2019-11-21T13:58:13","guid":{"rendered":"http:\/\/www.unica.edu.pe\/noticias\/?p=4528"},"modified":"2019-11-22T15:59:41","modified_gmt":"2019-11-22T15:59:41","slug":"imagenes-de-la-instalacion-de-la-comision-tecnica-para-elaborar-el-plan-de-emergencia-de-unica-realizada-el-dia-de-ayer-20-de-noviembre-sito-en-la-ciudad-universitaria","status":"publish","type":"post","link":"https:\/\/www.unica.edu.pe\/noticias\/2019\/11\/21\/imagenes-de-la-instalacion-de-la-comision-tecnica-para-elaborar-el-plan-de-emergencia-de-unica-realizada-el-dia-de-ayer-20-de-noviembre-sito-en-la-ciudad-universitaria\/","title":{"rendered":"Im\u00e1genes de la Instalaci\u00f3n de la Comisi\u00f3n T\u00e9cnica, para elaborar el Plan de Emergencia de UNICA realizada el dia de ayer 20 de noviembre sito en la ciudad universitaria."},"content":{"rendered":"<p><a class=\"_58cn\" href=\"https:\/\/www.facebook.com\/hashtag\/comisi%C3%B3nt%C3%A9cnica?source=feed_text&amp;epa=HASHTAG&amp;__xts__%5B0%5D=68.ARBhlS4WbsLnVLaBgt2NWT77dfcXZUSF8Zx2r-H0XcO5NxPI1eppWwFssDSiIguURtmzPvkmsyOOZQLT9N7_K3-ifb7FTGJUA9pzAYpqPL3RzMU8uGb8GvbQReEkX2h_6iCgL86VZIKGuhFAnZZUQNNAFiRct_wY8B6vSlewV3oKJv1QOBcR-ceAKGJ2SGZZz_njx9XiKxhvlb-_2hJSuffRtV96N493Ql_5JhGI2OwDn-xjJMJCyFyVqUYW2G-cQVkLzRfVLj248c9DdvhX6ysYntbZUOYbEY_zGqkkCc604UD2INsjA9nQu-AKz9RvCECEEdJXEz6IXeurTOS2Ay724g&amp;__tn__=%2ANK-R\" data-ft=\"{&quot;type&quot;:104,&quot;tn&quot;:&quot;*N&quot;}\"><span class=\"_5afx\"><span class=\"_58cl _5afz\" aria-label=\"hashtag\">#<\/span><span class=\"_58cm\">Comisi\u00f3nT\u00e9cnica<\/span><\/span><\/a><br \/>\n<a class=\"_58cn\" href=\"https:\/\/www.facebook.com\/hashtag\/minedu?source=feed_text&amp;epa=HASHTAG&amp;__xts__%5B0%5D=68.ARBhlS4WbsLnVLaBgt2NWT77dfcXZUSF8Zx2r-H0XcO5NxPI1eppWwFssDSiIguURtmzPvkmsyOOZQLT9N7_K3-ifb7FTGJUA9pzAYpqPL3RzMU8uGb8GvbQReEkX2h_6iCgL86VZIKGuhFAnZZUQNNAFiRct_wY8B6vSlewV3oKJv1QOBcR-ceAKGJ2SGZZz_njx9XiKxhvlb-_2hJSuffRtV96N493Ql_5JhGI2OwDn-xjJMJCyFyVqUYW2G-cQVkLzRfVLj248c9DdvhX6ysYntbZUOYbEY_zGqkkCc604UD2INsjA9nQu-AKz9RvCECEEdJXEz6IXeurTOS2Ay724g&amp;__tn__=%2ANK-R\" data-ft=\"{&quot;type&quot;:104,&quot;tn&quot;:&quot;*N&quot;}\"><span class=\"_5afx\"><span class=\"_58cl _5afz\" aria-label=\"hashtag\">#<\/span><span class=\"_58cm\">Minedu<\/span><\/span><\/a>\u00a0<a class=\"_58cn\" href=\"https:\/\/www.facebook.com\/hashtag\/unica?source=feed_text&amp;epa=HASHTAG&amp;__xts__%5B0%5D=68.ARBhlS4WbsLnVLaBgt2NWT77dfcXZUSF8Zx2r-H0XcO5NxPI1eppWwFssDSiIguURtmzPvkmsyOOZQLT9N7_K3-ifb7FTGJUA9pzAYpqPL3RzMU8uGb8GvbQReEkX2h_6iCgL86VZIKGuhFAnZZUQNNAFiRct_wY8B6vSlewV3oKJv1QOBcR-ceAKGJ2SGZZz_njx9XiKxhvlb-_2hJSuffRtV96N493Ql_5JhGI2OwDn-xjJMJCyFyVqUYW2G-cQVkLzRfVLj248c9DdvhX6ysYntbZUOYbEY_zGqkkCc604UD2INsjA9nQu-AKz9RvCECEEdJXEz6IXeurTOS2Ay724g&amp;__tn__=%2ANK-R\" data-ft=\"{&quot;type&quot;:104,&quot;tn&quot;:&quot;*N&quot;}\"><span class=\"_5afx\"><span class=\"_58cl _5afz\" aria-label=\"hashtag\">#<\/span><span class=\"_58cm\">Unica<\/span><\/span><\/a><\/p>\n<p>Im\u00e1genes de la Instalaci\u00f3n de la Comisi\u00f3n T\u00e9cnica, para elaborar el Plan de Emergencia de UNICA realizada el dia de ayer 20 de noviembre sito en la ciudad universitaria.<\/p>\n<div class=\"text_exposed_show\">\n<p>En esta jornada de trabajo participaron los miembros integrantes de la Comisi\u00f3n T\u00e9cnica:<br \/>\nSra. presidenta Ana Patricia Andrade Pacora Vice Ministra de Educaci\u00f3n, Sr. Secretario T\u00e9cnico Jorge Eduardo Mori Valenzuela Director General de Educaci\u00f3n Superior Universitaria MINEDU, Sra. Pierina Elizabeth Saavedra Tapia representante de la Oficina de Planificaci\u00f3n Estrat\u00e9gica y Presupuesto MINEDU, Sr. Michael Vladimir Alc\u00e1zar Huarcaya representante de la Oficina General de Gesti\u00f3n de la Calidad UNICA, Sra. Yngrid Amelia Aparcana Felipa representante de la Oficina General de Planificaci\u00f3n Universitaria UNICA, Sra. Divina Amparo Vargas Amparo Vargas P\u00e9rez representante de la Oficina General de Administraci\u00f3n UNICA.<\/p>\n<p>Adem\u00e1s de la participaci\u00f3n como invitados los miembros alternos, dentro de los acuerdos se aprob\u00f3 el cronograma de trabajo para la elaboraci\u00f3n del Plan de Emergencia.<\/p>\n<p><img loading=\"lazy\" decoding=\"async\" class=\"alignnone size-medium wp-image-4529\" src=\"https:\/\/www.unica.edu.pe\/noticias\/wp-content\/uploads\/2019\/11\/98-300x200.jpg\" alt=\"\" width=\"300\" height=\"200\" srcset=\"https:\/\/www.unica.edu.pe\/noticias\/wp-content\/uploads\/2019\/11\/98-300x200.jpg 300w, https:\/\/www.unica.edu.pe\/noticias\/wp-content\/uploads\/2019\/11\/98-768x511.jpg 768w, https:\/\/www.unica.edu.pe\/noticias\/wp-content\/uploads\/2019\/11\/98.jpg 960w\" sizes=\"auto, (max-width: 300px) 100vw, 300px\" \/> <img loading=\"lazy\" decoding=\"async\" class=\"alignnone size-medium wp-image-4530\" src=\"https:\/\/www.unica.edu.pe\/noticias\/wp-content\/uploads\/2019\/11\/99-300x200.jpg\" alt=\"\" width=\"300\" height=\"200\" srcset=\"https:\/\/www.unica.edu.pe\/noticias\/wp-content\/uploads\/2019\/11\/99-300x200.jpg 300w, https:\/\/www.unica.edu.pe\/noticias\/wp-content\/uploads\/2019\/11\/99-768x511.jpg 768w, https:\/\/www.unica.edu.pe\/noticias\/wp-content\/uploads\/2019\/11\/99.jpg 960w\" sizes=\"auto, (max-width: 300px) 100vw, 300px\" \/> <img loading=\"lazy\" decoding=\"async\" class=\"alignnone size-medium wp-image-4531\" src=\"https:\/\/www.unica.edu.pe\/noticias\/wp-content\/uploads\/2019\/11\/100-300x200.jpg\" alt=\"\" width=\"300\" height=\"200\" srcset=\"https:\/\/www.unica.edu.pe\/noticias\/wp-content\/uploads\/2019\/11\/100-300x200.jpg 300w, https:\/\/www.unica.edu.pe\/noticias\/wp-content\/uploads\/2019\/11\/100-768x511.jpg 768w, https:\/\/www.unica.edu.pe\/noticias\/wp-content\/uploads\/2019\/11\/100.jpg 960w\" sizes=\"auto, (max-width: 300px) 100vw, 300px\" \/> <img loading=\"lazy\" decoding=\"async\" class=\"alignnone size-medium wp-image-4532\" src=\"https:\/\/www.unica.edu.pe\/noticias\/wp-content\/uploads\/2019\/11\/101-300x200.jpg\" alt=\"\" width=\"300\" height=\"200\" srcset=\"https:\/\/www.unica.edu.pe\/noticias\/wp-content\/uploads\/2019\/11\/101-300x200.jpg 300w, https:\/\/www.unica.edu.pe\/noticias\/wp-content\/uploads\/2019\/11\/101-768x511.jpg 768w, https:\/\/www.unica.edu.pe\/noticias\/wp-content\/uploads\/2019\/11\/101.jpg 960w\" sizes=\"auto, (max-width: 300px) 100vw, 300px\" \/> <img loading=\"lazy\" decoding=\"async\" class=\"alignnone size-medium wp-image-4533\" src=\"https:\/\/www.unica.edu.pe\/noticias\/wp-content\/uploads\/2019\/11\/102-300x200.jpg\" alt=\"\" width=\"300\" height=\"200\" srcset=\"https:\/\/www.unica.edu.pe\/noticias\/wp-content\/uploads\/2019\/11\/102-300x200.jpg 300w, https:\/\/www.unica.edu.pe\/noticias\/wp-content\/uploads\/2019\/11\/102-768x511.jpg 768w, https:\/\/www.unica.edu.pe\/noticias\/wp-content\/uploads\/2019\/11\/102.jpg 960w\" sizes=\"auto, (max-width: 300px) 100vw, 300px\" \/> <img loading=\"lazy\" decoding=\"async\" class=\"alignnone size-medium wp-image-4534\" src=\"https:\/\/www.unica.edu.pe\/noticias\/wp-content\/uploads\/2019\/11\/103-300x200.jpg\" alt=\"\" width=\"300\" height=\"200\" srcset=\"https:\/\/www.unica.edu.pe\/noticias\/wp-content\/uploads\/2019\/11\/103-300x200.jpg 300w, https:\/\/www.unica.edu.pe\/noticias\/wp-content\/uploads\/2019\/11\/103-768x511.jpg 768w, https:\/\/www.unica.edu.pe\/noticias\/wp-content\/uploads\/2019\/11\/103.jpg 960w\" sizes=\"auto, (max-width: 300px) 100vw, 300px\" \/> <img loading=\"lazy\" decoding=\"async\" class=\"alignnone size-medium wp-image-4535\" src=\"https:\/\/www.unica.edu.pe\/noticias\/wp-content\/uploads\/2019\/11\/104-300x200.jpg\" alt=\"\" width=\"300\" height=\"200\" srcset=\"https:\/\/www.unica.edu.pe\/noticias\/wp-content\/uploads\/2019\/11\/104-300x200.jpg 300w, https:\/\/www.unica.edu.pe\/noticias\/wp-content\/uploads\/2019\/11\/104-768x511.jpg 768w, https:\/\/www.unica.edu.pe\/noticias\/wp-content\/uploads\/2019\/11\/104.jpg 960w\" sizes=\"auto, (max-width: 300px) 100vw, 300px\" \/> <img loading=\"lazy\" decoding=\"async\" class=\"alignnone size-medium wp-image-4536\" src=\"https:\/\/www.unica.edu.pe\/noticias\/wp-content\/uploads\/2019\/11\/105-300x200.jpg\" alt=\"\" width=\"300\" height=\"200\" srcset=\"https:\/\/www.unica.edu.pe\/noticias\/wp-content\/uploads\/2019\/11\/105-300x200.jpg 300w, https:\/\/www.unica.edu.pe\/noticias\/wp-content\/uploads\/2019\/11\/105-768x511.jpg 768w, https:\/\/www.unica.edu.pe\/noticias\/wp-content\/uploads\/2019\/11\/105.jpg 960w\" sizes=\"auto, (max-width: 300px) 100vw, 300px\" \/> <img loading=\"lazy\" decoding=\"async\" class=\"alignnone size-medium wp-image-4537\" src=\"https:\/\/www.unica.edu.pe\/noticias\/wp-content\/uploads\/2019\/11\/106-300x200.jpg\" alt=\"\" width=\"300\" height=\"200\" srcset=\"https:\/\/www.unica.edu.pe\/noticias\/wp-content\/uploads\/2019\/11\/106-300x200.jpg 300w, https:\/\/www.unica.edu.pe\/noticias\/wp-content\/uploads\/2019\/11\/106-768x511.jpg 768w, https:\/\/www.unica.edu.pe\/noticias\/wp-content\/uploads\/2019\/11\/106.jpg 960w\" sizes=\"auto, (max-width: 300px) 100vw, 300px\" \/> <img loading=\"lazy\" decoding=\"async\" class=\"alignnone size-medium wp-image-4538\" src=\"https:\/\/www.unica.edu.pe\/noticias\/wp-content\/uploads\/2019\/11\/107-300x200.jpg\" alt=\"\" width=\"300\" height=\"200\" srcset=\"https:\/\/www.unica.edu.pe\/noticias\/wp-content\/uploads\/2019\/11\/107-300x200.jpg 300w, https:\/\/www.unica.edu.pe\/noticias\/wp-content\/uploads\/2019\/11\/107-768x511.jpg 768w, https:\/\/www.unica.edu.pe\/noticias\/wp-content\/uploads\/2019\/11\/107.jpg 960w\" sizes=\"auto, (max-width: 300px) 100vw, 300px\" \/><\/p>\n<\/div>\n","protected":false},"excerpt":{"rendered":"<p>#Comisi\u00f3nT\u00e9cnica #Minedu\u00a0#Unica Im\u00e1genes de la Instalaci\u00f3n de la Comisi\u00f3n T\u00e9cnica, para elaborar el Plan de Emergencia de UNICA realizada el dia de ayer 20 de noviembre sito en la ciudad universitaria. En esta jornada de trabajo participaron los miembros integrantes de la Comisi\u00f3n T\u00e9cnica: Sra. presidenta Ana Patricia Andrade Pacora Vice Ministra de Educaci\u00f3n, Sr. &hellip; <\/p>\n<p class=\"link-more\"><a href=\"https:\/\/www.unica.edu.pe\/noticias\/2019\/11\/21\/imagenes-de-la-instalacion-de-la-comision-tecnica-para-elaborar-el-plan-de-emergencia-de-unica-realizada-el-dia-de-ayer-20-de-noviembre-sito-en-la-ciudad-universitaria\/\" class=\"more-link\">Continuar leyendo<span class=\"screen-reader-text\"> \u00abIm\u00e1genes de la Instalaci\u00f3n de la Comisi\u00f3n T\u00e9cnica, para elaborar el Plan de Emergencia de UNICA realizada el dia de ayer 20 de noviembre sito en la ciudad universitaria.\u00bb<\/span><\/a><\/p>\n","protected":false},"author":1,"featured_media":0,"comment_status":"open","ping_status":"open","sticky":false,"template":"","format":"standard","meta":{"footnotes":""},"categories":[7],"tags":[],"class_list":["post-4528","post","type-post","status-publish","format-standard","hentry","category-noticias"],"_links":{"self":[{"href":"https:\/\/www.unica.edu.pe\/noticias\/wp-json\/wp\/v2\/posts\/4528","targetHints":{"allow":["GET"]}}],"collection":[{"href":"https:\/\/www.unica.edu.pe\/noticias\/wp-json\/wp\/v2\/posts"}],"about":[{"href":"https:\/\/www.unica.edu.pe\/noticias\/wp-json\/wp\/v2\/types\/post"}],"author":[{"embeddable":true,"href":"https:\/\/www.unica.edu.pe\/noticias\/wp-json\/wp\/v2\/users\/1"}],"replies":[{"embeddable":true,"href":"https:\/\/www.unica.edu.pe\/noticias\/wp-json\/wp\/v2\/comments?post=4528"}],"version-history":[{"count":1,"href":"https:\/\/www.unica.edu.pe\/noticias\/wp-json\/wp\/v2\/posts\/4528\/revisions"}],"predecessor-version":[{"id":4539,"href":"https:\/\/www.unica.edu.pe\/noticias\/wp-json\/wp\/v2\/posts\/4528\/revisions\/4539"}],"wp:attachment":[{"href":"https:\/\/www.unica.edu.pe\/noticias\/wp-json\/wp\/v2\/media?parent=4528"}],"wp:term":[{"taxonomy":"category","embeddable":true,"href":"https:\/\/www.unica.edu.pe\/noticias\/wp-json\/wp\/v2\/categories?post=4528"},{"taxonomy":"post_tag","embeddable":true,"href":"https:\/\/www.unica.edu.pe\/noticias\/wp-json\/wp\/v2\/tags?post=4528"}],"curies":[{"name":"wp","href":"https:\/\/api.w.org\/{rel}","templated":true}]}}