{"id":45279,"date":"2026-03-21T10:48:00","date_gmt":"2026-03-21T15:48:00","guid":{"rendered":"https:\/\/www.unica.edu.pe\/noticias\/?p=45279"},"modified":"2026-03-23T10:08:27","modified_gmt":"2026-03-23T15:08:27","slug":"ciclo-introductorio-general-dirigido-a-todas-las-facultades","status":"publish","type":"post","link":"https:\/\/www.unica.edu.pe\/noticias\/2026\/03\/21\/ciclo-introductorio-general-dirigido-a-todas-las-facultades\/","title":{"rendered":"CICLO INTRODUCTORIO GENERAL DIRIGIDO A TODAS LAS FACULTADES"},"content":{"rendered":"\n<p><img loading=\"lazy\" decoding=\"async\" height=\"16\" width=\"16\" alt=\"\ud83d\udea8\" src=\"https:\/\/static.xx.fbcdn.net\/images\/emoji.php\/v9\/t45\/1\/16\/1f6a8.png\"> \u00a1CICLO INTRODUCTORIO GENERAL DIRIGIDO A TODAS LAS FACULTADES! <img loading=\"lazy\" decoding=\"async\" height=\"16\" width=\"16\" alt=\"\ud83d\udea8\" src=\"https:\/\/static.xx.fbcdn.net\/images\/emoji.php\/v9\/t45\/1\/16\/1f6a8.png\"><\/p>\n\n\n\n<p><img loading=\"lazy\" decoding=\"async\" height=\"16\" width=\"16\" alt=\"\ud83d\uddd3\ufe0f\" src=\"https:\/\/static.xx.fbcdn.net\/images\/emoji.php\/v9\/t5c\/1\/16\/1f5d3.png\"> Fecha: 23 de MARZO<\/p>\n\n\n\n<p><img loading=\"lazy\" decoding=\"async\" height=\"16\" width=\"16\" alt=\"\u23f0\" src=\"https:\/\/static.xx.fbcdn.net\/images\/emoji.php\/v9\/t34\/1\/16\/23f0.png\"> Hora: 8:00 AM a 1:00 PM<\/p>\n\n\n\n<p><img loading=\"lazy\" decoding=\"async\" height=\"16\" width=\"16\" alt=\"\ud83d\udccd\" src=\"https:\/\/static.xx.fbcdn.net\/images\/emoji.php\/v9\/t2d\/1\/16\/1f4cd.png\"> Lugar: Facultad de Ingenier\u00eda Qu\u00edmica<\/p>\n\n\n\n<p><img loading=\"lazy\" decoding=\"async\" height=\"16\" width=\"16\" alt=\"\ud83d\udcb8\" src=\"https:\/\/static.xx.fbcdn.net\/images\/emoji.php\/v9\/t62\/1\/16\/1f4b8.png\"> Ingreso: \u00a1TOTALMENTE GRATIS!<\/p>\n\n\n\n<p>No importa la carrera que hayas elegido, tendremos temas y talleres clave adaptados a tu \u00e1rea:<\/p>\n\n\n\n<p><img loading=\"lazy\" decoding=\"async\" height=\"16\" width=\"16\" alt=\"\ud83d\udcd6\" src=\"https:\/\/static.xx.fbcdn.net\/images\/emoji.php\/v9\/t9e\/1\/16\/1f4d6.png\"> \u00c1REA DE HUMANIDADES:<\/p>\n\n\n\n<p>Lenguaje y Literatura<\/p>\n\n\n\n<p>Defensa Natural y Liderazgo<\/p>\n\n\n\n<p>Historia y Geograf\u00eda<\/p>\n\n\n\n<p>Investigaci\u00f3n Formativa<\/p>\n\n\n\n<p>Matem\u00e1tica y Filosof\u00eda<\/p>\n\n\n\n<p>Deportes y Talleres (Teatro)<\/p>\n\n\n\n<p><img loading=\"lazy\" decoding=\"async\" height=\"16\" width=\"16\" alt=\"\u2699\ufe0f\" src=\"https:\/\/static.xx.fbcdn.net\/images\/emoji.php\/v9\/t8d\/1\/16\/2699.png\"> \u00c1REA DE INGENIER\u00cdA:<\/p>\n\n\n\n<p>Matem\u00e1tica Superior y C\u00e1lculo-Ingenier\u00eda<\/p>\n\n\n\n<p>F\u00edsica y Qu\u00edmica<\/p>\n\n\n\n<p>Automatizaci\u00f3n-Rob\u00f3tica<\/p>\n\n\n\n<p>Investigaci\u00f3n Formativa y Redacci\u00f3n<\/p>\n\n\n\n<p>Liderazgo y Defensa Nacional<\/p>\n\n\n\n<p>Deporte, Cultura y Talleres (Teatro)<\/p>\n\n\n\n<p><img loading=\"lazy\" decoding=\"async\" height=\"16\" width=\"16\" alt=\"\ud83e\ude7a\" src=\"https:\/\/static.xx.fbcdn.net\/images\/emoji.php\/v9\/tc3\/1\/16\/1fa7a.png\"> \u00c1REA DE SALUD:<\/p>\n\n\n\n<p>Biolog\u00eda y Qu\u00edmica<\/p>\n\n\n\n<p>Anatom\u00eda e Inyectables<\/p>\n\n\n\n<p>Investigaci\u00f3n Formativa<\/p>\n\n\n\n<p>Psicolog\u00eda General<\/p>\n\n\n\n<p>Matem\u00e1tica<\/p>\n\n\n\n<p>Defensa Nacional<\/p>\n\n\n\n<p>Deporte, Cultura y Talleres (Teatro)<\/p>\n\n\n\n<p>Nada de esto ser\u00eda posible sin el gran respaldo de nuestras autoridades. Queremos expresar nuestro m\u00e1s profundo agradecimiento:<\/p>\n\n\n\n<p><img loading=\"lazy\" decoding=\"async\" height=\"16\" width=\"16\" alt=\"\ud83c\udfdb\ufe0f\" src=\"https:\/\/static.xx.fbcdn.net\/images\/emoji.php\/v9\/t89\/1\/16\/1f3db.png\"> Al *Rector de la Universidad Nacional San Luis Gonzaga, Dr. Dante Ferm\u00edn Calder\u00f3n Huaman\u00ed*, por su constante apoyo y compromiso con la nueva generaci\u00f3n de estudiantes.<\/p>\n\n\n\n<p><img loading=\"lazy\" decoding=\"async\" height=\"16\" width=\"16\" alt=\"\ud83d\udd2c\" src=\"https:\/\/static.xx.fbcdn.net\/images\/emoji.php\/v9\/t7e\/1\/16\/1f52c.png\"> Al *Decano de la Facultad de Ingenier\u00eda Qu\u00edmica y Petroqu\u00edmica, Dr. Rosal\u00edo Cusi Palomino*, por abrirnos las puertas de su facultad y brindarnos todas las facilidades para hacer realidad este gran evento. \u00a1Muchas gracias! <img loading=\"lazy\" decoding=\"async\" height=\"16\" width=\"16\" alt=\"\ud83d\ude4c\" src=\"https:\/\/static.xx.fbcdn.net\/images\/emoji.php\/v9\/tfd\/1\/16\/1f64c.png\"><\/p>\n\n\n\n<p><img loading=\"lazy\" decoding=\"async\" height=\"16\" width=\"16\" alt=\"\ud83d\udcf2\" src=\"https:\/\/static.xx.fbcdn.net\/images\/emoji.php\/v9\/td8\/1\/16\/1f4f2.png\"> \u00bfC\u00f3mo participas?<\/p>\n\n\n\n<p>Escanea el c\u00f3digo QR del afiche para unirte a nuestro grupo o escr\u00edbenos directamente a los n\u00fameros: 910 897 377 \/ 971 114 393 \/ 943 127 733.<\/p>\n\n\n\n<p>\u00a1Etiqueta a tus futuros compa\u00f1eros y pasen la voz! Nos vemos ah\u00ed. <img loading=\"lazy\" decoding=\"async\" height=\"16\" width=\"16\" alt=\"\ud83d\udc99\" src=\"https:\/\/static.xx.fbcdn.net\/images\/emoji.php\/v9\/t6c\/1\/16\/1f499.png\"><\/p>\n\n\n\n<p><a href=\"https:\/\/www.facebook.com\/hashtag\/unica?__eep__=6&amp;__cft__[0]=AZYbdrlUdfebC0AyNPy8xf-v2vVukE993P35JKTqS_kWy4SdMDk-rtFEXJIzSvwaiDgboZrVXT93nJ3Rjar50iSQgQIKahmCqbvTGDQPr09Sxab0NZHRuw6to12WPVq_qgzk9-2OKus-3MtN9eMNFpgbnxMSempucnh5kIsBIleBuz7kO4xsGWzr_xSlrPhECe0&amp;__tn__=*NK-R\">#UNICA<\/a><a href=\"https:\/\/www.facebook.com\/hashtag\/cachimbos2026?__eep__=6&amp;__cft__[0]=AZYbdrlUdfebC0AyNPy8xf-v2vVukE993P35JKTqS_kWy4SdMDk-rtFEXJIzSvwaiDgboZrVXT93nJ3Rjar50iSQgQIKahmCqbvTGDQPr09Sxab0NZHRuw6to12WPVq_qgzk9-2OKus-3MtN9eMNFpgbnxMSempucnh5kIsBIleBuz7kO4xsGWzr_xSlrPhECe0&amp;__tn__=*NK-R\">#Cachimbos2026<\/a><a href=\"https:\/\/www.facebook.com\/hashtag\/sanluisgonzaga?__eep__=6&amp;__cft__[0]=AZYbdrlUdfebC0AyNPy8xf-v2vVukE993P35JKTqS_kWy4SdMDk-rtFEXJIzSvwaiDgboZrVXT93nJ3Rjar50iSQgQIKahmCqbvTGDQPr09Sxab0NZHRuw6to12WPVq_qgzk9-2OKus-3MtN9eMNFpgbnxMSempucnh5kIsBIleBuz7kO4xsGWzr_xSlrPhECe0&amp;__tn__=*NK-R\">#SanLuisGonzaga<\/a><a href=\"https:\/\/www.facebook.com\/hashtag\/primerciclo?__eep__=6&amp;__cft__[0]=AZYbdrlUdfebC0AyNPy8xf-v2vVukE993P35JKTqS_kWy4SdMDk-rtFEXJIzSvwaiDgboZrVXT93nJ3Rjar50iSQgQIKahmCqbvTGDQPr09Sxab0NZHRuw6to12WPVq_qgzk9-2OKus-3MtN9eMNFpgbnxMSempucnh5kIsBIleBuz7kO4xsGWzr_xSlrPhECe0&amp;__tn__=*NK-R\">#PrimerCiclo<\/a><a href=\"https:\/\/www.facebook.com\/hashtag\/ingresantesunica?__eep__=6&amp;__cft__[0]=AZYbdrlUdfebC0AyNPy8xf-v2vVukE993P35JKTqS_kWy4SdMDk-rtFEXJIzSvwaiDgboZrVXT93nJ3Rjar50iSQgQIKahmCqbvTGDQPr09Sxab0NZHRuw6to12WPVq_qgzk9-2OKus-3MtN9eMNFpgbnxMSempucnh5kIsBIleBuz7kO4xsGWzr_xSlrPhECe0&amp;__tn__=*NK-R\">#IngresantesUNICA<\/a><a href=\"https:\/\/www.facebook.com\/hashtag\/ica?__eep__=6&amp;__cft__[0]=AZYbdrlUdfebC0AyNPy8xf-v2vVukE993P35JKTqS_kWy4SdMDk-rtFEXJIzSvwaiDgboZrVXT93nJ3Rjar50iSQgQIKahmCqbvTGDQPr09Sxab0NZHRuw6to12WPVq_qgzk9-2OKus-3MtN9eMNFpgbnxMSempucnh5kIsBIleBuz7kO4xsGWzr_xSlrPhECe0&amp;__tn__=*NK-R\">#Ica<\/a><\/p>\n\n\n\n<figure class=\"wp-block-image size-full\"><img loading=\"lazy\" decoding=\"async\" width=\"511\" height=\"640\" src=\"https:\/\/www.unica.edu.pe\/noticias\/wp-content\/uploads\/2026\/03\/image-109.png\" alt=\"\" class=\"wp-image-45280\" srcset=\"https:\/\/www.unica.edu.pe\/noticias\/wp-content\/uploads\/2026\/03\/image-109.png 511w, https:\/\/www.unica.edu.pe\/noticias\/wp-content\/uploads\/2026\/03\/image-109-240x300.png 240w\" sizes=\"auto, (max-width: 511px) 100vw, 511px\" \/><\/figure>\n","protected":false},"excerpt":{"rendered":"<p>\u00a1CICLO INTRODUCTORIO GENERAL DIRIGIDO A TODAS LAS FACULTADES! Fecha: 23 de MARZO Hora: 8:00 AM a 1:00 PM Lugar: Facultad de Ingenier\u00eda Qu\u00edmica Ingreso: \u00a1TOTALMENTE GRATIS! No importa la carrera que hayas elegido, tendremos temas y talleres clave adaptados a tu \u00e1rea: \u00c1REA DE HUMANIDADES: Lenguaje y Literatura Defensa Natural y Liderazgo Historia y Geograf\u00eda &hellip; <\/p>\n<p class=\"link-more\"><a href=\"https:\/\/www.unica.edu.pe\/noticias\/2026\/03\/21\/ciclo-introductorio-general-dirigido-a-todas-las-facultades\/\" class=\"more-link\">Continuar leyendo<span class=\"screen-reader-text\"> \u00abCICLO INTRODUCTORIO GENERAL DIRIGIDO A TODAS LAS FACULTADES\u00bb<\/span><\/a><\/p>\n","protected":false},"author":4,"featured_media":0,"comment_status":"closed","ping_status":"open","sticky":false,"template":"","format":"standard","meta":{"footnotes":""},"categories":[7],"tags":[],"class_list":["post-45279","post","type-post","status-publish","format-standard","hentry","category-noticias"],"_links":{"self":[{"href":"https:\/\/www.unica.edu.pe\/noticias\/wp-json\/wp\/v2\/posts\/45279","targetHints":{"allow":["GET"]}}],"collection":[{"href":"https:\/\/www.unica.edu.pe\/noticias\/wp-json\/wp\/v2\/posts"}],"about":[{"href":"https:\/\/www.unica.edu.pe\/noticias\/wp-json\/wp\/v2\/types\/post"}],"author":[{"embeddable":true,"href":"https:\/\/www.unica.edu.pe\/noticias\/wp-json\/wp\/v2\/users\/4"}],"replies":[{"embeddable":true,"href":"https:\/\/www.unica.edu.pe\/noticias\/wp-json\/wp\/v2\/comments?post=45279"}],"version-history":[{"count":1,"href":"https:\/\/www.unica.edu.pe\/noticias\/wp-json\/wp\/v2\/posts\/45279\/revisions"}],"predecessor-version":[{"id":45281,"href":"https:\/\/www.unica.edu.pe\/noticias\/wp-json\/wp\/v2\/posts\/45279\/revisions\/45281"}],"wp:attachment":[{"href":"https:\/\/www.unica.edu.pe\/noticias\/wp-json\/wp\/v2\/media?parent=45279"}],"wp:term":[{"taxonomy":"category","embeddable":true,"href":"https:\/\/www.unica.edu.pe\/noticias\/wp-json\/wp\/v2\/categories?post=45279"},{"taxonomy":"post_tag","embeddable":true,"href":"https:\/\/www.unica.edu.pe\/noticias\/wp-json\/wp\/v2\/tags?post=45279"}],"curies":[{"name":"wp","href":"https:\/\/api.w.org\/{rel}","templated":true}]}}