{"id":45274,"date":"2026-03-21T09:15:00","date_gmt":"2026-03-21T14:15:00","guid":{"rendered":"https:\/\/www.unica.edu.pe\/noticias\/?p=45274"},"modified":"2026-03-23T10:02:09","modified_gmt":"2026-03-23T15:02:09","slug":"semana-de-introduccion-a-la-arquitectura-2025-ii","status":"publish","type":"post","link":"https:\/\/www.unica.edu.pe\/noticias\/2026\/03\/21\/semana-de-introduccion-a-la-arquitectura-2025-ii\/","title":{"rendered":"SEMANA DE INTRODUCCI\u00d3N A LA ARQUITECTURA 2025-II"},"content":{"rendered":"\n<p><img loading=\"lazy\" decoding=\"async\" height=\"16\" width=\"16\" alt=\"\u2728\" src=\"https:\/\/static.xx.fbcdn.net\/images\/emoji.php\/v9\/tf4\/1\/16\/2728.png\"> \u00a1Bienvenidos, ingresantes 2025-II! <img loading=\"lazy\" decoding=\"async\" height=\"16\" width=\"16\" alt=\"\u2728\" src=\"https:\/\/static.xx.fbcdn.net\/images\/emoji.php\/v9\/tf4\/1\/16\/2728.png\"><\/p>\n\n\n\n<p>La Facultad de Arquitectura de la Universidad Nacional San Luis Gonzaga invita cordialmente a los nuevos ingresantes a participar en la Semana de Inducci\u00f3n a la Arquitectura 2025-II.<\/p>\n\n\n\n<p>Este programa representa el primer paso en su formaci\u00f3n profesional, donde los estudiantes podr\u00e1n fortalecer sus bases acad\u00e9micas, comprender la din\u00e1mica de la vida universitaria y adquirir herramientas fundamentales para el desarrollo del dise\u00f1o, la representaci\u00f3n y el pensamiento arquitect\u00f3nico.<\/p>\n\n\n\n<p>A trav\u00e9s de esta experiencia, los participantes tendr\u00e1n un primer acercamiento al dibujo, la maqueter\u00eda, el dise\u00f1o arquitect\u00f3nico y el urbanismo, iniciando as\u00ed su proceso formativo dentro de la carrera.<\/p>\n\n\n\n<p>Participar en esta semana no solo facilita la adaptaci\u00f3n al entorno universitario, sino que permite comenzar con bases s\u00f3lidas el camino hacia una formaci\u00f3n integral en arquitectura.<\/p>\n\n\n\n<p><img loading=\"lazy\" decoding=\"async\" height=\"16\" width=\"16\" alt=\"\ud83d\uddd3\" src=\"https:\/\/static.xx.fbcdn.net\/images\/emoji.php\/v9\/t5c\/1\/16\/1f5d3.png\"> Inicio: 23 de marzo<\/p>\n\n\n\n<p><img loading=\"lazy\" decoding=\"async\" height=\"16\" width=\"16\" alt=\"\u23f3\" src=\"https:\/\/static.xx.fbcdn.net\/images\/emoji.php\/v9\/tb7\/1\/16\/23f3.png\"> Duraci\u00f3n: 1 semana<\/p>\n\n\n\n<p><img loading=\"lazy\" decoding=\"async\" height=\"16\" width=\"16\" alt=\"\ud83d\udccd\" src=\"https:\/\/static.xx.fbcdn.net\/images\/emoji.php\/v9\/t2d\/1\/16\/1f4cd.png\"> Lugar: Ciudad Universitaria \u2013 Multifacultad<\/p>\n\n\n\n<p><img loading=\"lazy\" decoding=\"async\" height=\"16\" width=\"16\" alt=\"\ud83d\udcf2\" src=\"https:\/\/static.xx.fbcdn.net\/images\/emoji.php\/v9\/td8\/1\/16\/1f4f2.png\"> Informes: 920 547 512 o al 962 303 228<\/p>\n\n\n\n<p><img loading=\"lazy\" decoding=\"async\" height=\"16\" width=\"16\" alt=\"\ud83d\ude4c\" src=\"https:\/\/static.xx.fbcdn.net\/images\/emoji.php\/v9\/tfd\/1\/16\/1f64c.png\"> \u00a1Te esperamos para dar juntos este primer paso en tu formaci\u00f3n como futuro arquitecto!<\/p>\n","protected":false},"excerpt":{"rendered":"<p>\u00a1Bienvenidos, ingresantes 2025-II! La Facultad de Arquitectura de la Universidad Nacional San Luis Gonzaga invita cordialmente a los nuevos ingresantes a participar en la Semana de Inducci\u00f3n a la Arquitectura 2025-II. Este programa representa el primer paso en su formaci\u00f3n profesional, donde los estudiantes podr\u00e1n fortalecer sus bases acad\u00e9micas, comprender la din\u00e1mica de la vida &hellip; <\/p>\n<p class=\"link-more\"><a href=\"https:\/\/www.unica.edu.pe\/noticias\/2026\/03\/21\/semana-de-introduccion-a-la-arquitectura-2025-ii\/\" class=\"more-link\">Continuar leyendo<span class=\"screen-reader-text\"> \u00abSEMANA DE INTRODUCCI\u00d3N A LA ARQUITECTURA 2025-II\u00bb<\/span><\/a><\/p>\n","protected":false},"author":4,"featured_media":0,"comment_status":"closed","ping_status":"open","sticky":false,"template":"","format":"standard","meta":{"footnotes":""},"categories":[7],"tags":[],"class_list":["post-45274","post","type-post","status-publish","format-standard","hentry","category-noticias"],"_links":{"self":[{"href":"https:\/\/www.unica.edu.pe\/noticias\/wp-json\/wp\/v2\/posts\/45274","targetHints":{"allow":["GET"]}}],"collection":[{"href":"https:\/\/www.unica.edu.pe\/noticias\/wp-json\/wp\/v2\/posts"}],"about":[{"href":"https:\/\/www.unica.edu.pe\/noticias\/wp-json\/wp\/v2\/types\/post"}],"author":[{"embeddable":true,"href":"https:\/\/www.unica.edu.pe\/noticias\/wp-json\/wp\/v2\/users\/4"}],"replies":[{"embeddable":true,"href":"https:\/\/www.unica.edu.pe\/noticias\/wp-json\/wp\/v2\/comments?post=45274"}],"version-history":[{"count":1,"href":"https:\/\/www.unica.edu.pe\/noticias\/wp-json\/wp\/v2\/posts\/45274\/revisions"}],"predecessor-version":[{"id":45275,"href":"https:\/\/www.unica.edu.pe\/noticias\/wp-json\/wp\/v2\/posts\/45274\/revisions\/45275"}],"wp:attachment":[{"href":"https:\/\/www.unica.edu.pe\/noticias\/wp-json\/wp\/v2\/media?parent=45274"}],"wp:term":[{"taxonomy":"category","embeddable":true,"href":"https:\/\/www.unica.edu.pe\/noticias\/wp-json\/wp\/v2\/categories?post=45274"},{"taxonomy":"post_tag","embeddable":true,"href":"https:\/\/www.unica.edu.pe\/noticias\/wp-json\/wp\/v2\/tags?post=45274"}],"curies":[{"name":"wp","href":"https:\/\/api.w.org\/{rel}","templated":true}]}}