{"id":45002,"date":"2026-03-10T13:19:00","date_gmt":"2026-03-10T18:19:00","guid":{"rendered":"https:\/\/www.unica.edu.pe\/noticias\/?p=45002"},"modified":"2026-03-16T09:32:10","modified_gmt":"2026-03-16T14:32:10","slug":"imagenes-de-la-inauguracion-del-ciclo-academico-del-cepu","status":"publish","type":"post","link":"https:\/\/www.unica.edu.pe\/noticias\/2026\/03\/10\/imagenes-de-la-inauguracion-del-ciclo-academico-del-cepu\/","title":{"rendered":"IM\u00c1GENES DE LA INAUGURACI\u00d3N DEL CICLO ACAD\u00c9MICO DEL CEPU"},"content":{"rendered":"\n<p><img loading=\"lazy\" decoding=\"async\" height=\"16\" width=\"16\" alt=\"\ud83c\udf89\" src=\"https:\/\/static.xx.fbcdn.net\/images\/emoji.php\/v9\/t8c\/1\/16\/1f389.png\"> Nuestra vicerrectora de Investigaci\u00f3n, Dra. Paquita Uribe Quiroz, particip\u00f3 en la inauguraci\u00f3n del ciclo acad\u00e9mico del Centro Preuniversitario (CEPU) <img loading=\"lazy\" decoding=\"async\" height=\"16\" width=\"16\" alt=\"\ud83d\udcda\" src=\"https:\/\/static.xx.fbcdn.net\/images\/emoji.php\/v9\/t49\/1\/16\/1f4da.png\">.<\/p>\n\n\n\n<p>En la ceremonia tambi\u00e9n estuvieron presentes el rector, Dr. Dante Calder\u00f3n Huaman\u00ed, el presidente del directorio del CEPU, Dr. Juan Toledo Huam\u00e1n, y otras autoridades de nuestra casa de estudios <img loading=\"lazy\" decoding=\"async\" height=\"16\" width=\"16\" alt=\"\ud83c\udf93\" src=\"https:\/\/static.xx.fbcdn.net\/images\/emoji.php\/v9\/t25\/1\/16\/1f393.png\">.<\/p>\n\n\n\n<p><a href=\"https:\/\/www.facebook.com\/hashtag\/vri?__eep__=6&amp;__cft__[0]=AZb3iWyyWdS6SO-pQqN7TDhvq_5nqSo-OzQ8mWj2vqoL9AKL3LFkko11DvnmH9GSB8DhCmc5XM9kuJpikVW98PpOGFQRAdWH5LuW6i0uKSdFZGFRp6VSxD2Up6R2jLPJ17-8iseo-HR1EAYXRHfFFfyIoNuycuS1oKGWrPMlJH5hNqCOvpetb66DXRKNJyaBswc&amp;__tn__=*NK-R\">#VRI<\/a><a href=\"https:\/\/www.facebook.com\/hashtag\/cepu?__eep__=6&amp;__cft__[0]=AZb3iWyyWdS6SO-pQqN7TDhvq_5nqSo-OzQ8mWj2vqoL9AKL3LFkko11DvnmH9GSB8DhCmc5XM9kuJpikVW98PpOGFQRAdWH5LuW6i0uKSdFZGFRp6VSxD2Up6R2jLPJ17-8iseo-HR1EAYXRHfFFfyIoNuycuS1oKGWrPMlJH5hNqCOvpetb66DXRKNJyaBswc&amp;__tn__=*NK-R\">#CEPU<\/a><a href=\"https:\/\/www.facebook.com\/hashtag\/unslg?__eep__=6&amp;__cft__[0]=AZb3iWyyWdS6SO-pQqN7TDhvq_5nqSo-OzQ8mWj2vqoL9AKL3LFkko11DvnmH9GSB8DhCmc5XM9kuJpikVW98PpOGFQRAdWH5LuW6i0uKSdFZGFRp6VSxD2Up6R2jLPJ17-8iseo-HR1EAYXRHfFFfyIoNuycuS1oKGWrPMlJH5hNqCOvpetb66DXRKNJyaBswc&amp;__tn__=*NK-R\">#UNSLG<\/a><\/p>\n\n\n\n<p><a href=\"https:\/\/www.facebook.com\/share\/p\/1HXmxXjq1N\">https:\/\/www.facebook.com\/share\/p\/1HXmxXjq1N<\/a><\/p>\n\n\n\n<figure class=\"wp-block-image size-full\"><img loading=\"lazy\" decoding=\"async\" width=\"452\" height=\"456\" src=\"https:\/\/www.unica.edu.pe\/noticias\/wp-content\/uploads\/2026\/03\/image-18.png\" alt=\"\" class=\"wp-image-45003\" srcset=\"https:\/\/www.unica.edu.pe\/noticias\/wp-content\/uploads\/2026\/03\/image-18.png 452w, https:\/\/www.unica.edu.pe\/noticias\/wp-content\/uploads\/2026\/03\/image-18-297x300.png 297w, https:\/\/www.unica.edu.pe\/noticias\/wp-content\/uploads\/2026\/03\/image-18-150x150.png 150w, https:\/\/www.unica.edu.pe\/noticias\/wp-content\/uploads\/2026\/03\/image-18-100x100.png 100w\" sizes=\"auto, (max-width: 452px) 100vw, 452px\" \/><\/figure>\n","protected":false},"excerpt":{"rendered":"<p>Nuestra vicerrectora de Investigaci\u00f3n, Dra. Paquita Uribe Quiroz, particip\u00f3 en la inauguraci\u00f3n del ciclo acad\u00e9mico del Centro Preuniversitario (CEPU) . En la ceremonia tambi\u00e9n estuvieron presentes el rector, Dr. Dante Calder\u00f3n Huaman\u00ed, el presidente del directorio del CEPU, Dr. Juan Toledo Huam\u00e1n, y otras autoridades de nuestra casa de estudios . #VRI#CEPU#UNSLG https:\/\/www.facebook.com\/share\/p\/1HXmxXjq1N<\/p>\n","protected":false},"author":4,"featured_media":0,"comment_status":"closed","ping_status":"open","sticky":false,"template":"","format":"standard","meta":{"footnotes":""},"categories":[17],"tags":[],"class_list":["post-45002","post","type-post","status-publish","format-standard","hentry","category-vicerrectorado-de-investigacion"],"_links":{"self":[{"href":"https:\/\/www.unica.edu.pe\/noticias\/wp-json\/wp\/v2\/posts\/45002","targetHints":{"allow":["GET"]}}],"collection":[{"href":"https:\/\/www.unica.edu.pe\/noticias\/wp-json\/wp\/v2\/posts"}],"about":[{"href":"https:\/\/www.unica.edu.pe\/noticias\/wp-json\/wp\/v2\/types\/post"}],"author":[{"embeddable":true,"href":"https:\/\/www.unica.edu.pe\/noticias\/wp-json\/wp\/v2\/users\/4"}],"replies":[{"embeddable":true,"href":"https:\/\/www.unica.edu.pe\/noticias\/wp-json\/wp\/v2\/comments?post=45002"}],"version-history":[{"count":1,"href":"https:\/\/www.unica.edu.pe\/noticias\/wp-json\/wp\/v2\/posts\/45002\/revisions"}],"predecessor-version":[{"id":45004,"href":"https:\/\/www.unica.edu.pe\/noticias\/wp-json\/wp\/v2\/posts\/45002\/revisions\/45004"}],"wp:attachment":[{"href":"https:\/\/www.unica.edu.pe\/noticias\/wp-json\/wp\/v2\/media?parent=45002"}],"wp:term":[{"taxonomy":"category","embeddable":true,"href":"https:\/\/www.unica.edu.pe\/noticias\/wp-json\/wp\/v2\/categories?post=45002"},{"taxonomy":"post_tag","embeddable":true,"href":"https:\/\/www.unica.edu.pe\/noticias\/wp-json\/wp\/v2\/tags?post=45002"}],"curies":[{"name":"wp","href":"https:\/\/api.w.org\/{rel}","templated":true}]}}