{"id":44982,"date":"2026-03-10T08:34:00","date_gmt":"2026-03-10T13:34:00","guid":{"rendered":"https:\/\/www.unica.edu.pe\/noticias\/?p=44982"},"modified":"2026-03-16T09:13:01","modified_gmt":"2026-03-16T14:13:01","slug":"invitacion-al-taller-desafios-y-oportunidades-para-la-economia-peruana","status":"publish","type":"post","link":"https:\/\/www.unica.edu.pe\/noticias\/2026\/03\/10\/invitacion-al-taller-desafios-y-oportunidades-para-la-economia-peruana\/","title":{"rendered":"INVITACI\u00d3N AL TALLER: \u00abDESAF\u00cdOS Y OPORTUNIDADES PARA LA ECONOM\u00cdA PERUANA\u00bb"},"content":{"rendered":"\n<p><a href=\"https:\/\/www.facebook.com\/hashtag\/invitaci%C3%B3n?__eep__=6&amp;__cft__[0]=AZZeE6YTJfGeEB96vPZz0mJdC-Q6SbBhID4Q7Bm-C8nLudk5KaHF8-cO_FoZjDt3ueFKLb_TSv9jThrkt5SGnIUEhEbKfYGzIJMcCaSH6fp1czbmBdY6WXqlcSu_I5qSDmCEIrChge2fKiSdAYDg-DoKbSNCrvjgEbw4bx9et24y0kiRYBzhzJghbLJw9QXAIMo&amp;__tn__=*NK-R\">#Invitaci\u00f3n<\/a> | La C\u00e1mara de Comercio, Industria y Turismo de Ica presenta el Taller \u201cDesaf\u00edos y oportunidades para la Econom\u00eda Peruana\u201d, con la participaci\u00f3n del Dr. Luis Carranza Ugarte, director de Alpha Asesor\u00eda Estrat\u00e9gica y ex Ministro de Econom\u00eda y Finanzas.<\/p>\n\n\n\n<p><img loading=\"lazy\" decoding=\"async\" height=\"16\" width=\"16\" alt=\"\ud83d\udcc5\" src=\"https:\/\/static.xx.fbcdn.net\/images\/emoji.php\/v9\/t7e\/1\/16\/1f4c5.png\"> FECHA :12 de marzo<\/p>\n\n\n\n<p><img loading=\"lazy\" decoding=\"async\" height=\"16\" width=\"16\" alt=\"\ud83d\udd53\" src=\"https:\/\/static.xx.fbcdn.net\/images\/emoji.php\/v9\/t2b\/1\/16\/1f553.png\"> HORA : 4:00 p.m.<\/p>\n\n\n\n<p><img loading=\"lazy\" decoding=\"async\" height=\"16\" width=\"16\" alt=\"\ud83d\udccd\" src=\"https:\/\/static.xx.fbcdn.net\/images\/emoji.php\/v9\/t2d\/1\/16\/1f4cd.png\"> LUGAR : Auditorio de la Universidad Nacional San Luis Gonzaga (UNICA)<\/p>\n\n\n\n<p>Un espacio de an\u00e1lisis y reflexi\u00f3n sobre el panorama econ\u00f3mico del pa\u00eds y las oportunidades para fortalecer el desarrollo regional.<\/p>\n\n\n\n<p><img loading=\"lazy\" decoding=\"async\" height=\"16\" width=\"16\" alt=\"\ud83c\udf93\" src=\"https:\/\/static.xx.fbcdn.net\/images\/emoji.php\/v9\/t25\/1\/16\/1f393.png\"> Certificaci\u00f3n gratuita para los asistentes.<\/p>\n\n\n\n<p><img loading=\"lazy\" decoding=\"async\" height=\"16\" width=\"16\" alt=\"\ud83d\udce9\" src=\"https:\/\/static.xx.fbcdn.net\/images\/emoji.php\/v9\/tc0\/1\/16\/1f4e9.png\"> Reg\u00edstrate al link : <a href=\"https:\/\/forms.gle\/1TdgNb9BpTtjZcH26?fbclid=IwZXh0bgNhZW0CMTAAYnJpZBExWnNDcnJYZFhibGlZOXBMa3NydGMGYXBwX2lkEDIyMjAzOTE3ODgyMDA4OTIAAR5J53A4r4kCScbFml-WqhCTUu_oMSn8AO1hJ8ta98CMDpTo2izg8pU-eNe3PQ_aem_Iz7OjtT200aGQXih6VCUTA\" rel=\"noreferrer noopener\" target=\"_blank\">https:\/\/forms.gle\/1TdgNb9BpTtjZcH26<\/a><\/p>\n\n\n\n<p><img loading=\"lazy\" decoding=\"async\" height=\"16\" width=\"16\" alt=\"\ud83d\udcf2\" src=\"https:\/\/static.xx.fbcdn.net\/images\/emoji.php\/v9\/td8\/1\/16\/1f4f2.png\"> Informes: 993 479 921<\/p>\n\n\n\n<p>\u00a1Te esperamos para ser parte de esta importante jornada acad\u00e9mica!<\/p>\n\n\n\n<figure class=\"wp-block-image size-full\"><img loading=\"lazy\" decoding=\"async\" width=\"516\" height=\"640\" src=\"https:\/\/www.unica.edu.pe\/noticias\/wp-content\/uploads\/2026\/03\/image-10.png\" alt=\"\" class=\"wp-image-44983\" srcset=\"https:\/\/www.unica.edu.pe\/noticias\/wp-content\/uploads\/2026\/03\/image-10.png 516w, https:\/\/www.unica.edu.pe\/noticias\/wp-content\/uploads\/2026\/03\/image-10-242x300.png 242w\" sizes=\"auto, (max-width: 516px) 100vw, 516px\" \/><\/figure>\n","protected":false},"excerpt":{"rendered":"<p>#Invitaci\u00f3n | La C\u00e1mara de Comercio, Industria y Turismo de Ica presenta el Taller \u201cDesaf\u00edos y oportunidades para la Econom\u00eda Peruana\u201d, con la participaci\u00f3n del Dr. Luis Carranza Ugarte, director de Alpha Asesor\u00eda Estrat\u00e9gica y ex Ministro de Econom\u00eda y Finanzas. FECHA :12 de marzo HORA : 4:00 p.m. LUGAR : Auditorio de la Universidad &hellip; <\/p>\n<p class=\"link-more\"><a href=\"https:\/\/www.unica.edu.pe\/noticias\/2026\/03\/10\/invitacion-al-taller-desafios-y-oportunidades-para-la-economia-peruana\/\" class=\"more-link\">Continuar leyendo<span class=\"screen-reader-text\"> \u00abINVITACI\u00d3N AL TALLER: \u00abDESAF\u00cdOS Y OPORTUNIDADES PARA LA ECONOM\u00cdA PERUANA\u00bb\u00bb<\/span><\/a><\/p>\n","protected":false},"author":4,"featured_media":0,"comment_status":"closed","ping_status":"open","sticky":false,"template":"","format":"standard","meta":{"footnotes":""},"categories":[7],"tags":[],"class_list":["post-44982","post","type-post","status-publish","format-standard","hentry","category-noticias"],"_links":{"self":[{"href":"https:\/\/www.unica.edu.pe\/noticias\/wp-json\/wp\/v2\/posts\/44982","targetHints":{"allow":["GET"]}}],"collection":[{"href":"https:\/\/www.unica.edu.pe\/noticias\/wp-json\/wp\/v2\/posts"}],"about":[{"href":"https:\/\/www.unica.edu.pe\/noticias\/wp-json\/wp\/v2\/types\/post"}],"author":[{"embeddable":true,"href":"https:\/\/www.unica.edu.pe\/noticias\/wp-json\/wp\/v2\/users\/4"}],"replies":[{"embeddable":true,"href":"https:\/\/www.unica.edu.pe\/noticias\/wp-json\/wp\/v2\/comments?post=44982"}],"version-history":[{"count":1,"href":"https:\/\/www.unica.edu.pe\/noticias\/wp-json\/wp\/v2\/posts\/44982\/revisions"}],"predecessor-version":[{"id":44984,"href":"https:\/\/www.unica.edu.pe\/noticias\/wp-json\/wp\/v2\/posts\/44982\/revisions\/44984"}],"wp:attachment":[{"href":"https:\/\/www.unica.edu.pe\/noticias\/wp-json\/wp\/v2\/media?parent=44982"}],"wp:term":[{"taxonomy":"category","embeddable":true,"href":"https:\/\/www.unica.edu.pe\/noticias\/wp-json\/wp\/v2\/categories?post=44982"},{"taxonomy":"post_tag","embeddable":true,"href":"https:\/\/www.unica.edu.pe\/noticias\/wp-json\/wp\/v2\/tags?post=44982"}],"curies":[{"name":"wp","href":"https:\/\/api.w.org\/{rel}","templated":true}]}}