{"id":44957,"date":"2026-03-09T16:43:00","date_gmt":"2026-03-09T21:43:00","guid":{"rendered":"https:\/\/www.unica.edu.pe\/noticias\/?p=44957"},"modified":"2026-03-12T08:27:12","modified_gmt":"2026-03-12T13:27:12","slug":"efemeride-4","status":"publish","type":"post","link":"https:\/\/www.unica.edu.pe\/noticias\/2026\/03\/09\/efemeride-4\/","title":{"rendered":"EFEM\u00c9RIDE"},"content":{"rendered":"\n<p><a href=\"https:\/\/www.facebook.com\/hashtag\/efem%C3%A9ride2026?__eep__=6&amp;__cft__[0]=AZYPXTfTGgllts5sJ_uqffQzCWPXKPmPoMSuku4eLkGVZI3kbMFwkTXHgf9LGRmTKDCnZfghadKN0ld7Sf2aghy0aQYy-5zMCqpuNT4uby3wDCpdW9aEAKCxdUE5KSZwdydZoBmKPISs6fuGb59BGHgX1-VISR8vZCVj8_zoZCkI7dbFVcoAtqVkGTX6Wonhd0U&amp;__tn__=*NK-R\">#Efem\u00e9ride2026<\/a> | En esta fecha recordamos al periodista y escritor peruano Guillermo Thorndike, cuya partida ocurri\u00f3 el 9 de marzo de 2009. Su pluma aguda y apasionada dej\u00f3 una profunda huella en el periodismo y la literatura hist\u00f3rica del Per\u00fa, rescatando episodios y personajes que forman parte de nuestra memoria colectiva.<\/p>\n\n\n\n<p>Su legado permanece en sus obras, que contin\u00faan invit\u00e1ndonos a comprender y reflexionar sobre la historia y la identidad de nuestro pa\u00eds.<\/p>\n\n\n\n<p><a href=\"https:\/\/www.facebook.com\/hashtag\/guillermothorndike?__eep__=6&amp;__cft__[0]=AZYPXTfTGgllts5sJ_uqffQzCWPXKPmPoMSuku4eLkGVZI3kbMFwkTXHgf9LGRmTKDCnZfghadKN0ld7Sf2aghy0aQYy-5zMCqpuNT4uby3wDCpdW9aEAKCxdUE5KSZwdydZoBmKPISs6fuGb59BGHgX1-VISR8vZCVj8_zoZCkI7dbFVcoAtqVkGTX6Wonhd0U&amp;__tn__=*NK-R\">#GuillermoThorndike<\/a><\/p>\n\n\n\n<p><a href=\"https:\/\/www.facebook.com\/hashtag\/memoriahist%C3%B3rica?__eep__=6&amp;__cft__[0]=AZYPXTfTGgllts5sJ_uqffQzCWPXKPmPoMSuku4eLkGVZI3kbMFwkTXHgf9LGRmTKDCnZfghadKN0ld7Sf2aghy0aQYy-5zMCqpuNT4uby3wDCpdW9aEAKCxdUE5KSZwdydZoBmKPISs6fuGb59BGHgX1-VISR8vZCVj8_zoZCkI7dbFVcoAtqVkGTX6Wonhd0U&amp;__tn__=*NK-R\">#MemoriaHist\u00f3rica<\/a><\/p>\n\n\n\n<p><a href=\"https:\/\/www.facebook.com\/hashtag\/literaturaperuana?__eep__=6&amp;__cft__[0]=AZYPXTfTGgllts5sJ_uqffQzCWPXKPmPoMSuku4eLkGVZI3kbMFwkTXHgf9LGRmTKDCnZfghadKN0ld7Sf2aghy0aQYy-5zMCqpuNT4uby3wDCpdW9aEAKCxdUE5KSZwdydZoBmKPISs6fuGb59BGHgX1-VISR8vZCVj8_zoZCkI7dbFVcoAtqVkGTX6Wonhd0U&amp;__tn__=*NK-R\">#LiteraturaPeruana<\/a><\/p>\n\n\n\n<p><a href=\"https:\/\/www.facebook.com\/hashtag\/periodismoperuano?__eep__=6&amp;__cft__[0]=AZYPXTfTGgllts5sJ_uqffQzCWPXKPmPoMSuku4eLkGVZI3kbMFwkTXHgf9LGRmTKDCnZfghadKN0ld7Sf2aghy0aQYy-5zMCqpuNT4uby3wDCpdW9aEAKCxdUE5KSZwdydZoBmKPISs6fuGb59BGHgX1-VISR8vZCVj8_zoZCkI7dbFVcoAtqVkGTX6Wonhd0U&amp;__tn__=*NK-R\">#PeriodismoPeruano<\/a><\/p>\n\n\n\n<p><a href=\"https:\/\/www.facebook.com\/hashtag\/culturaperuana?__eep__=6&amp;__cft__[0]=AZYPXTfTGgllts5sJ_uqffQzCWPXKPmPoMSuku4eLkGVZI3kbMFwkTXHgf9LGRmTKDCnZfghadKN0ld7Sf2aghy0aQYy-5zMCqpuNT4uby3wDCpdW9aEAKCxdUE5KSZwdydZoBmKPISs6fuGb59BGHgX1-VISR8vZCVj8_zoZCkI7dbFVcoAtqVkGTX6Wonhd0U&amp;__tn__=*NK-R\">#CulturaPeruana<\/a><\/p>\n\n\n\n<figure class=\"wp-block-image size-full\"><img loading=\"lazy\" decoding=\"async\" width=\"526\" height=\"526\" src=\"https:\/\/www.unica.edu.pe\/noticias\/wp-content\/uploads\/2026\/03\/image-3.png\" alt=\"\" class=\"wp-image-44958\" srcset=\"https:\/\/www.unica.edu.pe\/noticias\/wp-content\/uploads\/2026\/03\/image-3.png 526w, https:\/\/www.unica.edu.pe\/noticias\/wp-content\/uploads\/2026\/03\/image-3-300x300.png 300w, https:\/\/www.unica.edu.pe\/noticias\/wp-content\/uploads\/2026\/03\/image-3-150x150.png 150w, https:\/\/www.unica.edu.pe\/noticias\/wp-content\/uploads\/2026\/03\/image-3-100x100.png 100w\" sizes=\"auto, (max-width: 526px) 100vw, 526px\" \/><\/figure>\n","protected":false},"excerpt":{"rendered":"<p>#Efem\u00e9ride2026 | En esta fecha recordamos al periodista y escritor peruano Guillermo Thorndike, cuya partida ocurri\u00f3 el 9 de marzo de 2009. Su pluma aguda y apasionada dej\u00f3 una profunda huella en el periodismo y la literatura hist\u00f3rica del Per\u00fa, rescatando episodios y personajes que forman parte de nuestra memoria colectiva. Su legado permanece en &hellip; <\/p>\n<p class=\"link-more\"><a href=\"https:\/\/www.unica.edu.pe\/noticias\/2026\/03\/09\/efemeride-4\/\" class=\"more-link\">Continuar leyendo<span class=\"screen-reader-text\"> \u00abEFEM\u00c9RIDE\u00bb<\/span><\/a><\/p>\n","protected":false},"author":4,"featured_media":0,"comment_status":"closed","ping_status":"open","sticky":false,"template":"","format":"standard","meta":{"footnotes":""},"categories":[11],"tags":[],"class_list":["post-44957","post","type-post","status-publish","format-standard","hentry","category-efemerides"],"_links":{"self":[{"href":"https:\/\/www.unica.edu.pe\/noticias\/wp-json\/wp\/v2\/posts\/44957","targetHints":{"allow":["GET"]}}],"collection":[{"href":"https:\/\/www.unica.edu.pe\/noticias\/wp-json\/wp\/v2\/posts"}],"about":[{"href":"https:\/\/www.unica.edu.pe\/noticias\/wp-json\/wp\/v2\/types\/post"}],"author":[{"embeddable":true,"href":"https:\/\/www.unica.edu.pe\/noticias\/wp-json\/wp\/v2\/users\/4"}],"replies":[{"embeddable":true,"href":"https:\/\/www.unica.edu.pe\/noticias\/wp-json\/wp\/v2\/comments?post=44957"}],"version-history":[{"count":1,"href":"https:\/\/www.unica.edu.pe\/noticias\/wp-json\/wp\/v2\/posts\/44957\/revisions"}],"predecessor-version":[{"id":44959,"href":"https:\/\/www.unica.edu.pe\/noticias\/wp-json\/wp\/v2\/posts\/44957\/revisions\/44959"}],"wp:attachment":[{"href":"https:\/\/www.unica.edu.pe\/noticias\/wp-json\/wp\/v2\/media?parent=44957"}],"wp:term":[{"taxonomy":"category","embeddable":true,"href":"https:\/\/www.unica.edu.pe\/noticias\/wp-json\/wp\/v2\/categories?post=44957"},{"taxonomy":"post_tag","embeddable":true,"href":"https:\/\/www.unica.edu.pe\/noticias\/wp-json\/wp\/v2\/tags?post=44957"}],"curies":[{"name":"wp","href":"https:\/\/api.w.org\/{rel}","templated":true}]}}