{"id":4325,"date":"2019-10-28T08:55:38","date_gmt":"2019-10-28T08:55:38","guid":{"rendered":"http:\/\/www.unica.edu.pe\/noticias\/?p=4325"},"modified":"2019-10-28T22:53:47","modified_gmt":"2019-10-28T22:53:47","slug":"estudiantes-de-la-carrera-profesional-de-arqueologia-rinden-homenaje-al-senor-de-luren","status":"publish","type":"post","link":"https:\/\/www.unica.edu.pe\/noticias\/2019\/10\/28\/estudiantes-de-la-carrera-profesional-de-arqueologia-rinden-homenaje-al-senor-de-luren\/","title":{"rendered":"estudiantes de la carrera profesional de Arqueolog\u00eda rinden homenaje al Se\u00f1or de Luren."},"content":{"rendered":"<p>Entusiastas estudiantes de la carrera profesional de Arqueolog\u00eda rinden homenaje al Se\u00f1or de Luren.<br \/>\nLos estudiantes han dise\u00f1ado una alfombra en la tercera cuadra de Av. Conde de Nieva para recibirlo en su segundo recorrido procesional de octubre 2019.<\/p>\n<p><img loading=\"lazy\" decoding=\"async\" class=\"alignnone size-medium wp-image-4326\" src=\"https:\/\/www.unica.edu.pe\/noticias\/wp-content\/uploads\/2019\/10\/140-1-300x224.jpg\" alt=\"\" width=\"300\" height=\"224\" srcset=\"https:\/\/www.unica.edu.pe\/noticias\/wp-content\/uploads\/2019\/10\/140-1-300x224.jpg 300w, https:\/\/www.unica.edu.pe\/noticias\/wp-content\/uploads\/2019\/10\/140-1-768x574.jpg 768w, https:\/\/www.unica.edu.pe\/noticias\/wp-content\/uploads\/2019\/10\/140-1.jpg 960w\" sizes=\"auto, (max-width: 300px) 100vw, 300px\" \/><\/p>\n<p><img loading=\"lazy\" decoding=\"async\" class=\"alignnone size-medium wp-image-4327\" src=\"https:\/\/www.unica.edu.pe\/noticias\/wp-content\/uploads\/2019\/10\/141-1-224x300.jpg\" alt=\"\" width=\"224\" height=\"300\" srcset=\"https:\/\/www.unica.edu.pe\/noticias\/wp-content\/uploads\/2019\/10\/141-1-224x300.jpg 224w, https:\/\/www.unica.edu.pe\/noticias\/wp-content\/uploads\/2019\/10\/141-1.jpg 718w\" sizes=\"auto, (max-width: 224px) 100vw, 224px\" \/><\/p>\n","protected":false},"excerpt":{"rendered":"<p>Entusiastas estudiantes de la carrera profesional de Arqueolog\u00eda rinden homenaje al Se\u00f1or de Luren. Los estudiantes han dise\u00f1ado una alfombra en la tercera cuadra de Av. Conde de Nieva para recibirlo en su segundo recorrido procesional de octubre 2019.<\/p>\n","protected":false},"author":1,"featured_media":0,"comment_status":"open","ping_status":"open","sticky":false,"template":"","format":"standard","meta":{"footnotes":""},"categories":[7],"tags":[],"class_list":["post-4325","post","type-post","status-publish","format-standard","hentry","category-noticias"],"_links":{"self":[{"href":"https:\/\/www.unica.edu.pe\/noticias\/wp-json\/wp\/v2\/posts\/4325","targetHints":{"allow":["GET"]}}],"collection":[{"href":"https:\/\/www.unica.edu.pe\/noticias\/wp-json\/wp\/v2\/posts"}],"about":[{"href":"https:\/\/www.unica.edu.pe\/noticias\/wp-json\/wp\/v2\/types\/post"}],"author":[{"embeddable":true,"href":"https:\/\/www.unica.edu.pe\/noticias\/wp-json\/wp\/v2\/users\/1"}],"replies":[{"embeddable":true,"href":"https:\/\/www.unica.edu.pe\/noticias\/wp-json\/wp\/v2\/comments?post=4325"}],"version-history":[{"count":1,"href":"https:\/\/www.unica.edu.pe\/noticias\/wp-json\/wp\/v2\/posts\/4325\/revisions"}],"predecessor-version":[{"id":4328,"href":"https:\/\/www.unica.edu.pe\/noticias\/wp-json\/wp\/v2\/posts\/4325\/revisions\/4328"}],"wp:attachment":[{"href":"https:\/\/www.unica.edu.pe\/noticias\/wp-json\/wp\/v2\/media?parent=4325"}],"wp:term":[{"taxonomy":"category","embeddable":true,"href":"https:\/\/www.unica.edu.pe\/noticias\/wp-json\/wp\/v2\/categories?post=4325"},{"taxonomy":"post_tag","embeddable":true,"href":"https:\/\/www.unica.edu.pe\/noticias\/wp-json\/wp\/v2\/tags?post=4325"}],"curies":[{"name":"wp","href":"https:\/\/api.w.org\/{rel}","templated":true}]}}