{"id":4317,"date":"2019-10-28T08:40:18","date_gmt":"2019-10-28T08:40:18","guid":{"rendered":"http:\/\/www.unica.edu.pe\/noticias\/?p=4317"},"modified":"2019-10-28T22:50:08","modified_gmt":"2019-10-28T22:50:08","slug":"i-feria-laboral-organizado-por-la-unica-se-realizo-con-exito","status":"publish","type":"post","link":"https:\/\/www.unica.edu.pe\/noticias\/2019\/10\/28\/i-feria-laboral-organizado-por-la-unica-se-realizo-con-exito\/","title":{"rendered":"I FERIA LABORAL ORGANIZADO POR LA UNICA SE REALIZ\u00d3 CON \u00c9XITO"},"content":{"rendered":"<p><a class=\"profileLink\" href=\"https:\/\/www.facebook.com\/hashtag\/feria_laboral?fref=mentions&amp;__xts__%5B0%5D=68.ARDNBCPHGkMM9BJ4HBbT-lKzGKyqXp1322zW3JmoC0UqqgUt60S7LYvVQ-8swiOrMSKdNbOgvjFEVxLkRkxhk-3HzDuPfTsToInfeULVMZk39cWD-ag_SQ5UTbmRjxbVrUPIa6i8i3-n-DFrBF-sj1fizJ08-nN1SdngwyAOYxSLhg3zI7vX287NKewOm8v02Y_aMVZS-qJHZlp0LeYGYzgRSo89312QccqRLywU9zVv7lylgTY8KErMR8dSTyxFYjXgFHJqm4qxUD8DXSASW_OqAQVJ3jFfVRBUAahikQk2P-Y6v4qyZh454Vlj__r6ZFT2aAiXrt-Zn6jePLl16nomFg&amp;__tn__=K-R\">#FERIA_LABORAL<\/a><\/p>\n<p>La I Feria Laboral organizado por la Universidad Nacional San Luis Gonzaga, se desarroll\u00f3 con mucho \u00e9xito.<br \/>\nA continuaci\u00f3n mostramos fotograf\u00edas tomadas por nuestro colaborador Kevin Uchuya Li.<\/p>\n<p><img loading=\"lazy\" decoding=\"async\" class=\"alignnone size-medium wp-image-4318\" src=\"https:\/\/www.unica.edu.pe\/noticias\/wp-content\/uploads\/2019\/10\/136-1-300x212.jpg\" alt=\"\" width=\"300\" height=\"212\" srcset=\"https:\/\/www.unica.edu.pe\/noticias\/wp-content\/uploads\/2019\/10\/136-1-300x212.jpg 300w, https:\/\/www.unica.edu.pe\/noticias\/wp-content\/uploads\/2019\/10\/136-1-768x542.jpg 768w, https:\/\/www.unica.edu.pe\/noticias\/wp-content\/uploads\/2019\/10\/136-1.jpg 960w\" sizes=\"auto, (max-width: 300px) 100vw, 300px\" \/> <img loading=\"lazy\" decoding=\"async\" class=\"alignnone size-medium wp-image-4319\" src=\"https:\/\/www.unica.edu.pe\/noticias\/wp-content\/uploads\/2019\/10\/137-1-300x212.jpg\" alt=\"\" width=\"300\" height=\"212\" srcset=\"https:\/\/www.unica.edu.pe\/noticias\/wp-content\/uploads\/2019\/10\/137-1-300x212.jpg 300w, https:\/\/www.unica.edu.pe\/noticias\/wp-content\/uploads\/2019\/10\/137-1-768x542.jpg 768w, https:\/\/www.unica.edu.pe\/noticias\/wp-content\/uploads\/2019\/10\/137-1.jpg 960w\" sizes=\"auto, (max-width: 300px) 100vw, 300px\" \/> <img loading=\"lazy\" decoding=\"async\" class=\"alignnone size-medium wp-image-4320\" src=\"https:\/\/www.unica.edu.pe\/noticias\/wp-content\/uploads\/2019\/10\/138-1-300x212.jpg\" alt=\"\" width=\"300\" height=\"212\" srcset=\"https:\/\/www.unica.edu.pe\/noticias\/wp-content\/uploads\/2019\/10\/138-1-300x212.jpg 300w, https:\/\/www.unica.edu.pe\/noticias\/wp-content\/uploads\/2019\/10\/138-1-768x542.jpg 768w, https:\/\/www.unica.edu.pe\/noticias\/wp-content\/uploads\/2019\/10\/138-1.jpg 960w\" sizes=\"auto, (max-width: 300px) 100vw, 300px\" \/><\/p>\n","protected":false},"excerpt":{"rendered":"<p>#FERIA_LABORAL La I Feria Laboral organizado por la Universidad Nacional San Luis Gonzaga, se desarroll\u00f3 con mucho \u00e9xito. A continuaci\u00f3n mostramos fotograf\u00edas tomadas por nuestro colaborador Kevin Uchuya Li.<\/p>\n","protected":false},"author":1,"featured_media":0,"comment_status":"open","ping_status":"open","sticky":false,"template":"","format":"standard","meta":{"footnotes":""},"categories":[7],"tags":[],"class_list":["post-4317","post","type-post","status-publish","format-standard","hentry","category-noticias"],"_links":{"self":[{"href":"https:\/\/www.unica.edu.pe\/noticias\/wp-json\/wp\/v2\/posts\/4317","targetHints":{"allow":["GET"]}}],"collection":[{"href":"https:\/\/www.unica.edu.pe\/noticias\/wp-json\/wp\/v2\/posts"}],"about":[{"href":"https:\/\/www.unica.edu.pe\/noticias\/wp-json\/wp\/v2\/types\/post"}],"author":[{"embeddable":true,"href":"https:\/\/www.unica.edu.pe\/noticias\/wp-json\/wp\/v2\/users\/1"}],"replies":[{"embeddable":true,"href":"https:\/\/www.unica.edu.pe\/noticias\/wp-json\/wp\/v2\/comments?post=4317"}],"version-history":[{"count":1,"href":"https:\/\/www.unica.edu.pe\/noticias\/wp-json\/wp\/v2\/posts\/4317\/revisions"}],"predecessor-version":[{"id":4321,"href":"https:\/\/www.unica.edu.pe\/noticias\/wp-json\/wp\/v2\/posts\/4317\/revisions\/4321"}],"wp:attachment":[{"href":"https:\/\/www.unica.edu.pe\/noticias\/wp-json\/wp\/v2\/media?parent=4317"}],"wp:term":[{"taxonomy":"category","embeddable":true,"href":"https:\/\/www.unica.edu.pe\/noticias\/wp-json\/wp\/v2\/categories?post=4317"},{"taxonomy":"post_tag","embeddable":true,"href":"https:\/\/www.unica.edu.pe\/noticias\/wp-json\/wp\/v2\/tags?post=4317"}],"curies":[{"name":"wp","href":"https:\/\/api.w.org\/{rel}","templated":true}]}}