{"id":42100,"date":"2025-11-28T14:23:00","date_gmt":"2025-11-28T19:23:00","guid":{"rendered":"https:\/\/www.unica.edu.pe\/noticias\/?p=42100"},"modified":"2025-12-01T09:22:29","modified_gmt":"2025-12-01T14:22:29","slug":"promocion-2024-ii-de-la-facultad-de-medicina-culmina-su-formacion-academica-e-inicia-el-internado","status":"publish","type":"post","link":"https:\/\/www.unica.edu.pe\/noticias\/2025\/11\/28\/promocion-2024-ii-de-la-facultad-de-medicina-culmina-su-formacion-academica-e-inicia-el-internado\/","title":{"rendered":"PROMOCI\u00d3N 2024-II DE LA FACULTAD DE MEDICINA CULMINA SU FORMACI\u00d3N ACAD\u00c9MICA E INICIA EL INTERNADO."},"content":{"rendered":"\n<p><a href=\"https:\/\/www.facebook.com\/hashtag\/facultaddemedicina?__eep__=6&amp;__cft__[0]=AZUzhzICWmyftz7yFTfuYl-Zu1pIK5AuIOZAvseX9FpY-wllyuqjaeduKS-nck7kedSxYrQDmizdTAl8kNRas8b5uJvD_67VSLbf7Vc2y_LmwvtZasuLNPHC-2kis8Fd2wLKxlXpZ4tBWl8Wp1i9LZ-viAiRzsEyCMEDMib6jePXPbI6tioJeHyvTE1HCyIF804&amp;__tn__=*NK-R\">#FacultaddeMedicina<\/a> | La ma\u00f1ana de ayer, los integrantes de la Promoci\u00f3n 2024-II \u201cBeatriz Elena Vega Kleiman\u201d, de la Facultad de Medicina Humana, culminaron una etapa <a><\/a>trascendental en su formaci\u00f3n acad\u00e9mica y se preparan ahora para iniciar su INTERNADO, un periodo decisivo en su trayectoria profesional.<\/p>\n\n\n\n<p>Este cierre de ciclo simboliza a\u00f1os de esfuerzo, disciplina y vocaci\u00f3n de servicio. Cada uno de ellos inicia un nuevo camino donde pondr\u00e1 en pr\u00e1ctica los conocimientos adquiridos, demostrando no solo su competencia como futuros m\u00e9dicos, sino tambi\u00e9n los valores y la calidad humana que caracterizan a nuestros profesionales sanluisanos.<\/p>\n\n\n\n<p>\u00a1Felicitaciones, futuros m\u00e9dicos! El internado es solo el comienzo de una vida dedicada a la salud y al servicio del pa\u00eds.<\/p>\n\n\n\n<p>Im\u00e1genes: Parte 2.<\/p>\n\n\n\n<p><a href=\"https:\/\/www.facebook.com\/hashtag\/unslg?__eep__=6&amp;__cft__[0]=AZUzhzICWmyftz7yFTfuYl-Zu1pIK5AuIOZAvseX9FpY-wllyuqjaeduKS-nck7kedSxYrQDmizdTAl8kNRas8b5uJvD_67VSLbf7Vc2y_LmwvtZasuLNPHC-2kis8Fd2wLKxlXpZ4tBWl8Wp1i9LZ-viAiRzsEyCMEDMib6jePXPbI6tioJeHyvTE1HCyIF804&amp;__tn__=*NK-R\">#UNSLG<\/a><\/p>\n\n\n\n<p><a href=\"https:\/\/www.facebook.com\/hashtag\/sanluisgonzaga?__eep__=6&amp;__cft__[0]=AZUzhzICWmyftz7yFTfuYl-Zu1pIK5AuIOZAvseX9FpY-wllyuqjaeduKS-nck7kedSxYrQDmizdTAl8kNRas8b5uJvD_67VSLbf7Vc2y_LmwvtZasuLNPHC-2kis8Fd2wLKxlXpZ4tBWl8Wp1i9LZ-viAiRzsEyCMEDMib6jePXPbI6tioJeHyvTE1HCyIF804&amp;__tn__=*NK-R\">#SanLuisGonzaga<\/a><\/p>\n\n\n\n<p><a href=\"https:\/\/www.facebook.com\/hashtag\/medicinahumana?__eep__=6&amp;__cft__[0]=AZUzhzICWmyftz7yFTfuYl-Zu1pIK5AuIOZAvseX9FpY-wllyuqjaeduKS-nck7kedSxYrQDmizdTAl8kNRas8b5uJvD_67VSLbf7Vc2y_LmwvtZasuLNPHC-2kis8Fd2wLKxlXpZ4tBWl8Wp1i9LZ-viAiRzsEyCMEDMib6jePXPbI6tioJeHyvTE1HCyIF804&amp;__tn__=*NK-R\">#MedicinaHumana<\/a><\/p>\n\n\n\n<p><a href=\"https:\/\/www.facebook.com\/hashtag\/formaci%C3%B3nprofesional?__eep__=6&amp;__cft__[0]=AZUzhzICWmyftz7yFTfuYl-Zu1pIK5AuIOZAvseX9FpY-wllyuqjaeduKS-nck7kedSxYrQDmizdTAl8kNRas8b5uJvD_67VSLbf7Vc2y_LmwvtZasuLNPHC-2kis8Fd2wLKxlXpZ4tBWl8Wp1i9LZ-viAiRzsEyCMEDMib6jePXPbI6tioJeHyvTE1HCyIF804&amp;__tn__=*NK-R\">#Formaci\u00f3nProfesional<\/a><\/p>\n\n\n\n<p><a href=\"https:\/\/www.facebook.com\/hashtag\/internadom%C3%A9dico?__eep__=6&amp;__cft__[0]=AZUzhzICWmyftz7yFTfuYl-Zu1pIK5AuIOZAvseX9FpY-wllyuqjaeduKS-nck7kedSxYrQDmizdTAl8kNRas8b5uJvD_67VSLbf7Vc2y_LmwvtZasuLNPHC-2kis8Fd2wLKxlXpZ4tBWl8Wp1i9LZ-viAiRzsEyCMEDMib6jePXPbI6tioJeHyvTE1HCyIF804&amp;__tn__=*NK-R\">#InternadoM\u00e9dico<\/a><\/p>\n\n\n\n<p><a href=\"https:\/\/www.facebook.com\/hashtag\/promoci%C3%B3n2024ii?__eep__=6&amp;__cft__[0]=AZUzhzICWmyftz7yFTfuYl-Zu1pIK5AuIOZAvseX9FpY-wllyuqjaeduKS-nck7kedSxYrQDmizdTAl8kNRas8b5uJvD_67VSLbf7Vc2y_LmwvtZasuLNPHC-2kis8Fd2wLKxlXpZ4tBWl8Wp1i9LZ-viAiRzsEyCMEDMib6jePXPbI6tioJeHyvTE1HCyIF804&amp;__tn__=*NK-R\">#Promoci\u00f3n2024II<\/a><\/p>\n\n\n\n<p><a href=\"https:\/\/www.facebook.com\/hashtag\/beatrizelenavegakleiman?__eep__=6&amp;__cft__[0]=AZUzhzICWmyftz7yFTfuYl-Zu1pIK5AuIOZAvseX9FpY-wllyuqjaeduKS-nck7kedSxYrQDmizdTAl8kNRas8b5uJvD_67VSLbf7Vc2y_LmwvtZasuLNPHC-2kis8Fd2wLKxlXpZ4tBWl8Wp1i9LZ-viAiRzsEyCMEDMib6jePXPbI6tioJeHyvTE1HCyIF804&amp;__tn__=*NK-R\">#BeatrizElenaVegaKleiman<\/a><\/p>\n\n\n\n<p><a href=\"https:\/\/www.facebook.com\/hashtag\/futurosm%C3%A9dicos?__eep__=6&amp;__cft__[0]=AZUzhzICWmyftz7yFTfuYl-Zu1pIK5AuIOZAvseX9FpY-wllyuqjaeduKS-nck7kedSxYrQDmizdTAl8kNRas8b5uJvD_67VSLbf7Vc2y_LmwvtZasuLNPHC-2kis8Fd2wLKxlXpZ4tBWl8Wp1i9LZ-viAiRzsEyCMEDMib6jePXPbI6tioJeHyvTE1HCyIF804&amp;__tn__=*NK-R\">#FuturosM\u00e9dicos<\/a><\/p>\n\n\n\n<p><a href=\"https:\/\/www.facebook.com\/hashtag\/ica?__eep__=6&amp;__cft__[0]=AZUzhzICWmyftz7yFTfuYl-Zu1pIK5AuIOZAvseX9FpY-wllyuqjaeduKS-nck7kedSxYrQDmizdTAl8kNRas8b5uJvD_67VSLbf7Vc2y_LmwvtZasuLNPHC-2kis8Fd2wLKxlXpZ4tBWl8Wp1i9LZ-viAiRzsEyCMEDMib6jePXPbI6tioJeHyvTE1HCyIF804&amp;__tn__=*NK-R\">#Ica<\/a><\/p>\n\n\n\n<p><a href=\"https:\/\/www.facebook.com\/share\/p\/1DK3jM2kr1\">https:\/\/www.facebook.com\/share\/p\/1DK3jM2kr1<\/a><\/p>\n\n\n\n<figure class=\"wp-block-image size-full\"><img loading=\"lazy\" decoding=\"async\" width=\"683\" height=\"571\" src=\"https:\/\/www.unica.edu.pe\/noticias\/wp-content\/uploads\/2025\/12\/image-6.png\" alt=\"\" class=\"wp-image-42101\" srcset=\"https:\/\/www.unica.edu.pe\/noticias\/wp-content\/uploads\/2025\/12\/image-6.png 683w, https:\/\/www.unica.edu.pe\/noticias\/wp-content\/uploads\/2025\/12\/image-6-300x251.png 300w\" sizes=\"auto, (max-width: 683px) 100vw, 683px\" \/><\/figure>\n","protected":false},"excerpt":{"rendered":"<p>#FacultaddeMedicina | La ma\u00f1ana de ayer, los integrantes de la Promoci\u00f3n 2024-II \u201cBeatriz Elena Vega Kleiman\u201d, de la Facultad de Medicina Humana, culminaron una etapa trascendental en su formaci\u00f3n acad\u00e9mica y se preparan ahora para iniciar su INTERNADO, un periodo decisivo en su trayectoria profesional. Este cierre de ciclo simboliza a\u00f1os de esfuerzo, disciplina y &hellip; <\/p>\n<p class=\"link-more\"><a href=\"https:\/\/www.unica.edu.pe\/noticias\/2025\/11\/28\/promocion-2024-ii-de-la-facultad-de-medicina-culmina-su-formacion-academica-e-inicia-el-internado\/\" class=\"more-link\">Continuar leyendo<span class=\"screen-reader-text\"> \u00abPROMOCI\u00d3N 2024-II DE LA FACULTAD DE MEDICINA CULMINA SU FORMACI\u00d3N ACAD\u00c9MICA E INICIA EL INTERNADO.\u00bb<\/span><\/a><\/p>\n","protected":false},"author":4,"featured_media":0,"comment_status":"closed","ping_status":"open","sticky":false,"template":"","format":"standard","meta":{"footnotes":""},"categories":[7],"tags":[],"class_list":["post-42100","post","type-post","status-publish","format-standard","hentry","category-noticias"],"_links":{"self":[{"href":"https:\/\/www.unica.edu.pe\/noticias\/wp-json\/wp\/v2\/posts\/42100","targetHints":{"allow":["GET"]}}],"collection":[{"href":"https:\/\/www.unica.edu.pe\/noticias\/wp-json\/wp\/v2\/posts"}],"about":[{"href":"https:\/\/www.unica.edu.pe\/noticias\/wp-json\/wp\/v2\/types\/post"}],"author":[{"embeddable":true,"href":"https:\/\/www.unica.edu.pe\/noticias\/wp-json\/wp\/v2\/users\/4"}],"replies":[{"embeddable":true,"href":"https:\/\/www.unica.edu.pe\/noticias\/wp-json\/wp\/v2\/comments?post=42100"}],"version-history":[{"count":1,"href":"https:\/\/www.unica.edu.pe\/noticias\/wp-json\/wp\/v2\/posts\/42100\/revisions"}],"predecessor-version":[{"id":42102,"href":"https:\/\/www.unica.edu.pe\/noticias\/wp-json\/wp\/v2\/posts\/42100\/revisions\/42102"}],"wp:attachment":[{"href":"https:\/\/www.unica.edu.pe\/noticias\/wp-json\/wp\/v2\/media?parent=42100"}],"wp:term":[{"taxonomy":"category","embeddable":true,"href":"https:\/\/www.unica.edu.pe\/noticias\/wp-json\/wp\/v2\/categories?post=42100"},{"taxonomy":"post_tag","embeddable":true,"href":"https:\/\/www.unica.edu.pe\/noticias\/wp-json\/wp\/v2\/tags?post=42100"}],"curies":[{"name":"wp","href":"https:\/\/api.w.org\/{rel}","templated":true}]}}