{"id":42087,"date":"2025-11-28T13:30:00","date_gmt":"2025-11-28T18:30:00","guid":{"rendered":"https:\/\/www.unica.edu.pe\/noticias\/?p=42087"},"modified":"2025-12-01T09:13:22","modified_gmt":"2025-12-01T14:13:22","slug":"ceremonia-de-bendicion-e-imposicion-de-mandiles-de-la-facultad-de-ciencias-biologicas","status":"publish","type":"post","link":"https:\/\/www.unica.edu.pe\/noticias\/2025\/11\/28\/ceremonia-de-bendicion-e-imposicion-de-mandiles-de-la-facultad-de-ciencias-biologicas\/","title":{"rendered":"CEREMONIA DE BENDICI\u00d3N E IMPOSICI\u00d3N DE MANDILES DE LA FACULTAD DE CIENCIAS BIOL\u00d3GICAS"},"content":{"rendered":"\n<p><img loading=\"lazy\" decoding=\"async\" height=\"16\" width=\"16\" alt=\"\ud83e\udd7c\" src=\"https:\/\/static.xx.fbcdn.net\/images\/emoji.php\/v9\/t9d\/1\/16\/1f97c.png\"><a href=\"https:\/\/www.facebook.com\/hashtag\/facultaddecienciasbiol%C3%B3gicas?__eep__=6&amp;__cft__[0]=AZXIIk31TGbIL83EJ4d3-W7D-r2sJjVvuk0EU6xTmNCyHsLT-FFq6mG-s08pm0PwaHipEB75g15reKCepjbqmcKcFWv_hq1MtXrE1ivECukt2p7Nz_XcGG6NajFuYAo0nj5Dwffg4XlXo3Yac-bpRamG3l-n3xDcLkymf_aSgDQh5N2ik619g9sSgWitBdulIwk&amp;__tn__=*NK-R\">#FacultaddeCienciasBiol\u00f3gicas<\/a> \u2013 UNSLG<\/p>\n\n\n\n<p>Se <a><\/a>llev\u00f3 a cabo con \u00e9xito la ceremonia de bendici\u00f3n e imposici\u00f3n de mandiles de la Facultad de Ciencias Biol\u00f3gicas, en la que participaron estudiantes, padres de familia, invitados especiales y las autoridades de nuestra facultad. La mesa de honor estuvo conformada por el Decano, Dr. Nicol\u00e1s Hip\u00f3lito Munive Bendezu; el Director de la escuela profesional, Dr. Wilmer Melgarejo \u00c1ngeles; y el docente Jos\u00e9 Cortez Farf\u00e1n.<\/p>\n\n\n\n<p>Este acto institucional simboliza el compromiso de nuestra universidad con la formaci\u00f3n acad\u00e9mica, cient\u00edfica y \u00e9tica de nuestros estudiantes. A trav\u00e9s de este evento reafirmamos nuestra misi\u00f3n de formar profesionales responsables, competentes y con vocaci\u00f3n de servicio, preparados para contribuir al desarrollo de nuestra comunidad y del pa\u00eds.<\/p>\n\n\n\n<p>Invitamos a toda nuestra comunidad universitaria a seguir promoviendo estos valores de excelencia, solidaridad y dedicaci\u00f3n.<\/p>\n\n\n\n<p>\u2014 Oficina de Comunicaciones, UNSLG<\/p>\n\n\n\n<p><a href=\"https:\/\/www.facebook.com\/hashtag\/unslg?__eep__=6&amp;__cft__[0]=AZXIIk31TGbIL83EJ4d3-W7D-r2sJjVvuk0EU6xTmNCyHsLT-FFq6mG-s08pm0PwaHipEB75g15reKCepjbqmcKcFWv_hq1MtXrE1ivECukt2p7Nz_XcGG6NajFuYAo0nj5Dwffg4XlXo3Yac-bpRamG3l-n3xDcLkymf_aSgDQh5N2ik619g9sSgWitBdulIwk&amp;__tn__=*NK-R\">#UNSLG<\/a><a href=\"https:\/\/www.facebook.com\/hashtag\/facultaddecienciasbiol%C3%B3gicas?__eep__=6&amp;__cft__[0]=AZXIIk31TGbIL83EJ4d3-W7D-r2sJjVvuk0EU6xTmNCyHsLT-FFq6mG-s08pm0PwaHipEB75g15reKCepjbqmcKcFWv_hq1MtXrE1ivECukt2p7Nz_XcGG6NajFuYAo0nj5Dwffg4XlXo3Yac-bpRamG3l-n3xDcLkymf_aSgDQh5N2ik619g9sSgWitBdulIwk&amp;__tn__=*NK-R\">#FacultadDeCienciasBiol\u00f3gicas<\/a><a href=\"https:\/\/www.facebook.com\/hashtag\/imposici%C3%B3ndemandiles?__eep__=6&amp;__cft__[0]=AZXIIk31TGbIL83EJ4d3-W7D-r2sJjVvuk0EU6xTmNCyHsLT-FFq6mG-s08pm0PwaHipEB75g15reKCepjbqmcKcFWv_hq1MtXrE1ivECukt2p7Nz_XcGG6NajFuYAo0nj5Dwffg4XlXo3Yac-bpRamG3l-n3xDcLkymf_aSgDQh5N2ik619g9sSgWitBdulIwk&amp;__tn__=*NK-R\">#Imposici\u00f3nDeMandiles<\/a><a href=\"https:\/\/www.facebook.com\/hashtag\/compromisoinstitucional?__eep__=6&amp;__cft__[0]=AZXIIk31TGbIL83EJ4d3-W7D-r2sJjVvuk0EU6xTmNCyHsLT-FFq6mG-s08pm0PwaHipEB75g15reKCepjbqmcKcFWv_hq1MtXrE1ivECukt2p7Nz_XcGG6NajFuYAo0nj5Dwffg4XlXo3Yac-bpRamG3l-n3xDcLkymf_aSgDQh5N2ik619g9sSgWitBdulIwk&amp;__tn__=*NK-R\">#CompromisoInstitucional<\/a><\/p>\n\n\n\n<p><a href=\"https:\/\/www.facebook.com\/share\/p\/1AFSGCC4kY\">https:\/\/www.facebook.com\/share\/p\/1AFSGCC4kY<\/a><\/p>\n\n\n\n<figure class=\"wp-block-image size-full\"><img loading=\"lazy\" decoding=\"async\" width=\"683\" height=\"686\" src=\"https:\/\/www.unica.edu.pe\/noticias\/wp-content\/uploads\/2025\/12\/image-2.png\" alt=\"\" class=\"wp-image-42088\" srcset=\"https:\/\/www.unica.edu.pe\/noticias\/wp-content\/uploads\/2025\/12\/image-2.png 683w, https:\/\/www.unica.edu.pe\/noticias\/wp-content\/uploads\/2025\/12\/image-2-300x300.png 300w, https:\/\/www.unica.edu.pe\/noticias\/wp-content\/uploads\/2025\/12\/image-2-150x150.png 150w, https:\/\/www.unica.edu.pe\/noticias\/wp-content\/uploads\/2025\/12\/image-2-100x100.png 100w\" sizes=\"auto, (max-width: 683px) 100vw, 683px\" \/><\/figure>\n","protected":false},"excerpt":{"rendered":"<p>#FacultaddeCienciasBiol\u00f3gicas \u2013 UNSLG Se llev\u00f3 a cabo con \u00e9xito la ceremonia de bendici\u00f3n e imposici\u00f3n de mandiles de la Facultad de Ciencias Biol\u00f3gicas, en la que participaron estudiantes, padres de familia, invitados especiales y las autoridades de nuestra facultad. La mesa de honor estuvo conformada por el Decano, Dr. Nicol\u00e1s Hip\u00f3lito Munive Bendezu; el Director &hellip; <\/p>\n<p class=\"link-more\"><a href=\"https:\/\/www.unica.edu.pe\/noticias\/2025\/11\/28\/ceremonia-de-bendicion-e-imposicion-de-mandiles-de-la-facultad-de-ciencias-biologicas\/\" class=\"more-link\">Continuar leyendo<span class=\"screen-reader-text\"> \u00abCEREMONIA DE BENDICI\u00d3N E IMPOSICI\u00d3N DE MANDILES DE LA FACULTAD DE CIENCIAS BIOL\u00d3GICAS\u00bb<\/span><\/a><\/p>\n","protected":false},"author":4,"featured_media":0,"comment_status":"closed","ping_status":"open","sticky":false,"template":"","format":"standard","meta":{"footnotes":""},"categories":[7],"tags":[],"class_list":["post-42087","post","type-post","status-publish","format-standard","hentry","category-noticias"],"_links":{"self":[{"href":"https:\/\/www.unica.edu.pe\/noticias\/wp-json\/wp\/v2\/posts\/42087","targetHints":{"allow":["GET"]}}],"collection":[{"href":"https:\/\/www.unica.edu.pe\/noticias\/wp-json\/wp\/v2\/posts"}],"about":[{"href":"https:\/\/www.unica.edu.pe\/noticias\/wp-json\/wp\/v2\/types\/post"}],"author":[{"embeddable":true,"href":"https:\/\/www.unica.edu.pe\/noticias\/wp-json\/wp\/v2\/users\/4"}],"replies":[{"embeddable":true,"href":"https:\/\/www.unica.edu.pe\/noticias\/wp-json\/wp\/v2\/comments?post=42087"}],"version-history":[{"count":1,"href":"https:\/\/www.unica.edu.pe\/noticias\/wp-json\/wp\/v2\/posts\/42087\/revisions"}],"predecessor-version":[{"id":42089,"href":"https:\/\/www.unica.edu.pe\/noticias\/wp-json\/wp\/v2\/posts\/42087\/revisions\/42089"}],"wp:attachment":[{"href":"https:\/\/www.unica.edu.pe\/noticias\/wp-json\/wp\/v2\/media?parent=42087"}],"wp:term":[{"taxonomy":"category","embeddable":true,"href":"https:\/\/www.unica.edu.pe\/noticias\/wp-json\/wp\/v2\/categories?post=42087"},{"taxonomy":"post_tag","embeddable":true,"href":"https:\/\/www.unica.edu.pe\/noticias\/wp-json\/wp\/v2\/tags?post=42087"}],"curies":[{"name":"wp","href":"https:\/\/api.w.org\/{rel}","templated":true}]}}