{"id":41731,"date":"2025-11-17T11:53:00","date_gmt":"2025-11-17T16:53:00","guid":{"rendered":"https:\/\/www.unica.edu.pe\/noticias\/?p=41731"},"modified":"2025-11-18T13:23:01","modified_gmt":"2025-11-18T18:23:01","slug":"invitacion-al-x-festival-teatro-iqueno-2025","status":"publish","type":"post","link":"https:\/\/www.unica.edu.pe\/noticias\/2025\/11\/17\/invitacion-al-x-festival-teatro-iqueno-2025\/","title":{"rendered":"INVITACI\u00d3N AL \u00abX FESTIVAL TEATRO IQUE\u00d1O 2025\u00bb"},"content":{"rendered":"\n<p><img loading=\"lazy\" decoding=\"async\" height=\"16\" width=\"16\" alt=\"\ud83c\udfad\" src=\"https:\/\/static.xx.fbcdn.net\/images\/emoji.php\/v9\/tae\/1\/16\/1f3ad.png\"> \u00a1El teatro ique\u00f1o vuelve a brillar!<\/p>\n\n\n\n<p>La Direcci\u00f3n de Responsabilidad Social Universitaria, Proyecci\u00f3n Social y Extensi\u00f3n Cultural de la Universidad Nacional \u00abSan Luis <a><\/a>Gonzaga\u00bb tiene el honor de invitar a toda la comunidad a participar del \u00abX Festival Teatro Ique\u00f1o 2025\u00bb, un espacio que celebra el talento, la creatividad y la pasi\u00f3n de nuestros grupos teatrales locales.<\/p>\n\n\n\n<p>Este a\u00f1o el festival presenta una programaci\u00f3n especial con obras variadas, llenas de emoci\u00f3n, reflexi\u00f3n y humor, interpretadas por destacadas agrupaciones culturales de Ica, Nasca y la UNICA.<\/p>\n\n\n\n<p><img loading=\"lazy\" decoding=\"async\" height=\"16\" width=\"16\" alt=\"\ud83d\udcc5\" src=\"https:\/\/static.xx.fbcdn.net\/images\/emoji.php\/v9\/t7e\/1\/16\/1f4c5.png\"> Fechas:<\/p>\n\n\n\n<p><img loading=\"lazy\" decoding=\"async\" height=\"16\" width=\"16\" alt=\"\u2b50\ufe0f\" src=\"https:\/\/static.xx.fbcdn.net\/images\/emoji.php\/v9\/tb4\/1\/16\/2b50.png\">20 de noviembre \u2013 7:00 p.m.<\/p>\n\n\n\n<p><img loading=\"lazy\" decoding=\"async\" height=\"16\" width=\"16\" alt=\"\u2b50\ufe0f\" src=\"https:\/\/static.xx.fbcdn.net\/images\/emoji.php\/v9\/tb4\/1\/16\/2b50.png\">22 de noviembre \u2013 6:00 p.m.<\/p>\n\n\n\n<p><img loading=\"lazy\" decoding=\"async\" height=\"16\" width=\"16\" alt=\"\ud83d\udccd\" src=\"https:\/\/static.xx.fbcdn.net\/images\/emoji.php\/v9\/t2d\/1\/16\/1f4cd.png\"> Lugar: Teatro \u201cAbraham Valdelomar\u201d \u2013 Calle Bol\u00edvar N\u00b0 294, Ica.<\/p>\n\n\n\n<p>Podr\u00e1s disfrutar de propuestas como No es el mago de Oz, Casi Normales, 4 Historias de Cama, La Distancia M\u00e1s Larga, Tu amigo nunca te har\u00eda da\u00f1o, entre otras obras que prometen conectar con el p\u00fablico desde distintas emociones y miradas.<\/p>\n\n\n\n<p><img loading=\"lazy\" decoding=\"async\" height=\"16\" width=\"16\" alt=\"\ud83c\udf9f\ufe0f\" src=\"https:\/\/static.xx.fbcdn.net\/images\/emoji.php\/v9\/td8\/1\/16\/1f39f.png\"> INGRESO LIBRE para toda la comunidad.<\/p>\n\n\n\n<p>Te esperamos para seguir impulsando el arte esc\u00e9nico y reafirmar que el teatro es una herramienta poderosa para transformar, sensibilizar y unir a nuestra sociedad.<\/p>\n\n\n\n<p><img loading=\"lazy\" decoding=\"async\" height=\"16\" width=\"16\" alt=\"\u2728\" src=\"https:\/\/static.xx.fbcdn.net\/images\/emoji.php\/v9\/tf4\/1\/16\/2728.png\"> Ven, vive, siente y celebra el talento ique\u00f1o.<\/p>\n\n\n\n<p>\u00a1No faltes!<\/p>\n\n\n\n<figure class=\"wp-block-image size-full\"><img loading=\"lazy\" decoding=\"async\" width=\"509\" height=\"720\" src=\"https:\/\/www.unica.edu.pe\/noticias\/wp-content\/uploads\/2025\/11\/image-240.png\" alt=\"\" class=\"wp-image-41732\" srcset=\"https:\/\/www.unica.edu.pe\/noticias\/wp-content\/uploads\/2025\/11\/image-240.png 509w, https:\/\/www.unica.edu.pe\/noticias\/wp-content\/uploads\/2025\/11\/image-240-212x300.png 212w\" sizes=\"auto, (max-width: 509px) 100vw, 509px\" \/><\/figure>\n","protected":false},"excerpt":{"rendered":"<p>\u00a1El teatro ique\u00f1o vuelve a brillar! La Direcci\u00f3n de Responsabilidad Social Universitaria, Proyecci\u00f3n Social y Extensi\u00f3n Cultural de la Universidad Nacional \u00abSan Luis Gonzaga\u00bb tiene el honor de invitar a toda la comunidad a participar del \u00abX Festival Teatro Ique\u00f1o 2025\u00bb, un espacio que celebra el talento, la creatividad y la pasi\u00f3n de nuestros grupos &hellip; <\/p>\n<p class=\"link-more\"><a href=\"https:\/\/www.unica.edu.pe\/noticias\/2025\/11\/17\/invitacion-al-x-festival-teatro-iqueno-2025\/\" class=\"more-link\">Continuar leyendo<span class=\"screen-reader-text\"> \u00abINVITACI\u00d3N AL \u00abX FESTIVAL TEATRO IQUE\u00d1O 2025\u00bb\u00bb<\/span><\/a><\/p>\n","protected":false},"author":4,"featured_media":0,"comment_status":"closed","ping_status":"open","sticky":false,"template":"","format":"standard","meta":{"footnotes":""},"categories":[37],"tags":[],"class_list":["post-41731","post","type-post","status-publish","format-standard","hentry","category-proyeccion-social"],"_links":{"self":[{"href":"https:\/\/www.unica.edu.pe\/noticias\/wp-json\/wp\/v2\/posts\/41731","targetHints":{"allow":["GET"]}}],"collection":[{"href":"https:\/\/www.unica.edu.pe\/noticias\/wp-json\/wp\/v2\/posts"}],"about":[{"href":"https:\/\/www.unica.edu.pe\/noticias\/wp-json\/wp\/v2\/types\/post"}],"author":[{"embeddable":true,"href":"https:\/\/www.unica.edu.pe\/noticias\/wp-json\/wp\/v2\/users\/4"}],"replies":[{"embeddable":true,"href":"https:\/\/www.unica.edu.pe\/noticias\/wp-json\/wp\/v2\/comments?post=41731"}],"version-history":[{"count":1,"href":"https:\/\/www.unica.edu.pe\/noticias\/wp-json\/wp\/v2\/posts\/41731\/revisions"}],"predecessor-version":[{"id":41733,"href":"https:\/\/www.unica.edu.pe\/noticias\/wp-json\/wp\/v2\/posts\/41731\/revisions\/41733"}],"wp:attachment":[{"href":"https:\/\/www.unica.edu.pe\/noticias\/wp-json\/wp\/v2\/media?parent=41731"}],"wp:term":[{"taxonomy":"category","embeddable":true,"href":"https:\/\/www.unica.edu.pe\/noticias\/wp-json\/wp\/v2\/categories?post=41731"},{"taxonomy":"post_tag","embeddable":true,"href":"https:\/\/www.unica.edu.pe\/noticias\/wp-json\/wp\/v2\/tags?post=41731"}],"curies":[{"name":"wp","href":"https:\/\/api.w.org\/{rel}","templated":true}]}}