{"id":41728,"date":"2025-11-17T11:35:00","date_gmt":"2025-11-17T16:35:00","guid":{"rendered":"https:\/\/www.unica.edu.pe\/noticias\/?p=41728"},"modified":"2025-11-18T13:21:18","modified_gmt":"2025-11-18T18:21:18","slug":"conall-2025","status":"publish","type":"post","link":"https:\/\/www.unica.edu.pe\/noticias\/2025\/11\/17\/conall-2025\/","title":{"rendered":"CONALL 2025"},"content":{"rendered":"\n<p><a href=\"https:\/\/www.facebook.com\/hashtag\/facultades?__eep__=6&amp;__cft__[0]=AZUC-Y9iRw1jmxZve12_AOcZvtV9sI1ytuirIV-gnXvE9coe6gTCny7JFikNtmsSIZM0tHzU9vXHMJscFGdimrSM-5w0rPYERFeFd4Qoug0I-zXDr-ALv95qALhDedLB_wjnOxG_vdXay8h2UzgHA1wCOIhZYOvSNWNdmgzGoHUVPYBwVq7C0umO5gtbH5LJEZ0&amp;__tn__=*NK-R\">#Facultades<\/a> | La Universidad Nacional \u201cSan Luis Gonzaga\u201d, fue organizador del XIII Congreso Internacional Ling\u00fc\u00edstico Literario \u201cMario Vargas Llosa\u201d y XXI Congreso <a><\/a>Nacional \u201cJes\u00fas Cabel Moscoso\u201d, evento acad\u00e9mico que reuni\u00f3 a importantes personalidades para compartir recientes investigaciones referentes a la ling\u00fc\u00edstica, literatura y pedagog\u00eda.<\/p>\n\n\n\n<p>En el congreso, en representaci\u00f3n del Semillero de Investigaci\u00f3n\u201d Educaci\u00f3n e Innovaci\u00f3n\u201d, de la Facultad de Ciencias de la Educaci\u00f3n y Humanidades, participaron como expositores la Dra. Lila Karina Huam\u00e1n Munares con la ponencia: La oralidad como pilar en la transmisi\u00f3n cultural de Ica y el estudiante Jean Pierre Ojeda Rosales, ponencia: Lengua de se\u00f1as en los servicios p\u00fablicos del Per\u00fa: una herramienta de comunicaci\u00f3n inclusiva.<\/p>\n\n\n\n<figure class=\"wp-block-image size-full\"><img loading=\"lazy\" decoding=\"async\" width=\"686\" height=\"686\" src=\"https:\/\/www.unica.edu.pe\/noticias\/wp-content\/uploads\/2025\/11\/image-239.png\" alt=\"\" class=\"wp-image-41729\" srcset=\"https:\/\/www.unica.edu.pe\/noticias\/wp-content\/uploads\/2025\/11\/image-239.png 686w, https:\/\/www.unica.edu.pe\/noticias\/wp-content\/uploads\/2025\/11\/image-239-300x300.png 300w, https:\/\/www.unica.edu.pe\/noticias\/wp-content\/uploads\/2025\/11\/image-239-150x150.png 150w, https:\/\/www.unica.edu.pe\/noticias\/wp-content\/uploads\/2025\/11\/image-239-100x100.png 100w\" sizes=\"auto, (max-width: 686px) 100vw, 686px\" \/><\/figure>\n","protected":false},"excerpt":{"rendered":"<p>#Facultades | La Universidad Nacional \u201cSan Luis Gonzaga\u201d, fue organizador del XIII Congreso Internacional Ling\u00fc\u00edstico Literario \u201cMario Vargas Llosa\u201d y XXI Congreso Nacional \u201cJes\u00fas Cabel Moscoso\u201d, evento acad\u00e9mico que reuni\u00f3 a importantes personalidades para compartir recientes investigaciones referentes a la ling\u00fc\u00edstica, literatura y pedagog\u00eda. En el congreso, en representaci\u00f3n del Semillero de Investigaci\u00f3n\u201d Educaci\u00f3n e &hellip; <\/p>\n<p class=\"link-more\"><a href=\"https:\/\/www.unica.edu.pe\/noticias\/2025\/11\/17\/conall-2025\/\" class=\"more-link\">Continuar leyendo<span class=\"screen-reader-text\"> \u00abCONALL 2025\u00bb<\/span><\/a><\/p>\n","protected":false},"author":4,"featured_media":0,"comment_status":"closed","ping_status":"open","sticky":false,"template":"","format":"standard","meta":{"footnotes":""},"categories":[7],"tags":[],"class_list":["post-41728","post","type-post","status-publish","format-standard","hentry","category-noticias"],"_links":{"self":[{"href":"https:\/\/www.unica.edu.pe\/noticias\/wp-json\/wp\/v2\/posts\/41728","targetHints":{"allow":["GET"]}}],"collection":[{"href":"https:\/\/www.unica.edu.pe\/noticias\/wp-json\/wp\/v2\/posts"}],"about":[{"href":"https:\/\/www.unica.edu.pe\/noticias\/wp-json\/wp\/v2\/types\/post"}],"author":[{"embeddable":true,"href":"https:\/\/www.unica.edu.pe\/noticias\/wp-json\/wp\/v2\/users\/4"}],"replies":[{"embeddable":true,"href":"https:\/\/www.unica.edu.pe\/noticias\/wp-json\/wp\/v2\/comments?post=41728"}],"version-history":[{"count":1,"href":"https:\/\/www.unica.edu.pe\/noticias\/wp-json\/wp\/v2\/posts\/41728\/revisions"}],"predecessor-version":[{"id":41730,"href":"https:\/\/www.unica.edu.pe\/noticias\/wp-json\/wp\/v2\/posts\/41728\/revisions\/41730"}],"wp:attachment":[{"href":"https:\/\/www.unica.edu.pe\/noticias\/wp-json\/wp\/v2\/media?parent=41728"}],"wp:term":[{"taxonomy":"category","embeddable":true,"href":"https:\/\/www.unica.edu.pe\/noticias\/wp-json\/wp\/v2\/categories?post=41728"},{"taxonomy":"post_tag","embeddable":true,"href":"https:\/\/www.unica.edu.pe\/noticias\/wp-json\/wp\/v2\/tags?post=41728"}],"curies":[{"name":"wp","href":"https:\/\/api.w.org\/{rel}","templated":true}]}}