{"id":41722,"date":"2025-11-17T09:38:00","date_gmt":"2025-11-17T14:38:00","guid":{"rendered":"https:\/\/www.unica.edu.pe\/noticias\/?p=41722"},"modified":"2025-11-18T13:18:53","modified_gmt":"2025-11-18T18:18:53","slug":"comunicado-80","status":"publish","type":"post","link":"https:\/\/www.unica.edu.pe\/noticias\/2025\/11\/17\/comunicado-80\/","title":{"rendered":"COMUNICADO"},"content":{"rendered":"\n<p><a href=\"https:\/\/www.facebook.com\/hashtag\/comunicado?__eep__=6&amp;__cft__[0]=AZWb1WdH8yPqAxhPCDrvjKYXJCF9P_Dauvj87VFLhHJLDUaF5qZsu6zUfAAYJroHncp6XlYaLhQ91eowkhDMcv4MXXKivKyK9s2Z_avg8AwL8pYm69WfoapZpsHeRGTt0zSSW4rmwUYhlBExDY-p4not1Tmla4CeAJw21tzLlJ_9-Bd8ko3l3yJTIwQ0ip1SWAU&amp;__tn__=*NK-R\">#Comunicado<\/a> | Se comunica a todos los estudiantes de pregrado de la Universidad Nacional \u201cSan Luis Gonzaga\u201d, que debido a la huelga indefinida de los docentes, los <a><\/a>primeros parciales programados del 17 al 21 de noviembre del presente a\u00f1o, semestre acad\u00e9mico 2025-I, ser\u00e1n reprogramados.<\/p>\n\n\n\n<p>La nueva fecha se publicar\u00e1 por las p\u00e1ginas oficiales de la instituci\u00f3n .<\/p>\n\n\n\n<figure class=\"wp-block-image size-full\"><img loading=\"lazy\" decoding=\"async\" width=\"960\" height=\"540\" src=\"https:\/\/www.unica.edu.pe\/noticias\/wp-content\/uploads\/2025\/11\/image-237.png\" alt=\"\" class=\"wp-image-41723\" srcset=\"https:\/\/www.unica.edu.pe\/noticias\/wp-content\/uploads\/2025\/11\/image-237.png 960w, https:\/\/www.unica.edu.pe\/noticias\/wp-content\/uploads\/2025\/11\/image-237-300x169.png 300w, https:\/\/www.unica.edu.pe\/noticias\/wp-content\/uploads\/2025\/11\/image-237-768x432.png 768w\" sizes=\"auto, (max-width: 767px) 89vw, (max-width: 1000px) 54vw, (max-width: 1071px) 543px, 580px\" \/><\/figure>\n","protected":false},"excerpt":{"rendered":"<p>#Comunicado | Se comunica a todos los estudiantes de pregrado de la Universidad Nacional \u201cSan Luis Gonzaga\u201d, que debido a la huelga indefinida de los docentes, los primeros parciales programados del 17 al 21 de noviembre del presente a\u00f1o, semestre acad\u00e9mico 2025-I, ser\u00e1n reprogramados. La nueva fecha se publicar\u00e1 por las p\u00e1ginas oficiales de la &hellip; <\/p>\n<p class=\"link-more\"><a href=\"https:\/\/www.unica.edu.pe\/noticias\/2025\/11\/17\/comunicado-80\/\" class=\"more-link\">Continuar leyendo<span class=\"screen-reader-text\"> \u00abCOMUNICADO\u00bb<\/span><\/a><\/p>\n","protected":false},"author":4,"featured_media":0,"comment_status":"closed","ping_status":"open","sticky":false,"template":"","format":"standard","meta":{"footnotes":""},"categories":[3],"tags":[],"class_list":["post-41722","post","type-post","status-publish","format-standard","hentry","category-comunicados"],"_links":{"self":[{"href":"https:\/\/www.unica.edu.pe\/noticias\/wp-json\/wp\/v2\/posts\/41722","targetHints":{"allow":["GET"]}}],"collection":[{"href":"https:\/\/www.unica.edu.pe\/noticias\/wp-json\/wp\/v2\/posts"}],"about":[{"href":"https:\/\/www.unica.edu.pe\/noticias\/wp-json\/wp\/v2\/types\/post"}],"author":[{"embeddable":true,"href":"https:\/\/www.unica.edu.pe\/noticias\/wp-json\/wp\/v2\/users\/4"}],"replies":[{"embeddable":true,"href":"https:\/\/www.unica.edu.pe\/noticias\/wp-json\/wp\/v2\/comments?post=41722"}],"version-history":[{"count":1,"href":"https:\/\/www.unica.edu.pe\/noticias\/wp-json\/wp\/v2\/posts\/41722\/revisions"}],"predecessor-version":[{"id":41724,"href":"https:\/\/www.unica.edu.pe\/noticias\/wp-json\/wp\/v2\/posts\/41722\/revisions\/41724"}],"wp:attachment":[{"href":"https:\/\/www.unica.edu.pe\/noticias\/wp-json\/wp\/v2\/media?parent=41722"}],"wp:term":[{"taxonomy":"category","embeddable":true,"href":"https:\/\/www.unica.edu.pe\/noticias\/wp-json\/wp\/v2\/categories?post=41722"},{"taxonomy":"post_tag","embeddable":true,"href":"https:\/\/www.unica.edu.pe\/noticias\/wp-json\/wp\/v2\/tags?post=41722"}],"curies":[{"name":"wp","href":"https:\/\/api.w.org\/{rel}","templated":true}]}}