{"id":40478,"date":"2025-10-11T21:05:00","date_gmt":"2025-10-12T02:05:00","guid":{"rendered":"https:\/\/www.unica.edu.pe\/noticias\/?p=40478"},"modified":"2025-10-13T14:17:24","modified_gmt":"2025-10-13T19:17:24","slug":"invitacion-a-la-carrera-de-ciclismo-y-maraton-3k","status":"publish","type":"post","link":"https:\/\/www.unica.edu.pe\/noticias\/2025\/10\/11\/invitacion-a-la-carrera-de-ciclismo-y-maraton-3k\/","title":{"rendered":"INVITACI\u00d3N A LA CARRERA DE CICLISMO Y MARAT\u00d3N 3K"},"content":{"rendered":"\n<p><a href=\"https:\/\/www.facebook.com\/hashtag\/rsu?__cft__[0]=AZVXoD4I3cfwjrailPO2rw3pa4YSLFh224kshEUEzEioi6QbY2PA7sm47NraJc-KD9kVNucBfHqnYIiclBUO-gnPUqUMKjSF_VwlqfK5eAfepDN4g5wE94HJSEyEj2swCLAzHthew3VqsrQUq09HV_d-hk2yZQGDdXdHZsEktxuwVGkNjjYSqOY2ZwNtB6cP1bT-RlJsGTOwyzBlfvSSizMO&amp;__tn__=*NK-y-R\">#RSU<\/a> I <a href=\"https:\/\/www.facebook.com\/hashtag\/gestionambiental?__cft__[0]=AZVXoD4I3cfwjrailPO2rw3pa4YSLFh224kshEUEzEioi6QbY2PA7sm47NraJc-KD9kVNucBfHqnYIiclBUO-gnPUqUMKjSF_VwlqfK5eAfepDN4g5wE94HJSEyEj2swCLAzHthew3VqsrQUq09HV_d-hk2yZQGDdXdHZsEktxuwVGkNjjYSqOY2ZwNtB6cP1bT-RlJsGTOwyzBlfvSSizMO&amp;__tn__=*NK-y-R\">#Gestionambiental<\/a><img loading=\"lazy\" decoding=\"async\" height=\"16\" width=\"16\" alt=\"\ud83c\udf31\" src=\"https:\/\/static.xx.fbcdn.net\/images\/emoji.php\/v9\/t69\/1\/16\/1f331.png\"><img loading=\"lazy\" decoding=\"async\" height=\"16\" width=\"16\" alt=\"\ud83c\udf0e\" src=\"https:\/\/static.xx.fbcdn.net\/images\/emoji.php\/v9\/tc0\/1\/16\/1f30e.png\"><img loading=\"lazy\" decoding=\"async\" height=\"16\" width=\"16\" alt=\"\u2728\" src=\"https:\/\/static.xx.fbcdn.net\/images\/emoji.php\/v9\/tf4\/1\/16\/2728.png\"><\/p>\n\n\n\n<p><img loading=\"lazy\" decoding=\"async\" height=\"16\" width=\"16\" alt=\"\ud83c\udfc3\u200d\u2640\ufe0f\u200d\u27a1\ufe0f\" src=\"https:\/\/static.xx.fbcdn.net\/images\/emoji.php\/v9\/t4c\/1\/16\/1f3c3_200d_2640_200d_27a1.png\"><img loading=\"lazy\" decoding=\"async\" height=\"16\" width=\"16\" alt=\"\ud83c\udfc3\u200d\u2642\ufe0f\u200d\u27a1\ufe0f\" src=\"https:\/\/static.xx.fbcdn.net\/images\/emoji.php\/v9\/tce\/1\/16\/1f3c3_200d_2642_200d_27a1.png\">MOVILIDAD SOSTENIBLE EN ACCI\u00d3N<img loading=\"lazy\" decoding=\"async\" height=\"16\" width=\"16\" alt=\"\ud83d\udeb4\" src=\"https:\/\/static.xx.fbcdn.net\/images\/emoji.php\/v9\/te0\/1\/16\/1f6b4.png\"><img loading=\"lazy\" decoding=\"async\" height=\"16\" width=\"16\" alt=\"\ud83d\udeb4\u200d\u2640\ufe0f\" src=\"https:\/\/static.xx.fbcdn.net\/images\/emoji.php\/v9\/te\/1\/16\/1f6b4_200d_2640.png\"><\/p>\n\n\n\n<p>La <a href=\"https:\/\/www.facebook.com\/RSUPSEC?__cft__[0]=AZVXoD4I3cfwjrailPO2rw3pa4YSLFh224kshEUEzEioi6QbY2PA7sm47NraJc-KD9kVNucBfHqnYIiclBUO-gnPUqUMKjSF_VwlqfK5eAfepDN4g5wE94HJSEyEj2swCLAzHthew3VqsrQUq09HV_d-hk2yZQGDdXdHZsEktxuwVGkNjjYSqOY2ZwNtB6cP1bT-RlJsGTOwyzBlfvSSizMO&amp;__tn__=-]K-y-R\">Direcci\u00f3n de RSU, Proyecci\u00f3n Social y Extensi\u00f3n Cultural<\/a> en coordinaci\u00f3n con la Municipalidad Provincial de Ica y CONTUGAS, como parte de nuestros objetivos de promover el cuidado del medio ambiente, organiza por primera vez la MARAT\u00d3N 3K y CARRERA DE CICLISMO en la ciudad de Ica.<img loading=\"lazy\" decoding=\"async\" height=\"16\" width=\"16\" alt=\"\ud83c\udfc3\" src=\"https:\/\/static.xx.fbcdn.net\/images\/emoji.php\/v9\/t3b\/1\/16\/1f3c3.png\"><img loading=\"lazy\" decoding=\"async\" height=\"16\" width=\"16\" alt=\"\ud83d\udeb4\" src=\"https:\/\/static.xx.fbcdn.net\/images\/emoji.php\/v9\/te0\/1\/16\/1f6b4.png\"><\/p>\n\n\n\n<p>Invitamos a los estudiantes, docentes y administrativos de la <a href=\"https:\/\/www.facebook.com\/UnicaSLG?__cft__[0]=AZVXoD4I3cfwjrailPO2rw3pa4YSLFh224kshEUEzEioi6QbY2PA7sm47NraJc-KD9kVNucBfHqnYIiclBUO-gnPUqUMKjSF_VwlqfK5eAfepDN4g5wE94HJSEyEj2swCLAzHthew3VqsrQUq09HV_d-hk2yZQGDdXdHZsEktxuwVGkNjjYSqOY2ZwNtB6cP1bT-RlJsGTOwyzBlfvSSizMO&amp;__tn__=-]K-y-R\">Universidad Nacional \u00abSan Luis Gonzaga\u00bb<\/a> a participar de esta grandiosa iniciativa en donde los ganadores acceder\u00e1n a grandes premios. <img loading=\"lazy\" decoding=\"async\" height=\"16\" width=\"16\" alt=\"\ud83e\udd47\" src=\"https:\/\/static.xx.fbcdn.net\/images\/emoji.php\/v9\/t94\/1\/16\/1f947.png\"><img loading=\"lazy\" decoding=\"async\" height=\"16\" width=\"16\" alt=\"\ud83c\udfc6\" src=\"https:\/\/static.xx.fbcdn.net\/images\/emoji.php\/v9\/tbe\/1\/16\/1f3c6.png\"><\/p>\n\n\n\n<p><img loading=\"lazy\" decoding=\"async\" height=\"16\" width=\"16\" alt=\"\ud83d\udcc5\" src=\"https:\/\/static.xx.fbcdn.net\/images\/emoji.php\/v9\/t7e\/1\/16\/1f4c5.png\"> D\u00eda: Viernes 17 de octubre de 2025<\/p>\n\n\n\n<p><img loading=\"lazy\" decoding=\"async\" height=\"16\" width=\"16\" alt=\"\ud83d\udd58\" src=\"https:\/\/static.xx.fbcdn.net\/images\/emoji.php\/v9\/tb0\/1\/16\/1f558.png\"> Hora: 9:00 am<\/p>\n\n\n\n<p><img loading=\"lazy\" decoding=\"async\" height=\"16\" width=\"16\" alt=\"\ud83d\udccd\" src=\"https:\/\/static.xx.fbcdn.net\/images\/emoji.php\/v9\/t2d\/1\/16\/1f4cd.png\"> Lugar: Ciudad Universitaria (Av. Los Maestros S\/N)<\/p>\n\n\n\n<p><img loading=\"lazy\" decoding=\"async\" height=\"16\" width=\"16\" alt=\"\ud83d\udc49\" src=\"https:\/\/static.xx.fbcdn.net\/images\/emoji.php\/v9\/t51\/1\/16\/1f449.png\">LINK DE INSCRIPCI\u00d3N: <a href=\"https:\/\/l.facebook.com\/l.php?u=https%3A%2F%2Fdocs.google.com%2Fforms%2Fd%2Fe%2F1FAIpQLSer0Gz6tAu_lYOMNlbkAnTQhnkR3nvwYzpUxYUCF58b0-AnoQ%2Fviewform%3Ffbclid%3DIwZXh0bgNhZW0CMTAAYnJpZBExV3FsUXR1dFoyRGhVNEE3ZAEe1enEdTKZF_vWJEo7j-7K-TYVZ18DXK7wvhBcRosYAPFuYh5ewkHG1MfaNW0_aem_saYX5WpbQVM9vylfTSQb8g&amp;h=AT0MongeJvketsWEz2f2NFMIgrZKcuDTFkz3rF3KFUw25ui7-xfmZZl7kUP8q7JlHO3iJLhrMJtaGm4A9tqPFgDSvNEM9Eq-VeKsRbu7zHyZtBuxNDpXIg9zd7m4GF-TXo78M0SjbuliBA&amp;__tn__=-UK-y-R&amp;c[0]=AT2cAAWNB8csR2Fz6gukiDxr1mbDgxjSnzEOP1tBALyLug_5uXGJ47f7wK0hFXks9D67lcVXQe5FpumCPD2LG6OMMu4qaWYEJ72SRGx0IGEg4LkgAk_E9k33d5u2k7jbaObET23BQQGcXobDXZwbpPE4VXU2WtP-DFCuTm-k5errM6FoE1UhHm_tdtv7FmfviUd2wloj-hJGOtgsjpjtE4_QqBnDBdvIVLMI6q4s_VsP3z8i\" rel=\"noreferrer noopener\" target=\"_blank\">https:\/\/docs.google.com\/&#8230;\/1FAIpQLSer0Gz6tAu&#8230;\/viewform<\/a><\/p>\n\n\n\n<p><img loading=\"lazy\" decoding=\"async\" height=\"16\" width=\"16\" alt=\"\u26a0\ufe0f\" src=\"https:\/\/static.xx.fbcdn.net\/images\/emoji.php\/v9\/tdc\/1\/16\/26a0.png\"> Para mayor informaci\u00f3n puedes acercarte a nuestra oficina en el Local Central de la UNICA (Calle Bol\u00edvar 232).<\/p>\n\n\n\n<p>\u00a1\u00a1TE ESPERAMOS!!<img loading=\"lazy\" decoding=\"async\" height=\"16\" width=\"16\" alt=\"\ud83d\ude46\u200d\u2640\ufe0f\" src=\"https:\/\/static.xx.fbcdn.net\/images\/emoji.php\/v9\/t7e\/1\/16\/1f646_200d_2640.png\"><img loading=\"lazy\" decoding=\"async\" height=\"16\" width=\"16\" alt=\"\ud83d\ude46\u200d\u2642\ufe0f\" src=\"https:\/\/static.xx.fbcdn.net\/images\/emoji.php\/v9\/t80\/1\/16\/1f646_200d_2642.png\"><\/p>\n\n\n\n<figure class=\"wp-block-image size-full\"><img loading=\"lazy\" decoding=\"async\" width=\"664\" height=\"655\" src=\"https:\/\/www.unica.edu.pe\/noticias\/wp-content\/uploads\/2025\/10\/image-120.png\" alt=\"\" class=\"wp-image-40479\" srcset=\"https:\/\/www.unica.edu.pe\/noticias\/wp-content\/uploads\/2025\/10\/image-120.png 664w, https:\/\/www.unica.edu.pe\/noticias\/wp-content\/uploads\/2025\/10\/image-120-300x296.png 300w, https:\/\/www.unica.edu.pe\/noticias\/wp-content\/uploads\/2025\/10\/image-120-100x100.png 100w\" sizes=\"auto, (max-width: 664px) 100vw, 664px\" \/><\/figure>\n","protected":false},"excerpt":{"rendered":"<p>#RSU I #Gestionambiental MOVILIDAD SOSTENIBLE EN ACCI\u00d3N La Direcci\u00f3n de RSU, Proyecci\u00f3n Social y Extensi\u00f3n Cultural en coordinaci\u00f3n con la Municipalidad Provincial de Ica y CONTUGAS, como parte de nuestros objetivos de promover el cuidado del medio ambiente, organiza por primera vez la MARAT\u00d3N 3K y CARRERA DE CICLISMO en la ciudad de Ica. Invitamos &hellip; <\/p>\n<p class=\"link-more\"><a href=\"https:\/\/www.unica.edu.pe\/noticias\/2025\/10\/11\/invitacion-a-la-carrera-de-ciclismo-y-maraton-3k\/\" class=\"more-link\">Continuar leyendo<span class=\"screen-reader-text\"> \u00abINVITACI\u00d3N A LA CARRERA DE CICLISMO Y MARAT\u00d3N 3K\u00bb<\/span><\/a><\/p>\n","protected":false},"author":4,"featured_media":0,"comment_status":"closed","ping_status":"open","sticky":false,"template":"","format":"standard","meta":{"footnotes":""},"categories":[37],"tags":[],"class_list":["post-40478","post","type-post","status-publish","format-standard","hentry","category-proyeccion-social"],"_links":{"self":[{"href":"https:\/\/www.unica.edu.pe\/noticias\/wp-json\/wp\/v2\/posts\/40478","targetHints":{"allow":["GET"]}}],"collection":[{"href":"https:\/\/www.unica.edu.pe\/noticias\/wp-json\/wp\/v2\/posts"}],"about":[{"href":"https:\/\/www.unica.edu.pe\/noticias\/wp-json\/wp\/v2\/types\/post"}],"author":[{"embeddable":true,"href":"https:\/\/www.unica.edu.pe\/noticias\/wp-json\/wp\/v2\/users\/4"}],"replies":[{"embeddable":true,"href":"https:\/\/www.unica.edu.pe\/noticias\/wp-json\/wp\/v2\/comments?post=40478"}],"version-history":[{"count":1,"href":"https:\/\/www.unica.edu.pe\/noticias\/wp-json\/wp\/v2\/posts\/40478\/revisions"}],"predecessor-version":[{"id":40480,"href":"https:\/\/www.unica.edu.pe\/noticias\/wp-json\/wp\/v2\/posts\/40478\/revisions\/40480"}],"wp:attachment":[{"href":"https:\/\/www.unica.edu.pe\/noticias\/wp-json\/wp\/v2\/media?parent=40478"}],"wp:term":[{"taxonomy":"category","embeddable":true,"href":"https:\/\/www.unica.edu.pe\/noticias\/wp-json\/wp\/v2\/categories?post=40478"},{"taxonomy":"post_tag","embeddable":true,"href":"https:\/\/www.unica.edu.pe\/noticias\/wp-json\/wp\/v2\/tags?post=40478"}],"curies":[{"name":"wp","href":"https:\/\/api.w.org\/{rel}","templated":true}]}}