{"id":40459,"date":"2025-10-10T19:02:00","date_gmt":"2025-10-11T00:02:00","guid":{"rendered":"https:\/\/www.unica.edu.pe\/noticias\/?p=40459"},"modified":"2025-10-13T14:06:31","modified_gmt":"2025-10-13T19:06:31","slug":"ceremonia-de-inauguracion-del-semestre-academico-de-la-facultad-de-ingenieria-ambiental-y-sanitaria","status":"publish","type":"post","link":"https:\/\/www.unica.edu.pe\/noticias\/2025\/10\/10\/ceremonia-de-inauguracion-del-semestre-academico-de-la-facultad-de-ingenieria-ambiental-y-sanitaria\/","title":{"rendered":"CEREMONIA DE INAUGURACI\u00d3N DEL SEMESTRE ACAD\u00c9MICO DE LA FACULTAD DE INGENIER\u00cdA AMBIENTAL Y SANITARIA"},"content":{"rendered":"\n<p><a href=\"https:\/\/www.facebook.com\/hashtag\/facultaddeingenier%C3%ADaambientalysanitaria?__cft__[0]=AZVcyfblGr83HamNksjQCSFWdAb7by8q2GcoH0n0JrTzMYr88ZYMd73t0s149a5k_STFLkgT3wtaNhU_AIbyVopRvrxAFzBE53psJmIWj6u28qFM3b_dBWlE3wObeT7IeM3lg7Lpl_JENUjiTNB4kZqfPBm5PjE8E6NpRNm3w_Lltv5ezhQxtWA06n-D7DRkPRo&amp;__tn__=*NK-R\">#FacultaddeIngenier\u00edaAmbientalySanitaria<\/a> | <img loading=\"lazy\" decoding=\"async\" height=\"16\" width=\"16\" alt=\"\ud83c\udf93\" src=\"https:\/\/static.xx.fbcdn.net\/images\/emoji.php\/v9\/t25\/1\/16\/1f393.png\"> Ceremonia de Inauguraci\u00f3n del Semestre Acad\u00e9mico 2025-I en la Facultad de Ingenier\u00eda Ambiental y Sanitaria<\/p>\n\n\n\n<p>La <a><\/a>ma\u00f1ana de hoy se realiz\u00f3 la ceremonia de inauguraci\u00f3n del Semestre Acad\u00e9mico 2025-I en la Facultad de Ingenier\u00eda Ambiental y Sanitaria de la Universidad Nacional San Luis Gonzaga.<\/p>\n\n\n\n<p>El acto fue presidido por la Dra. Antonina Juana Garc\u00eda Espinoza, decana de la facultad, quien brind\u00f3 las palabras inaugurales y dio la bienvenida oficial a los estudiantes y docentes al nuevo periodo acad\u00e9mico, reafirmando el compromiso institucional con la formaci\u00f3n profesional de excelencia y la responsabilidad ambiental.<\/p>\n\n\n\n<p>Durante la ceremonia, que cont\u00f3 con la presencia de docentes, personal administrativo y estudiantes, se reconoci\u00f3 el esfuerzo acad\u00e9mico de los alumnos m\u00e1s destacados con la entrega de certificados de m\u00e9rito a quienes ocuparon los primeros lugares en sus respectivas escuelas profesionales.<\/p>\n\n\n\n<p><img loading=\"lazy\" decoding=\"async\" height=\"16\" width=\"16\" alt=\"\ud83d\udc4f\" src=\"https:\/\/static.xx.fbcdn.net\/images\/emoji.php\/v9\/tfe\/1\/16\/1f44f.png\"> \u00a1Felicidades a todos los estudiantes y docentes por el inicio de un nuevo ciclo lleno de retos, aprendizajes y logros acad\u00e9micos!<\/p>\n\n\n\n<p><a href=\"https:\/\/www.facebook.com\/hashtag\/unslg?__cft__[0]=AZVcyfblGr83HamNksjQCSFWdAb7by8q2GcoH0n0JrTzMYr88ZYMd73t0s149a5k_STFLkgT3wtaNhU_AIbyVopRvrxAFzBE53psJmIWj6u28qFM3b_dBWlE3wObeT7IeM3lg7Lpl_JENUjiTNB4kZqfPBm5PjE8E6NpRNm3w_Lltv5ezhQxtWA06n-D7DRkPRo&amp;__tn__=*NK-R\">#UNSLG<\/a><\/p>\n\n\n\n<p><a href=\"https:\/\/www.facebook.com\/hashtag\/universidadnacionalsanluisgonzaga?__cft__[0]=AZVcyfblGr83HamNksjQCSFWdAb7by8q2GcoH0n0JrTzMYr88ZYMd73t0s149a5k_STFLkgT3wtaNhU_AIbyVopRvrxAFzBE53psJmIWj6u28qFM3b_dBWlE3wObeT7IeM3lg7Lpl_JENUjiTNB4kZqfPBm5PjE8E6NpRNm3w_Lltv5ezhQxtWA06n-D7DRkPRo&amp;__tn__=*NK-R\">#UniversidadNacionalSanLuisGonzaga<\/a><\/p>\n\n\n\n<p><a href=\"https:\/\/www.facebook.com\/hashtag\/gesti%C3%B3nambiental?__cft__[0]=AZVcyfblGr83HamNksjQCSFWdAb7by8q2GcoH0n0JrTzMYr88ZYMd73t0s149a5k_STFLkgT3wtaNhU_AIbyVopRvrxAFzBE53psJmIWj6u28qFM3b_dBWlE3wObeT7IeM3lg7Lpl_JENUjiTNB4kZqfPBm5PjE8E6NpRNm3w_Lltv5ezhQxtWA06n-D7DRkPRo&amp;__tn__=*NK-R\">#Gesti\u00f3nAmbiental<\/a><\/p>\n\n\n\n<p><a href=\"https:\/\/www.facebook.com\/hashtag\/ingenier%C3%ADaambiental?__cft__[0]=AZVcyfblGr83HamNksjQCSFWdAb7by8q2GcoH0n0JrTzMYr88ZYMd73t0s149a5k_STFLkgT3wtaNhU_AIbyVopRvrxAFzBE53psJmIWj6u28qFM3b_dBWlE3wObeT7IeM3lg7Lpl_JENUjiTNB4kZqfPBm5PjE8E6NpRNm3w_Lltv5ezhQxtWA06n-D7DRkPRo&amp;__tn__=*NK-R\">#Ingenier\u00edaAmbiental<\/a><\/p>\n\n\n\n<p><a href=\"https:\/\/www.facebook.com\/hashtag\/ingenier%C3%ADasanitaria?__cft__[0]=AZVcyfblGr83HamNksjQCSFWdAb7by8q2GcoH0n0JrTzMYr88ZYMd73t0s149a5k_STFLkgT3wtaNhU_AIbyVopRvrxAFzBE53psJmIWj6u28qFM3b_dBWlE3wObeT7IeM3lg7Lpl_JENUjiTNB4kZqfPBm5PjE8E6NpRNm3w_Lltv5ezhQxtWA06n-D7DRkPRo&amp;__tn__=*NK-R\">#Ingenier\u00edaSanitaria<\/a><\/p>\n\n\n\n<p><a href=\"https:\/\/www.facebook.com\/hashtag\/iniciodeclases?__cft__[0]=AZVcyfblGr83HamNksjQCSFWdAb7by8q2GcoH0n0JrTzMYr88ZYMd73t0s149a5k_STFLkgT3wtaNhU_AIbyVopRvrxAFzBE53psJmIWj6u28qFM3b_dBWlE3wObeT7IeM3lg7Lpl_JENUjiTNB4kZqfPBm5PjE8E6NpRNm3w_Lltv5ezhQxtWA06n-D7DRkPRo&amp;__tn__=*NK-R\">#InicioDeClases<\/a><\/p>\n\n\n\n<p><a href=\"https:\/\/www.facebook.com\/hashtag\/semestre2025_i?__cft__[0]=AZVcyfblGr83HamNksjQCSFWdAb7by8q2GcoH0n0JrTzMYr88ZYMd73t0s149a5k_STFLkgT3wtaNhU_AIbyVopRvrxAFzBE53psJmIWj6u28qFM3b_dBWlE3wObeT7IeM3lg7Lpl_JENUjiTNB4kZqfPBm5PjE8E6NpRNm3w_Lltv5ezhQxtWA06n-D7DRkPRo&amp;__tn__=*NK-R\">#Semestre2025_I<\/a><\/p>\n\n\n\n<p><a href=\"https:\/\/www.facebook.com\/hashtag\/somossanlucho?__cft__[0]=AZVcyfblGr83HamNksjQCSFWdAb7by8q2GcoH0n0JrTzMYr88ZYMd73t0s149a5k_STFLkgT3wtaNhU_AIbyVopRvrxAFzBE53psJmIWj6u28qFM3b_dBWlE3wObeT7IeM3lg7Lpl_JENUjiTNB4kZqfPBm5PjE8E6NpRNm3w_Lltv5ezhQxtWA06n-D7DRkPRo&amp;__tn__=*NK-R\">#SomosSanLucho<\/a><\/p>\n\n\n\n<p><a href=\"https:\/\/www.facebook.com\/share\/p\/1Fb1xGD63Q\">https:\/\/www.facebook.com\/share\/p\/1Fb1xGD63Q<\/a><\/p>\n\n\n\n<figure class=\"wp-block-image size-full\"><img loading=\"lazy\" decoding=\"async\" width=\"692\" height=\"691\" src=\"https:\/\/www.unica.edu.pe\/noticias\/wp-content\/uploads\/2025\/10\/image-114.png\" alt=\"\" class=\"wp-image-40460\" srcset=\"https:\/\/www.unica.edu.pe\/noticias\/wp-content\/uploads\/2025\/10\/image-114.png 692w, https:\/\/www.unica.edu.pe\/noticias\/wp-content\/uploads\/2025\/10\/image-114-300x300.png 300w, https:\/\/www.unica.edu.pe\/noticias\/wp-content\/uploads\/2025\/10\/image-114-150x150.png 150w, https:\/\/www.unica.edu.pe\/noticias\/wp-content\/uploads\/2025\/10\/image-114-100x100.png 100w\" sizes=\"auto, (max-width: 692px) 100vw, 692px\" \/><\/figure>\n","protected":false},"excerpt":{"rendered":"<p>#FacultaddeIngenier\u00edaAmbientalySanitaria | Ceremonia de Inauguraci\u00f3n del Semestre Acad\u00e9mico 2025-I en la Facultad de Ingenier\u00eda Ambiental y Sanitaria La ma\u00f1ana de hoy se realiz\u00f3 la ceremonia de inauguraci\u00f3n del Semestre Acad\u00e9mico 2025-I en la Facultad de Ingenier\u00eda Ambiental y Sanitaria de la Universidad Nacional San Luis Gonzaga. El acto fue presidido por la Dra. Antonina Juana &hellip; <\/p>\n<p class=\"link-more\"><a href=\"https:\/\/www.unica.edu.pe\/noticias\/2025\/10\/10\/ceremonia-de-inauguracion-del-semestre-academico-de-la-facultad-de-ingenieria-ambiental-y-sanitaria\/\" class=\"more-link\">Continuar leyendo<span class=\"screen-reader-text\"> \u00abCEREMONIA DE INAUGURACI\u00d3N DEL SEMESTRE ACAD\u00c9MICO DE LA FACULTAD DE INGENIER\u00cdA AMBIENTAL Y SANITARIA\u00bb<\/span><\/a><\/p>\n","protected":false},"author":4,"featured_media":0,"comment_status":"closed","ping_status":"open","sticky":false,"template":"","format":"standard","meta":{"footnotes":""},"categories":[7],"tags":[],"class_list":["post-40459","post","type-post","status-publish","format-standard","hentry","category-noticias"],"_links":{"self":[{"href":"https:\/\/www.unica.edu.pe\/noticias\/wp-json\/wp\/v2\/posts\/40459","targetHints":{"allow":["GET"]}}],"collection":[{"href":"https:\/\/www.unica.edu.pe\/noticias\/wp-json\/wp\/v2\/posts"}],"about":[{"href":"https:\/\/www.unica.edu.pe\/noticias\/wp-json\/wp\/v2\/types\/post"}],"author":[{"embeddable":true,"href":"https:\/\/www.unica.edu.pe\/noticias\/wp-json\/wp\/v2\/users\/4"}],"replies":[{"embeddable":true,"href":"https:\/\/www.unica.edu.pe\/noticias\/wp-json\/wp\/v2\/comments?post=40459"}],"version-history":[{"count":2,"href":"https:\/\/www.unica.edu.pe\/noticias\/wp-json\/wp\/v2\/posts\/40459\/revisions"}],"predecessor-version":[{"id":40462,"href":"https:\/\/www.unica.edu.pe\/noticias\/wp-json\/wp\/v2\/posts\/40459\/revisions\/40462"}],"wp:attachment":[{"href":"https:\/\/www.unica.edu.pe\/noticias\/wp-json\/wp\/v2\/media?parent=40459"}],"wp:term":[{"taxonomy":"category","embeddable":true,"href":"https:\/\/www.unica.edu.pe\/noticias\/wp-json\/wp\/v2\/categories?post=40459"},{"taxonomy":"post_tag","embeddable":true,"href":"https:\/\/www.unica.edu.pe\/noticias\/wp-json\/wp\/v2\/tags?post=40459"}],"curies":[{"name":"wp","href":"https:\/\/api.w.org\/{rel}","templated":true}]}}