{"id":39994,"date":"2025-09-23T15:49:00","date_gmt":"2025-09-23T20:49:00","guid":{"rendered":"https:\/\/www.unica.edu.pe\/noticias\/?p=39994"},"modified":"2025-09-24T10:00:54","modified_gmt":"2025-09-24T15:00:54","slug":"imagenes-de-la-conferencia-magistral-de-facultad-de-ciencias-y-ceremonia-por-sus-40-aniversario","status":"publish","type":"post","link":"https:\/\/www.unica.edu.pe\/noticias\/2025\/09\/23\/imagenes-de-la-conferencia-magistral-de-facultad-de-ciencias-y-ceremonia-por-sus-40-aniversario\/","title":{"rendered":"IM\u00c1GENES DE LA CONFERENCIA MAGISTRAL DE FACULTAD DE CIENCIAS Y CEREMONIA POR SUS 40 ANIVERSARIO"},"content":{"rendered":"\n<p>En el marco de la celebraci\u00f3n por los 40 a\u00f1os de nuestra Facultad de Ciencias, se llev\u00f3 a cabo con gran \u00e9xito el segundo d\u00eda de Conferencias Magistrales, con la <a><\/a>participaci\u00f3n de distinguidos ponentes:<\/p>\n\n\n\n<p><img loading=\"lazy\" decoding=\"async\" height=\"16\" width=\"16\" alt=\"\ud83d\udd39\" src=\"https:\/\/static.xx.fbcdn.net\/images\/emoji.php\/v9\/tf3\/1\/16\/1f539.png\"> Dr. Percy Fern\u00e1ndez S\u00e1nchez<\/p>\n\n\n\n<p>Tema: Foliaciones Algebraicas<\/p>\n\n\n\n<p><img loading=\"lazy\" decoding=\"async\" height=\"16\" width=\"16\" alt=\"\ud83d\udd39\" src=\"https:\/\/static.xx.fbcdn.net\/images\/emoji.php\/v9\/tf3\/1\/16\/1f539.png\"> Dr. Juan Montenegro Scott<\/p>\n\n\n\n<p>Tema: Regularizaci\u00f3n parab\u00f3lica para las ecuaciones dispersivas no lineales<\/p>\n\n\n\n<p>El evento cont\u00f3 con la presencia del decano de la Facultad, Dr. Miguel Federico Tasayco Montoya, directivos y miembros de la Comisi\u00f3n de Aniversario, culminando con la ceremonia central por el aniversario.<\/p>\n\n\n\n<p><img loading=\"lazy\" decoding=\"async\" height=\"16\" width=\"16\" alt=\"\ud83c\udf89\" src=\"https:\/\/static.xx.fbcdn.net\/images\/emoji.php\/v9\/t8c\/1\/16\/1f389.png\"> La UNSLG felicita a la Facultad de Ciencias por sus cuatro d\u00e9cadas de contribuci\u00f3n acad\u00e9mica, cient\u00edfica y formativa al servicio de nuestra sociedad.<\/p>\n\n\n\n<p><a href=\"https:\/\/www.facebook.com\/hashtag\/xlaniversario?__eep__=6&amp;__cft__[0]=AZVodJyS4b4AWvS-nL15sq924yXfd8neuY0zswW1_Oa7pxRXyKq-7zKqGkpeqoaXknmrZuxTFtdWa1TNuPAxs2QhOIYlDuLMaWWXdi_AVW2uZzhseZrSZERXUVUhwejy47_STS7wIpAbEfRhs1Np850_elJLwGdNJa6WIEkvr8-LBMssIf1GohZaCr-VYowRGrs&amp;__tn__=*NK-R\">#XLAniversario<\/a><\/p>\n\n\n\n<p><a href=\"https:\/\/www.facebook.com\/hashtag\/facultaddeciencias?__eep__=6&amp;__cft__[0]=AZVodJyS4b4AWvS-nL15sq924yXfd8neuY0zswW1_Oa7pxRXyKq-7zKqGkpeqoaXknmrZuxTFtdWa1TNuPAxs2QhOIYlDuLMaWWXdi_AVW2uZzhseZrSZERXUVUhwejy47_STS7wIpAbEfRhs1Np850_elJLwGdNJa6WIEkvr8-LBMssIf1GohZaCr-VYowRGrs&amp;__tn__=*NK-R\">#FacultadDeCiencias<\/a><\/p>\n\n\n\n<p><a href=\"https:\/\/www.facebook.com\/hashtag\/unslg?__eep__=6&amp;__cft__[0]=AZVodJyS4b4AWvS-nL15sq924yXfd8neuY0zswW1_Oa7pxRXyKq-7zKqGkpeqoaXknmrZuxTFtdWa1TNuPAxs2QhOIYlDuLMaWWXdi_AVW2uZzhseZrSZERXUVUhwejy47_STS7wIpAbEfRhs1Np850_elJLwGdNJa6WIEkvr8-LBMssIf1GohZaCr-VYowRGrs&amp;__tn__=*NK-R\">#UNSLG<\/a><\/p>\n\n\n\n<figure class=\"wp-block-embed\"><div class=\"wp-block-embed__wrapper\">\nhttps:\/\/www.facebook.com\/share\/p\/174zNRTcvj\n<\/div><\/figure>\n\n\n\n<figure class=\"wp-block-image size-full\"><img loading=\"lazy\" decoding=\"async\" width=\"691\" height=\"690\" src=\"https:\/\/www.unica.edu.pe\/noticias\/wp-content\/uploads\/2025\/09\/image-249.png\" alt=\"\" class=\"wp-image-39995\" srcset=\"https:\/\/www.unica.edu.pe\/noticias\/wp-content\/uploads\/2025\/09\/image-249.png 691w, https:\/\/www.unica.edu.pe\/noticias\/wp-content\/uploads\/2025\/09\/image-249-300x300.png 300w, https:\/\/www.unica.edu.pe\/noticias\/wp-content\/uploads\/2025\/09\/image-249-150x150.png 150w, https:\/\/www.unica.edu.pe\/noticias\/wp-content\/uploads\/2025\/09\/image-249-100x100.png 100w\" sizes=\"auto, (max-width: 691px) 100vw, 691px\" \/><\/figure>\n\n\n\n<p><\/p>\n","protected":false},"excerpt":{"rendered":"<p>En el marco de la celebraci\u00f3n por los 40 a\u00f1os de nuestra Facultad de Ciencias, se llev\u00f3 a cabo con gran \u00e9xito el segundo d\u00eda de Conferencias Magistrales, con la participaci\u00f3n de distinguidos ponentes: Dr. Percy Fern\u00e1ndez S\u00e1nchez Tema: Foliaciones Algebraicas Dr. Juan Montenegro Scott Tema: Regularizaci\u00f3n parab\u00f3lica para las ecuaciones dispersivas no lineales El &hellip; <\/p>\n<p class=\"link-more\"><a href=\"https:\/\/www.unica.edu.pe\/noticias\/2025\/09\/23\/imagenes-de-la-conferencia-magistral-de-facultad-de-ciencias-y-ceremonia-por-sus-40-aniversario\/\" class=\"more-link\">Continuar leyendo<span class=\"screen-reader-text\"> \u00abIM\u00c1GENES DE LA CONFERENCIA MAGISTRAL DE FACULTAD DE CIENCIAS Y CEREMONIA POR SUS 40 ANIVERSARIO\u00bb<\/span><\/a><\/p>\n","protected":false},"author":4,"featured_media":0,"comment_status":"closed","ping_status":"open","sticky":false,"template":"","format":"standard","meta":{"footnotes":""},"categories":[7],"tags":[],"class_list":["post-39994","post","type-post","status-publish","format-standard","hentry","category-noticias"],"_links":{"self":[{"href":"https:\/\/www.unica.edu.pe\/noticias\/wp-json\/wp\/v2\/posts\/39994","targetHints":{"allow":["GET"]}}],"collection":[{"href":"https:\/\/www.unica.edu.pe\/noticias\/wp-json\/wp\/v2\/posts"}],"about":[{"href":"https:\/\/www.unica.edu.pe\/noticias\/wp-json\/wp\/v2\/types\/post"}],"author":[{"embeddable":true,"href":"https:\/\/www.unica.edu.pe\/noticias\/wp-json\/wp\/v2\/users\/4"}],"replies":[{"embeddable":true,"href":"https:\/\/www.unica.edu.pe\/noticias\/wp-json\/wp\/v2\/comments?post=39994"}],"version-history":[{"count":2,"href":"https:\/\/www.unica.edu.pe\/noticias\/wp-json\/wp\/v2\/posts\/39994\/revisions"}],"predecessor-version":[{"id":39997,"href":"https:\/\/www.unica.edu.pe\/noticias\/wp-json\/wp\/v2\/posts\/39994\/revisions\/39997"}],"wp:attachment":[{"href":"https:\/\/www.unica.edu.pe\/noticias\/wp-json\/wp\/v2\/media?parent=39994"}],"wp:term":[{"taxonomy":"category","embeddable":true,"href":"https:\/\/www.unica.edu.pe\/noticias\/wp-json\/wp\/v2\/categories?post=39994"},{"taxonomy":"post_tag","embeddable":true,"href":"https:\/\/www.unica.edu.pe\/noticias\/wp-json\/wp\/v2\/tags?post=39994"}],"curies":[{"name":"wp","href":"https:\/\/api.w.org\/{rel}","templated":true}]}}