{"id":39979,"date":"2025-09-23T14:33:00","date_gmt":"2025-09-23T19:33:00","guid":{"rendered":"https:\/\/www.unica.edu.pe\/noticias\/?p=39979"},"modified":"2025-09-24T09:50:54","modified_gmt":"2025-09-24T14:50:54","slug":"breve-resena-historica-de-la-facultad-de-ciencias-de-la-educacion-y-humanidades","status":"publish","type":"post","link":"https:\/\/www.unica.edu.pe\/noticias\/2025\/09\/23\/breve-resena-historica-de-la-facultad-de-ciencias-de-la-educacion-y-humanidades\/","title":{"rendered":"BREVE RESE\u00d1A HISTORICA DE LA FACULTAD DE CIENCIAS DE LA EDUCACI\u00d3N Y HUMANIDADES"},"content":{"rendered":"\n<p>Breve rese\u00f1a hist\u00f3rica de la Facultad de Ciencias de la Educaci\u00f3n y Humanidades<\/p>\n\n\n\n<p><a><\/a>Hoy, 23 de septiembre, la Facultad de Ciencias de la Educaci\u00f3n y Humanidades de la Universidad Nacional San Luis Gonzaga conmemora su 64\u00b0 Aniversario. Un hito que nos invita a recordar el valioso camino recorrido y a celebrar el presente de una de nuestras facultades m\u00e1s emblem\u00e1ticas.<\/p>\n\n\n\n<p>Nacida en 1961 como la Facultad de Letras, su creaci\u00f3n fue un triunfo del pueblo de Ica, que luch\u00f3 incansablemente por tener una instituci\u00f3n de educaci\u00f3n superior. Desde sus inicios, la facultad ha sido un faro de conocimiento, ciencia y cultura, cimentando su esencia en el lema hist\u00f3rico: \u201cICA HATUN YACHAY HUASI, LLAQTA MANTA LLAQTA PAO\u201d &#8211; \u00abICA, CASA GRANDE DEL SABER, DEL PUEBLO, PARA EL PUEBLO\u00bb.<\/p>\n\n\n\n<p>A lo largo de m\u00e1s de seis d\u00e9cadas, nuestra facultad se ha consolidado como un pilar fundamental para el desarrollo regional y nacional, formando a decenas de miles de docentes y profesionales comprometidos con la excelencia acad\u00e9mica y los valores human\u00edsticos. La historia de la Facultad de Ciencias de la Educaci\u00f3n y Humanidades es un claro ejemplo de resiliencia y evoluci\u00f3n. Desde su origen como Facultad de Letras en 1961, ha sabido adaptarse a los tiempos, expandiendo su oferta acad\u00e9mica para incluir especialidades vitales como Educaci\u00f3n F\u00edsica, Educaci\u00f3n Inicial, Educaci\u00f3n Primaria y Educaci\u00f3n Art\u00edstica.<\/p>\n\n\n\n<p>64 a\u00f1os de su fundaci\u00f3n, la facultad se erige como una unidad acad\u00e9mica l\u00edder en la formaci\u00f3n profesional. Con un claustro de 79 docentes y la mayor poblaci\u00f3n estudiantil de nuestra universidad que siempre ha sido la m\u00e1s numerosa, es el motor que impulsa la educaci\u00f3n y el desarrollo social en la regi\u00f3n.<\/p>\n\n\n\n<p>La facultad ha demostrado su relevancia en la formaci\u00f3n de l\u00edderes educativos. En este camino, 22 decanos han guiado su desarrollo, dejando un legado invaluable.<\/p>\n\n\n\n<p>El Primer Decano de la Facultad de Letras, fue el Dr. V\u00edctor Villagarc\u00eda Mart\u00ednez, elegido el 08 de junio de 1961 por la Junta de Catedr\u00e1ticos.<\/p>\n\n\n\n<p>Hoy, bajo el liderazgo del Dr. Alexander Salvador Valencia Medina, la facultad contin\u00faa su compromiso inquebrantable con la excelencia y la formaci\u00f3n de profesionales que, con una s\u00f3lida base human\u00edstica, contribuyen al progreso de nuestra regi\u00f3n y del pa\u00eds.<\/p>\n\n\n\n<p>Actualmente, mantiene su misi\u00f3n de formar l\u00edderes en la educaci\u00f3n, con una amplia oferta de menciones que se adaptan a las necesidades actuales.<\/p>\n\n\n\n<p>\u00a1Saludamos con orgullo a cada docente, estudiante, egresado y autoridad que ha sido parte de esta gran historia! \u00a1\u00danete a las felicitaciones por estos 64 a\u00f1os de incansable labor en la educaci\u00f3n peruana!<\/p>\n\n\n\n<p>Plana Directiva de la Facultad de Ciencias de la Educaci\u00f3n y Humanidades<\/p>\n\n\n\n<p>Dr. Alex\u00e1nder Salvador Valencia Medina Decano.<\/p>\n\n\n\n<p>Dr. Jos\u00e9 Mar\u00edn Lara, director del Departamento Acad\u00e9mico de Ciencias Sociales.<\/p>\n\n\n\n<p>Dr. Jes\u00fas Manuel Chacaltana Ramos, director del Departamento Acad\u00e9mico de Humanidades.<\/p>\n\n\n\n<p>Dra. Rossana Alicia Castillo Mart\u00ednez, director del Programa Acad\u00e9mico de Lengua y Literatura.<\/p>\n\n\n\n<p>Dra. Maritza El\u00edzabeth Arones Mayur\u00ed, director del Programa Acad\u00e9mico de Matem\u00e1ticas e Inform\u00e1tica.<\/p>\n\n\n\n<p>Dra. Nina Gloria Jim\u00e9nez Rodr\u00edguez, director del Programa Acad\u00e9mico de Historia y Geograf\u00eda.<\/p>\n\n\n\n<p>Dr. Juan Robustiano Huaman\u00ed C\u00f3rdova director del Programa Acad\u00e9mico de Filosof\u00eda, Psicolog\u00eda y <a href=\"https:\/\/l.facebook.com\/l.php?u=http%3A%2F%2FCC.SS%2F%3Ffbclid%3DIwZXh0bgNhZW0CMTAAYnJpZBExWVI2UUJzOVloMDZYSVlaawEe5f92ixaZCb2hwSM2LVx8HOpF5FAZAXeNVhFuI7YCbMu_yOOvgE5gM3QdWrY_aem_nekciTjhXTbSQTZtYZuUPQ&amp;h=AT1nD6Kbk3HvbxcFEVsbawXV5xi5501xWLIcLDKJVJZ1Cucf3WRKqkcHhybqNENy6QOkUxCqd55fERZIdaXG7zR_JTWuDWwjKJNtpGZD097xui0raFhALQvmF9r_zmte56VbXlBbsMBA1g&amp;__tn__=-UK-R&amp;c[0]=AT2_i0fa3Yhsszzbp_9232pKj_5TpOsMNL8ZDfE7yGGzvX5USI-5ennxbXUUmi6SXIANOE9PMHbeurf5KXgCSQqIAWcTH8J73T_GNXbUmIardNRGfULlIcNhGMYEvgFnvPQxMRsEQa3kjGZLtk4LVwNy1zHGzGg8JFbrw4HSPasuFew6IHMzO-jKvfiaFEXaoFi5bJXT2v9BX_ajv4uAWoLN\" rel=\"noreferrer noopener\" target=\"_blank\">CC.SS.<\/a><\/p>\n\n\n\n<p>Dr. Juan Laureano Parra Sabastiz\u00e1gal, director del Programa Acad\u00e9mico de Ciencias Biol\u00f3gicas y Qu\u00edmica.<\/p>\n\n\n\n<p>Dr. F\u00e9lix Oscar Meza Castillo, director del Programa Acad\u00e9mico de Educaci\u00f3n F\u00edsica.<\/p>\n\n\n\n<p>Dr. Ra\u00fal \u00c1ngel Barrios Mendoza, director del Programa Acad\u00e9mico de Educaci\u00f3n Art\u00edstica.<\/p>\n\n\n\n<p>Dra. Maximiliana Gladys Cortez C\u00f3rdova, director del Programa Acad\u00e9mico de Educaci\u00f3n Primaria<\/p>\n\n\n\n<p>Dr. Am\u00e9rico Jim\u00e9nez Rodr\u00edguez, director del Programa Acad\u00e9mico de Educaci\u00f3n Inicial<\/p>\n\n\n\n<p><a href=\"https:\/\/www.facebook.com\/share\/p\/1CdYg8toJn\">https:\/\/www.facebook.com\/share\/p\/1CdYg8toJn<\/a><\/p>\n\n\n\n<figure class=\"wp-block-image size-full\"><img loading=\"lazy\" decoding=\"async\" width=\"683\" height=\"690\" src=\"https:\/\/www.unica.edu.pe\/noticias\/wp-content\/uploads\/2025\/09\/image-244.png\" alt=\"\" class=\"wp-image-39980\" srcset=\"https:\/\/www.unica.edu.pe\/noticias\/wp-content\/uploads\/2025\/09\/image-244.png 683w, https:\/\/www.unica.edu.pe\/noticias\/wp-content\/uploads\/2025\/09\/image-244-297x300.png 297w, https:\/\/www.unica.edu.pe\/noticias\/wp-content\/uploads\/2025\/09\/image-244-100x100.png 100w\" sizes=\"auto, (max-width: 683px) 100vw, 683px\" \/><\/figure>\n","protected":false},"excerpt":{"rendered":"<p>Breve rese\u00f1a hist\u00f3rica de la Facultad de Ciencias de la Educaci\u00f3n y Humanidades Hoy, 23 de septiembre, la Facultad de Ciencias de la Educaci\u00f3n y Humanidades de la Universidad Nacional San Luis Gonzaga conmemora su 64\u00b0 Aniversario. Un hito que nos invita a recordar el valioso camino recorrido y a celebrar el presente de una &hellip; <\/p>\n<p class=\"link-more\"><a href=\"https:\/\/www.unica.edu.pe\/noticias\/2025\/09\/23\/breve-resena-historica-de-la-facultad-de-ciencias-de-la-educacion-y-humanidades\/\" class=\"more-link\">Continuar leyendo<span class=\"screen-reader-text\"> \u00abBREVE RESE\u00d1A HISTORICA DE LA FACULTAD DE CIENCIAS DE LA EDUCACI\u00d3N Y HUMANIDADES\u00bb<\/span><\/a><\/p>\n","protected":false},"author":4,"featured_media":0,"comment_status":"closed","ping_status":"open","sticky":false,"template":"","format":"standard","meta":{"footnotes":""},"categories":[7],"tags":[],"class_list":["post-39979","post","type-post","status-publish","format-standard","hentry","category-noticias"],"_links":{"self":[{"href":"https:\/\/www.unica.edu.pe\/noticias\/wp-json\/wp\/v2\/posts\/39979","targetHints":{"allow":["GET"]}}],"collection":[{"href":"https:\/\/www.unica.edu.pe\/noticias\/wp-json\/wp\/v2\/posts"}],"about":[{"href":"https:\/\/www.unica.edu.pe\/noticias\/wp-json\/wp\/v2\/types\/post"}],"author":[{"embeddable":true,"href":"https:\/\/www.unica.edu.pe\/noticias\/wp-json\/wp\/v2\/users\/4"}],"replies":[{"embeddable":true,"href":"https:\/\/www.unica.edu.pe\/noticias\/wp-json\/wp\/v2\/comments?post=39979"}],"version-history":[{"count":1,"href":"https:\/\/www.unica.edu.pe\/noticias\/wp-json\/wp\/v2\/posts\/39979\/revisions"}],"predecessor-version":[{"id":39981,"href":"https:\/\/www.unica.edu.pe\/noticias\/wp-json\/wp\/v2\/posts\/39979\/revisions\/39981"}],"wp:attachment":[{"href":"https:\/\/www.unica.edu.pe\/noticias\/wp-json\/wp\/v2\/media?parent=39979"}],"wp:term":[{"taxonomy":"category","embeddable":true,"href":"https:\/\/www.unica.edu.pe\/noticias\/wp-json\/wp\/v2\/categories?post=39979"},{"taxonomy":"post_tag","embeddable":true,"href":"https:\/\/www.unica.edu.pe\/noticias\/wp-json\/wp\/v2\/tags?post=39979"}],"curies":[{"name":"wp","href":"https:\/\/api.w.org\/{rel}","templated":true}]}}