{"id":39895,"date":"2025-09-21T18:06:00","date_gmt":"2025-09-21T23:06:00","guid":{"rendered":"https:\/\/www.unica.edu.pe\/noticias\/?p=39895"},"modified":"2025-09-24T08:38:40","modified_gmt":"2025-09-24T13:38:40","slug":"actualizacion-monitoreo-de-vientos-en-ica-21-de-septiembre-1545","status":"publish","type":"post","link":"https:\/\/www.unica.edu.pe\/noticias\/2025\/09\/21\/actualizacion-monitoreo-de-vientos-en-ica-21-de-septiembre-1545\/","title":{"rendered":"ACTUALIZACI\u00d3N \u2013 MONITOREO DE VIENTOS EN ICA (21 DE SEPTIEMBRE, 15:45)"},"content":{"rendered":"\n<p><img loading=\"lazy\" decoding=\"async\" height=\"16\" width=\"16\" alt=\"\ud83d\udfe1\" src=\"https:\/\/static.xx.fbcdn.net\/images\/emoji.php\/v9\/t7b\/1\/16\/1f7e1.png\"> ACTUALIZACI\u00d3N \u2013 MONITOREO DE VIENTOS EN ICA (21 DE SEPTIEMBRE, 15:45)<\/p>\n\n\n\n<p><img loading=\"lazy\" decoding=\"async\" height=\"16\" width=\"16\" alt=\"\ud83d\udce1\" src=\"https:\/\/static.xx.fbcdn.net\/images\/emoji.php\/v9\/tb8\/1\/16\/1f4e1.png\"> E<a><\/a>l equipo de f\u00edsicos del CIEASEST de la Facultad de Ciencias informa que, al momento, las condiciones atmosf\u00e9ricas en Ica presentan variaciones relevantes. La calidad del aire se mantiene en nivel moderado, mientras que el campo el\u00e9ctrico registra valores bajos, consistentes con la presencia de polvo ambiental asociado a vientos del sur. No se reporta, por ahora, formaci\u00f3n de tormenta de polvo tipo paracas.<\/p>\n\n\n\n<p><img loading=\"lazy\" decoding=\"async\" height=\"16\" width=\"16\" alt=\"\ud83d\udcca\" src=\"https:\/\/static.xx.fbcdn.net\/images\/emoji.php\/v9\/taa\/1\/16\/1f4ca.png\"> Indicadores actuales:<\/p>\n\n\n\n<p><img loading=\"lazy\" decoding=\"async\" height=\"16\" width=\"16\" alt=\"\ud83c\udf2b\ufe0f\" src=\"https:\/\/static.xx.fbcdn.net\/images\/emoji.php\/v9\/t7b\/1\/16\/1f32b.png\"> Calidad del aire (PM\u2082.\u2085 \u2013 AQI)<\/p>\n\n\n\n<p>\u2022 Ica: 76 \u2013 <img loading=\"lazy\" decoding=\"async\" height=\"16\" width=\"16\" alt=\"\ud83d\udfe1\" src=\"https:\/\/static.xx.fbcdn.net\/images\/emoji.php\/v9\/t7b\/1\/16\/1f7e1.png\"> Moderado<\/p>\n\n\n\n<p><img loading=\"lazy\" decoding=\"async\" height=\"16\" width=\"16\" alt=\"\u26a1\" src=\"https:\/\/static.xx.fbcdn.net\/images\/emoji.php\/v9\/t5d\/1\/16\/26a1.png\"> Campo el\u00e9ctrico (PG)<\/p>\n\n\n\n<p>\u2022 \u201363 V\/m \u2013 <img loading=\"lazy\" decoding=\"async\" height=\"16\" width=\"16\" alt=\"\ud83d\udd34\" src=\"https:\/\/static.xx.fbcdn.net\/images\/emoji.php\/v9\/t6e\/1\/16\/1f534.png\"> An\u00f3malo (bajo)<\/p>\n\n\n\n<p><img loading=\"lazy\" decoding=\"async\" height=\"16\" width=\"16\" alt=\"\ud83d\udc68\u200d\ud83d\udd2c\" src=\"https:\/\/static.xx.fbcdn.net\/images\/emoji.php\/v9\/tb\/1\/16\/1f468_200d_1f52c.png\"> Reporte de Condiciones Atmosf\u00e9ricas \u2013 Ica<\/p>\n\n\n\n<p>El monitoreo confirma que:<\/p>\n\n\n\n<p>\u2022 La calidad del aire se encuentra en nivel moderado, reflejando la presencia de material particulado fino en suspensi\u00f3n.<\/p>\n\n\n\n<p>\u2022 El campo el\u00e9ctrico muestra un valor bajo y negativo, explicado por la influencia de polvo ambiental transportado por vientos del sur.<\/p>\n\n\n\n<p>\u2022 No se registran evidencias de tormentas de polvo intensas (paracas), manteni\u00e9ndose las condiciones bajo control.<\/p>\n\n\n\n<p><img loading=\"lazy\" decoding=\"async\" height=\"16\" width=\"16\" alt=\"\u26a0\ufe0f\" src=\"https:\/\/static.xx.fbcdn.net\/images\/emoji.php\/v9\/tdc\/1\/16\/26a0.png\"> Este reporte corresponde \u00fanicamente a las condiciones actuales. Se recuerda que cambios s\u00fabitos en la intensidad del viento pueden modificar de manera r\u00e1pida la situaci\u00f3n atmosf\u00e9rica.<\/p>\n\n\n\n<p><img loading=\"lazy\" decoding=\"async\" height=\"16\" width=\"16\" alt=\"\ud83d\udd2c\" src=\"https:\/\/static.xx.fbcdn.net\/images\/emoji.php\/v9\/t7e\/1\/16\/1f52c.png\"> La Facultad de Ciencias mantiene el monitoreo permanente y comunicar\u00e1 de inmediato cualquier variaci\u00f3n significativa.<\/p>\n\n\n\n<figure class=\"wp-block-image size-full\"><img loading=\"lazy\" decoding=\"async\" width=\"660\" height=\"660\" src=\"https:\/\/www.unica.edu.pe\/noticias\/wp-content\/uploads\/2025\/09\/image-216.png\" alt=\"\" class=\"wp-image-39896\" srcset=\"https:\/\/www.unica.edu.pe\/noticias\/wp-content\/uploads\/2025\/09\/image-216.png 660w, https:\/\/www.unica.edu.pe\/noticias\/wp-content\/uploads\/2025\/09\/image-216-300x300.png 300w, https:\/\/www.unica.edu.pe\/noticias\/wp-content\/uploads\/2025\/09\/image-216-150x150.png 150w, https:\/\/www.unica.edu.pe\/noticias\/wp-content\/uploads\/2025\/09\/image-216-100x100.png 100w\" sizes=\"auto, (max-width: 660px) 100vw, 660px\" \/><\/figure>\n","protected":false},"excerpt":{"rendered":"<p>ACTUALIZACI\u00d3N \u2013 MONITOREO DE VIENTOS EN ICA (21 DE SEPTIEMBRE, 15:45) El equipo de f\u00edsicos del CIEASEST de la Facultad de Ciencias informa que, al momento, las condiciones atmosf\u00e9ricas en Ica presentan variaciones relevantes. La calidad del aire se mantiene en nivel moderado, mientras que el campo el\u00e9ctrico registra valores bajos, consistentes con la presencia &hellip; <\/p>\n<p class=\"link-more\"><a href=\"https:\/\/www.unica.edu.pe\/noticias\/2025\/09\/21\/actualizacion-monitoreo-de-vientos-en-ica-21-de-septiembre-1545\/\" class=\"more-link\">Continuar leyendo<span class=\"screen-reader-text\"> \u00abACTUALIZACI\u00d3N \u2013 MONITOREO DE VIENTOS EN ICA (21 DE SEPTIEMBRE, 15:45)\u00bb<\/span><\/a><\/p>\n","protected":false},"author":4,"featured_media":0,"comment_status":"closed","ping_status":"open","sticky":false,"template":"","format":"standard","meta":{"footnotes":""},"categories":[7],"tags":[],"class_list":["post-39895","post","type-post","status-publish","format-standard","hentry","category-noticias"],"_links":{"self":[{"href":"https:\/\/www.unica.edu.pe\/noticias\/wp-json\/wp\/v2\/posts\/39895","targetHints":{"allow":["GET"]}}],"collection":[{"href":"https:\/\/www.unica.edu.pe\/noticias\/wp-json\/wp\/v2\/posts"}],"about":[{"href":"https:\/\/www.unica.edu.pe\/noticias\/wp-json\/wp\/v2\/types\/post"}],"author":[{"embeddable":true,"href":"https:\/\/www.unica.edu.pe\/noticias\/wp-json\/wp\/v2\/users\/4"}],"replies":[{"embeddable":true,"href":"https:\/\/www.unica.edu.pe\/noticias\/wp-json\/wp\/v2\/comments?post=39895"}],"version-history":[{"count":1,"href":"https:\/\/www.unica.edu.pe\/noticias\/wp-json\/wp\/v2\/posts\/39895\/revisions"}],"predecessor-version":[{"id":39897,"href":"https:\/\/www.unica.edu.pe\/noticias\/wp-json\/wp\/v2\/posts\/39895\/revisions\/39897"}],"wp:attachment":[{"href":"https:\/\/www.unica.edu.pe\/noticias\/wp-json\/wp\/v2\/media?parent=39895"}],"wp:term":[{"taxonomy":"category","embeddable":true,"href":"https:\/\/www.unica.edu.pe\/noticias\/wp-json\/wp\/v2\/categories?post=39895"},{"taxonomy":"post_tag","embeddable":true,"href":"https:\/\/www.unica.edu.pe\/noticias\/wp-json\/wp\/v2\/tags?post=39895"}],"curies":[{"name":"wp","href":"https:\/\/api.w.org\/{rel}","templated":true}]}}