{"id":39891,"date":"2025-09-21T11:24:00","date_gmt":"2025-09-21T16:24:00","guid":{"rendered":"https:\/\/www.unica.edu.pe\/noticias\/?p=39891"},"modified":"2025-09-24T08:37:46","modified_gmt":"2025-09-24T13:37:46","slug":"imagenes-de-la-campana-oftalmologica-gratuita","status":"publish","type":"post","link":"https:\/\/www.unica.edu.pe\/noticias\/2025\/09\/21\/imagenes-de-la-campana-oftalmologica-gratuita\/","title":{"rendered":"IM\u00c1GENES DE  LA CAMPA\u00d1A OFTALMOL\u00d3GICA GRATUITA"},"content":{"rendered":"\n<p><a href=\"https:\/\/www.facebook.com\/hashtag\/rsu?__eep__=6&amp;__cft__[0]=AZW5T3z0KWugQTSLFSiCFISVP0MccrXCs3X-XLFqhg5Pf63ajBFaE3mOSjpryfAdAdyFr2LaFl5hf7YPexBKm4kuETrEqRyGLvIb_SWJdeNJNvmYjb5coXg5Lvyto-KBFYMrZY-_iwNXoN7Z3BeDV8oaZH5go7oAmKH-ItSf3n18HC1E4Nt1wIGpgcK5_8-IxIs&amp;__tn__=*NK-R\">#RSU<\/a> | Con gran \u00e9xito se desarroll\u00f3 el d\u00eda de ayer la Campa\u00f1a Oftalmol\u00f3gica Gratuita, organizada por la Direcci\u00f3n de Responsabilidad Social Universitaria, Proyecci\u00f3n <a><\/a>Social y Extensi\u00f3n Cultural de la Universidad Nacional San Luis Gonzaga.<\/p>\n\n\n\n<p>La actividad cont\u00f3 con el valioso apoyo de los miembros del Ej\u00e9rcito del Per\u00fa y del Centro Oftalmol\u00f3gico del Dr. Javier Ger\u00f3nimo, quienes brindaron atenci\u00f3n especializada a decenas de participantes.<\/p>\n\n\n\n<p>Durante la jornada, asisti\u00f3 el rector de la universidad, Dr. Dante Calder\u00f3n Huaman\u00ed, esta campa\u00f1a se realiz\u00f3 en el Local Central de la UNSLG, (Calle Bol\u00edvar N\u00b0 232), se ofrecieron servicios gratuitos de:<\/p>\n\n\n\n<p><img loading=\"lazy\" decoding=\"async\" height=\"16\" width=\"16\" alt=\"\u2705\" src=\"https:\/\/static.xx.fbcdn.net\/images\/emoji.php\/v9\/t33\/1\/16\/2705.png\"> Evaluaci\u00f3n de agudeza visual<\/p>\n\n\n\n<p><img loading=\"lazy\" decoding=\"async\" height=\"16\" width=\"16\" alt=\"\u2705\" src=\"https:\/\/static.xx.fbcdn.net\/images\/emoji.php\/v9\/t33\/1\/16\/2705.png\"> Medici\u00f3n de presi\u00f3n intraocular<\/p>\n\n\n\n<p><img loading=\"lazy\" decoding=\"async\" height=\"16\" width=\"16\" alt=\"\u2705\" src=\"https:\/\/static.xx.fbcdn.net\/images\/emoji.php\/v9\/t33\/1\/16\/2705.png\"> Consulta oftalmol\u00f3gica<\/p>\n\n\n\n<p><img loading=\"lazy\" decoding=\"async\" height=\"16\" width=\"16\" alt=\"\u2705\" src=\"https:\/\/static.xx.fbcdn.net\/images\/emoji.php\/v9\/t33\/1\/16\/2705.png\"> Entrega de medicamentos<\/p>\n\n\n\n<p><img loading=\"lazy\" decoding=\"async\" height=\"16\" width=\"16\" alt=\"\u2705\" src=\"https:\/\/static.xx.fbcdn.net\/images\/emoji.php\/v9\/t33\/1\/16\/2705.png\"> Lentes a costo social<\/p>\n\n\n\n<p><img loading=\"lazy\" decoding=\"async\" height=\"16\" width=\"16\" alt=\"\u2795\" src=\"https:\/\/static.xx.fbcdn.net\/images\/emoji.php\/v9\/tca\/1\/16\/2795.png\"> Adem\u00e1s, se brind\u00f3 atenci\u00f3n psicol\u00f3gica complementaria.<\/p>\n\n\n\n<p>La Universidad reafirma su compromiso con la salud y el bienestar de la comunidad ique\u00f1a, acercando servicios de calidad y cumpliendo con su misi\u00f3n de responsabilidad social. <img loading=\"lazy\" decoding=\"async\" height=\"16\" width=\"16\" alt=\"\ud83d\udc41\ufe0f\u200d\ud83d\udde8\ufe0f\" src=\"https:\/\/static.xx.fbcdn.net\/images\/emoji.php\/v9\/tf2\/1\/16\/1f441_200d_1f5e8.png\"><img loading=\"lazy\" decoding=\"async\" height=\"16\" width=\"16\" alt=\"\ud83d\udc99\" src=\"https:\/\/static.xx.fbcdn.net\/images\/emoji.php\/v9\/t6c\/1\/16\/1f499.png\"><\/p>\n\n\n\n<p><a href=\"https:\/\/www.facebook.com\/share\/p\/1Dz2bnDW1X\">https:\/\/www.facebook.com\/share\/p\/1Dz2bnDW1X<\/a><\/p>\n\n\n\n<figure class=\"wp-block-image size-full\"><img loading=\"lazy\" decoding=\"async\" width=\"688\" height=\"687\" src=\"https:\/\/www.unica.edu.pe\/noticias\/wp-content\/uploads\/2025\/09\/image-215.png\" alt=\"\" class=\"wp-image-39892\" srcset=\"https:\/\/www.unica.edu.pe\/noticias\/wp-content\/uploads\/2025\/09\/image-215.png 688w, https:\/\/www.unica.edu.pe\/noticias\/wp-content\/uploads\/2025\/09\/image-215-300x300.png 300w, https:\/\/www.unica.edu.pe\/noticias\/wp-content\/uploads\/2025\/09\/image-215-150x150.png 150w, https:\/\/www.unica.edu.pe\/noticias\/wp-content\/uploads\/2025\/09\/image-215-100x100.png 100w\" sizes=\"auto, (max-width: 688px) 100vw, 688px\" \/><\/figure>\n","protected":false},"excerpt":{"rendered":"<p>#RSU | Con gran \u00e9xito se desarroll\u00f3 el d\u00eda de ayer la Campa\u00f1a Oftalmol\u00f3gica Gratuita, organizada por la Direcci\u00f3n de Responsabilidad Social Universitaria, Proyecci\u00f3n Social y Extensi\u00f3n Cultural de la Universidad Nacional San Luis Gonzaga. La actividad cont\u00f3 con el valioso apoyo de los miembros del Ej\u00e9rcito del Per\u00fa y del Centro Oftalmol\u00f3gico del Dr. &hellip; <\/p>\n<p class=\"link-more\"><a href=\"https:\/\/www.unica.edu.pe\/noticias\/2025\/09\/21\/imagenes-de-la-campana-oftalmologica-gratuita\/\" class=\"more-link\">Continuar leyendo<span class=\"screen-reader-text\"> \u00abIM\u00c1GENES DE  LA CAMPA\u00d1A OFTALMOL\u00d3GICA GRATUITA\u00bb<\/span><\/a><\/p>\n","protected":false},"author":4,"featured_media":0,"comment_status":"closed","ping_status":"open","sticky":false,"template":"","format":"standard","meta":{"footnotes":""},"categories":[37],"tags":[],"class_list":["post-39891","post","type-post","status-publish","format-standard","hentry","category-proyeccion-social"],"_links":{"self":[{"href":"https:\/\/www.unica.edu.pe\/noticias\/wp-json\/wp\/v2\/posts\/39891","targetHints":{"allow":["GET"]}}],"collection":[{"href":"https:\/\/www.unica.edu.pe\/noticias\/wp-json\/wp\/v2\/posts"}],"about":[{"href":"https:\/\/www.unica.edu.pe\/noticias\/wp-json\/wp\/v2\/types\/post"}],"author":[{"embeddable":true,"href":"https:\/\/www.unica.edu.pe\/noticias\/wp-json\/wp\/v2\/users\/4"}],"replies":[{"embeddable":true,"href":"https:\/\/www.unica.edu.pe\/noticias\/wp-json\/wp\/v2\/comments?post=39891"}],"version-history":[{"count":2,"href":"https:\/\/www.unica.edu.pe\/noticias\/wp-json\/wp\/v2\/posts\/39891\/revisions"}],"predecessor-version":[{"id":39894,"href":"https:\/\/www.unica.edu.pe\/noticias\/wp-json\/wp\/v2\/posts\/39891\/revisions\/39894"}],"wp:attachment":[{"href":"https:\/\/www.unica.edu.pe\/noticias\/wp-json\/wp\/v2\/media?parent=39891"}],"wp:term":[{"taxonomy":"category","embeddable":true,"href":"https:\/\/www.unica.edu.pe\/noticias\/wp-json\/wp\/v2\/categories?post=39891"},{"taxonomy":"post_tag","embeddable":true,"href":"https:\/\/www.unica.edu.pe\/noticias\/wp-json\/wp\/v2\/tags?post=39891"}],"curies":[{"name":"wp","href":"https:\/\/api.w.org\/{rel}","templated":true}]}}