{"id":38965,"date":"2025-08-22T17:07:00","date_gmt":"2025-08-22T22:07:00","guid":{"rendered":"https:\/\/www.unica.edu.pe\/noticias\/?p=38965"},"modified":"2025-08-25T14:23:27","modified_gmt":"2025-08-25T19:23:27","slug":"actualizacion-monitoreo-de-vientos-en-ica-22-de-agosto-1630","status":"publish","type":"post","link":"https:\/\/www.unica.edu.pe\/noticias\/2025\/08\/22\/actualizacion-monitoreo-de-vientos-en-ica-22-de-agosto-1630\/","title":{"rendered":"ACTUALIZACI\u00d3N \u2013 MONITOREO DE VIENTOS EN ICA (22 DE AGOSTO, 16:30)"},"content":{"rendered":"\n<p><img loading=\"lazy\" decoding=\"async\" height=\"16\" width=\"16\" alt=\"\ud83d\udfe1\" src=\"https:\/\/static.xx.fbcdn.net\/images\/emoji.php\/v9\/t7b\/1\/16\/1f7e1.png\"> ACTUALIZACI\u00d3N \u2013 MONITOREO DE VIENTOS EN ICA (22 DE AGOSTO, 16:30)<\/p>\n\n\n\n<p><img loading=\"lazy\" decoding=\"async\" height=\"16\" width=\"16\" alt=\"\ud83d\udce1\" src=\"https:\/\/static.xx.fbcdn.net\/images\/emoji.php\/v9\/tb8\/1\/16\/1f4e1.png\"> E<a><\/a>l equipo del CIEASEST \u2013 Facultad de Ciencias informa que las condiciones atmosf\u00e9ricas se encuentran en alerta moderada, con especial atenci\u00f3n al incremento de los vientos y el campo el\u00e9ctrico atmosf\u00e9rico.<\/p>\n\n\n\n<p><img loading=\"lazy\" decoding=\"async\" height=\"16\" width=\"16\" alt=\"\ud83d\udcca\" src=\"https:\/\/static.xx.fbcdn.net\/images\/emoji.php\/v9\/taa\/1\/16\/1f4ca.png\"> Indicadores actuales:<\/p>\n\n\n\n<p><img loading=\"lazy\" decoding=\"async\" height=\"16\" width=\"16\" alt=\"\ud83c\udf2b\ufe0f\" src=\"https:\/\/static.xx.fbcdn.net\/images\/emoji.php\/v9\/t7b\/1\/16\/1f32b.png\"> Calidad del aire (PM\u2082.\u2085 \u2013 AQI)<\/p>\n\n\n\n<p>\u2022 Ica: 83 \u2013 <img loading=\"lazy\" decoding=\"async\" height=\"16\" width=\"16\" alt=\"\ud83d\udfe1\" src=\"https:\/\/static.xx.fbcdn.net\/images\/emoji.php\/v9\/t7b\/1\/16\/1f7e1.png\"> Moderado<\/p>\n\n\n\n<p>\u2022 Santiago: 65 \u2013 <img loading=\"lazy\" decoding=\"async\" height=\"16\" width=\"16\" alt=\"\ud83d\udfe1\" src=\"https:\/\/static.xx.fbcdn.net\/images\/emoji.php\/v9\/t7b\/1\/16\/1f7e1.png\"> Moderado<\/p>\n\n\n\n<p><img loading=\"lazy\" decoding=\"async\" height=\"16\" width=\"16\" alt=\"\u26a1\" src=\"https:\/\/static.xx.fbcdn.net\/images\/emoji.php\/v9\/t5d\/1\/16\/26a1.png\"> Campo el\u00e9ctrico (PG):<\/p>\n\n\n\n<p>\u2022 \u2013214 V\/m \u2013 <img loading=\"lazy\" decoding=\"async\" height=\"16\" width=\"16\" alt=\"\ud83d\udd34\" src=\"https:\/\/static.xx.fbcdn.net\/images\/emoji.php\/v9\/t6e\/1\/16\/1f534.png\"> Extremo negativo<\/p>\n\n\n\n<p><img loading=\"lazy\" decoding=\"async\" height=\"16\" width=\"16\" alt=\"\ud83d\udca8\" src=\"https:\/\/static.xx.fbcdn.net\/images\/emoji.php\/v9\/tc3\/1\/16\/1f4a8.png\"> Viento (Estaci\u00f3n CIEASEST):<\/p>\n\n\n\n<p>\u2022 5.1 m\/s, direcci\u00f3n Sursureste (SSE) \u2013 <img loading=\"lazy\" decoding=\"async\" height=\"16\" width=\"16\" alt=\"\ud83d\udd36\" src=\"https:\/\/static.xx.fbcdn.net\/images\/emoji.php\/v9\/t70\/1\/16\/1f536.png\"> Fuerte<\/p>\n\n\n\n<p><img loading=\"lazy\" decoding=\"async\" height=\"16\" width=\"16\" alt=\"\ud83d\udc68\u200d\ud83d\udd2c\" src=\"https:\/\/static.xx.fbcdn.net\/images\/emoji.php\/v9\/tb\/1\/16\/1f468_200d_1f52c.png\"> Observaci\u00f3n:<\/p>\n\n\n\n<p>La tormenta de polvo sigue activa en Pisco y ha alcanzado de manera m\u00e1s ligera algunas zonas de la provincia de Chincha, donde ya se percibe tierra en suspensi\u00f3n en el aire acompa\u00f1ada de vientos de cierta intensidad.<\/p>\n\n\n\n<p>En Ica, el incremento del viento junto con el campo el\u00e9ctrico atmosf\u00e9rico en valores extremos negativos indica inestabilidad atmosf\u00e9rica que requiere vigilancia constante.<\/p>\n\n\n\n<p><img loading=\"lazy\" decoding=\"async\" height=\"16\" width=\"16\" alt=\"\u26a0\ufe0f\" src=\"https:\/\/static.xx.fbcdn.net\/images\/emoji.php\/v9\/tdc\/1\/16\/26a0.png\"> Se recomienda precauci\u00f3n, especialmente en ni\u00f1os, adultos mayores y personas con problemas respiratorios, evitando actividades al aire libre durante la duraci\u00f3n del fen\u00f3meno.<\/p>\n\n\n\n<figure class=\"wp-block-image size-full\"><img loading=\"lazy\" decoding=\"async\" width=\"655\" height=\"657\" src=\"https:\/\/www.unica.edu.pe\/noticias\/wp-content\/uploads\/2025\/08\/image-209.png\" alt=\"\" class=\"wp-image-38966\" srcset=\"https:\/\/www.unica.edu.pe\/noticias\/wp-content\/uploads\/2025\/08\/image-209.png 655w, https:\/\/www.unica.edu.pe\/noticias\/wp-content\/uploads\/2025\/08\/image-209-300x300.png 300w, https:\/\/www.unica.edu.pe\/noticias\/wp-content\/uploads\/2025\/08\/image-209-150x150.png 150w, https:\/\/www.unica.edu.pe\/noticias\/wp-content\/uploads\/2025\/08\/image-209-100x100.png 100w\" sizes=\"auto, (max-width: 655px) 100vw, 655px\" \/><\/figure>\n","protected":false},"excerpt":{"rendered":"<p>ACTUALIZACI\u00d3N \u2013 MONITOREO DE VIENTOS EN ICA (22 DE AGOSTO, 16:30) El equipo del CIEASEST \u2013 Facultad de Ciencias informa que las condiciones atmosf\u00e9ricas se encuentran en alerta moderada, con especial atenci\u00f3n al incremento de los vientos y el campo el\u00e9ctrico atmosf\u00e9rico. Indicadores actuales: Calidad del aire (PM\u2082.\u2085 \u2013 AQI) \u2022 Ica: 83 \u2013 Moderado &hellip; <\/p>\n<p class=\"link-more\"><a href=\"https:\/\/www.unica.edu.pe\/noticias\/2025\/08\/22\/actualizacion-monitoreo-de-vientos-en-ica-22-de-agosto-1630\/\" class=\"more-link\">Continuar leyendo<span class=\"screen-reader-text\"> \u00abACTUALIZACI\u00d3N \u2013 MONITOREO DE VIENTOS EN ICA (22 DE AGOSTO, 16:30)\u00bb<\/span><\/a><\/p>\n","protected":false},"author":4,"featured_media":0,"comment_status":"closed","ping_status":"open","sticky":false,"template":"","format":"standard","meta":{"footnotes":""},"categories":[7],"tags":[],"class_list":["post-38965","post","type-post","status-publish","format-standard","hentry","category-noticias"],"_links":{"self":[{"href":"https:\/\/www.unica.edu.pe\/noticias\/wp-json\/wp\/v2\/posts\/38965","targetHints":{"allow":["GET"]}}],"collection":[{"href":"https:\/\/www.unica.edu.pe\/noticias\/wp-json\/wp\/v2\/posts"}],"about":[{"href":"https:\/\/www.unica.edu.pe\/noticias\/wp-json\/wp\/v2\/types\/post"}],"author":[{"embeddable":true,"href":"https:\/\/www.unica.edu.pe\/noticias\/wp-json\/wp\/v2\/users\/4"}],"replies":[{"embeddable":true,"href":"https:\/\/www.unica.edu.pe\/noticias\/wp-json\/wp\/v2\/comments?post=38965"}],"version-history":[{"count":1,"href":"https:\/\/www.unica.edu.pe\/noticias\/wp-json\/wp\/v2\/posts\/38965\/revisions"}],"predecessor-version":[{"id":38967,"href":"https:\/\/www.unica.edu.pe\/noticias\/wp-json\/wp\/v2\/posts\/38965\/revisions\/38967"}],"wp:attachment":[{"href":"https:\/\/www.unica.edu.pe\/noticias\/wp-json\/wp\/v2\/media?parent=38965"}],"wp:term":[{"taxonomy":"category","embeddable":true,"href":"https:\/\/www.unica.edu.pe\/noticias\/wp-json\/wp\/v2\/categories?post=38965"},{"taxonomy":"post_tag","embeddable":true,"href":"https:\/\/www.unica.edu.pe\/noticias\/wp-json\/wp\/v2\/tags?post=38965"}],"curies":[{"name":"wp","href":"https:\/\/api.w.org\/{rel}","templated":true}]}}