{"id":38953,"date":"2025-08-22T15:22:00","date_gmt":"2025-08-22T20:22:00","guid":{"rendered":"https:\/\/www.unica.edu.pe\/noticias\/?p=38953"},"modified":"2025-08-25T14:20:07","modified_gmt":"2025-08-25T19:20:07","slug":"reporte-especial-paraca-activa-en-pisco-22-de-agosto-1410","status":"publish","type":"post","link":"https:\/\/www.unica.edu.pe\/noticias\/2025\/08\/22\/reporte-especial-paraca-activa-en-pisco-22-de-agosto-1410\/","title":{"rendered":"REPORTE ESPECIAL \u2013 PARACA ACTIVA EN PISCO (22 DE AGOSTO, 14:10)"},"content":{"rendered":"\n<p><img loading=\"lazy\" decoding=\"async\" height=\"16\" width=\"16\" alt=\"\ud83d\udfe0\" src=\"https:\/\/static.xx.fbcdn.net\/images\/emoji.php\/v9\/tfa\/1\/16\/1f7e0.png\"> REPORTE ESPECIAL \u2013 PARACA ACTIVA EN PISCO (22 DE AGOSTO, 14:10)<\/p>\n\n\n\n<p><img loading=\"lazy\" decoding=\"async\" height=\"16\" width=\"16\" alt=\"\ud83d\udce1\" src=\"https:\/\/static.xx.fbcdn.net\/images\/emoji.php\/v9\/tb8\/1\/16\/1f4e1.png\"> Se confirma que contin\u00faa activa la paraca en la zona de Pisco, fen\u00f3meno local de la costa sur del P<a><\/a>er\u00fa que, en t\u00e9rminos meteorol\u00f3gicos, se clasifica como viento fuerte costero con levantamiento de polvo y arena (tormenta de arena de escala local).<\/p>\n\n\n\n<p><img loading=\"lazy\" decoding=\"async\" height=\"16\" width=\"16\" alt=\"\ud83d\udcca\" src=\"https:\/\/static.xx.fbcdn.net\/images\/emoji.php\/v9\/taa\/1\/16\/1f4ca.png\"> Condiciones observadas:<\/p>\n\n\n\n<p><img loading=\"lazy\" decoding=\"async\" height=\"16\" width=\"16\" alt=\"\ud83d\udca8\" src=\"https:\/\/static.xx.fbcdn.net\/images\/emoji.php\/v9\/tc3\/1\/16\/1f4a8.png\"> Viento: fuerte, con r\u00e1fagas variables.<\/p>\n\n\n\n<p><img loading=\"lazy\" decoding=\"async\" height=\"16\" width=\"16\" alt=\"\ud83c\udf2b\ufe0f\" src=\"https:\/\/static.xx.fbcdn.net\/images\/emoji.php\/v9\/t7b\/1\/16\/1f32b.png\"> Visibilidad: reducida en sectores abiertos por levantamiento de polvo\/arena.<\/p>\n\n\n\n<p><img loading=\"lazy\" decoding=\"async\" height=\"16\" width=\"16\" alt=\"\u26a0\ufe0f\" src=\"https:\/\/static.xx.fbcdn.net\/images\/emoji.php\/v9\/tdc\/1\/16\/26a0.png\"> Riesgos: irritaci\u00f3n ocular y respiratoria, molestias para transe\u00fantes y conductores.<\/p>\n\n\n\n<p><img loading=\"lazy\" decoding=\"async\" height=\"16\" width=\"16\" alt=\"\ud83d\udc68\u200d\ud83d\udd2c\" src=\"https:\/\/static.xx.fbcdn.net\/images\/emoji.php\/v9\/tb\/1\/16\/1f468_200d_1f52c.png\"> Recomendaciones de protecci\u00f3n para la poblaci\u00f3n:<\/p>\n\n\n\n<p>\u2022 Usar mascarilla o pa\u00f1uelo para proteger v\u00edas respiratorias.<\/p>\n\n\n\n<p>\u2022 Proteger los ojos con gafas o lentes.<\/p>\n\n\n\n<p>\u2022 Evitar transitar en zonas abiertas mientras dure la paraca.<\/p>\n\n\n\n<p>\u2022 Conductores: manejar con precauci\u00f3n por la reducci\u00f3n de visibilidad y posible arena en la v\u00eda.<\/p>\n\n\n\n<p>\u2022 Mantener puertas y ventanas cerradas en viviendas y locales.<\/p>\n\n\n\n<p>\u2022 <img loading=\"lazy\" decoding=\"async\" height=\"16\" width=\"16\" alt=\"\ud83d\udeb8\" src=\"https:\/\/static.xx.fbcdn.net\/images\/emoji.php\/v9\/te4\/1\/16\/1f6b8.png\"> Nota importante: Evitar exponer a ni\u00f1os, personas mayores y poblaci\u00f3n vulnerable durante la paraca. Se ha reportado a estudiantes de una instituci\u00f3n educativa realizando actividades al aire libre, lo cual incrementa el riesgo de problemas respiratorios y oculares.<\/p>\n\n\n\n<p><img loading=\"lazy\" decoding=\"async\" height=\"16\" width=\"16\" alt=\"\u23f1\ufe0f\" src=\"https:\/\/static.xx.fbcdn.net\/images\/emoji.php\/v9\/tb5\/1\/16\/23f1.png\"> Duraci\u00f3n estimada: La paraca suele extenderse entre 30 minutos y 3 horas, pudiendo, en casos menos frecuentes, durar hasta medio d\u00eda.<\/p>\n\n\n\n<p><img loading=\"lazy\" decoding=\"async\" height=\"16\" width=\"16\" alt=\"\ud83d\udd2c\" src=\"https:\/\/static.xx.fbcdn.net\/images\/emoji.php\/v9\/t7e\/1\/16\/1f52c.png\"> La Facultad de Ciencias continuar\u00e1 atenta al monitoreo de las condiciones atmosf\u00e9ricas en la regi\u00f3n y comunicar\u00e1 cualquier variaci\u00f3n significativa<\/p>\n\n\n\n<figure class=\"wp-block-image size-full\"><img loading=\"lazy\" decoding=\"async\" width=\"658\" height=\"333\" src=\"https:\/\/www.unica.edu.pe\/noticias\/wp-content\/uploads\/2025\/08\/image-205.png\" alt=\"\" class=\"wp-image-38954\" srcset=\"https:\/\/www.unica.edu.pe\/noticias\/wp-content\/uploads\/2025\/08\/image-205.png 658w, https:\/\/www.unica.edu.pe\/noticias\/wp-content\/uploads\/2025\/08\/image-205-300x152.png 300w\" sizes=\"auto, (max-width: 658px) 100vw, 658px\" \/><\/figure>\n","protected":false},"excerpt":{"rendered":"<p>REPORTE ESPECIAL \u2013 PARACA ACTIVA EN PISCO (22 DE AGOSTO, 14:10) Se confirma que contin\u00faa activa la paraca en la zona de Pisco, fen\u00f3meno local de la costa sur del Per\u00fa que, en t\u00e9rminos meteorol\u00f3gicos, se clasifica como viento fuerte costero con levantamiento de polvo y arena (tormenta de arena de escala local). Condiciones observadas: &hellip; <\/p>\n<p class=\"link-more\"><a href=\"https:\/\/www.unica.edu.pe\/noticias\/2025\/08\/22\/reporte-especial-paraca-activa-en-pisco-22-de-agosto-1410\/\" class=\"more-link\">Continuar leyendo<span class=\"screen-reader-text\"> \u00abREPORTE ESPECIAL \u2013 PARACA ACTIVA EN PISCO (22 DE AGOSTO, 14:10)\u00bb<\/span><\/a><\/p>\n","protected":false},"author":4,"featured_media":0,"comment_status":"closed","ping_status":"open","sticky":false,"template":"","format":"standard","meta":{"footnotes":""},"categories":[7],"tags":[],"class_list":["post-38953","post","type-post","status-publish","format-standard","hentry","category-noticias"],"_links":{"self":[{"href":"https:\/\/www.unica.edu.pe\/noticias\/wp-json\/wp\/v2\/posts\/38953","targetHints":{"allow":["GET"]}}],"collection":[{"href":"https:\/\/www.unica.edu.pe\/noticias\/wp-json\/wp\/v2\/posts"}],"about":[{"href":"https:\/\/www.unica.edu.pe\/noticias\/wp-json\/wp\/v2\/types\/post"}],"author":[{"embeddable":true,"href":"https:\/\/www.unica.edu.pe\/noticias\/wp-json\/wp\/v2\/users\/4"}],"replies":[{"embeddable":true,"href":"https:\/\/www.unica.edu.pe\/noticias\/wp-json\/wp\/v2\/comments?post=38953"}],"version-history":[{"count":1,"href":"https:\/\/www.unica.edu.pe\/noticias\/wp-json\/wp\/v2\/posts\/38953\/revisions"}],"predecessor-version":[{"id":38955,"href":"https:\/\/www.unica.edu.pe\/noticias\/wp-json\/wp\/v2\/posts\/38953\/revisions\/38955"}],"wp:attachment":[{"href":"https:\/\/www.unica.edu.pe\/noticias\/wp-json\/wp\/v2\/media?parent=38953"}],"wp:term":[{"taxonomy":"category","embeddable":true,"href":"https:\/\/www.unica.edu.pe\/noticias\/wp-json\/wp\/v2\/categories?post=38953"},{"taxonomy":"post_tag","embeddable":true,"href":"https:\/\/www.unica.edu.pe\/noticias\/wp-json\/wp\/v2\/tags?post=38953"}],"curies":[{"name":"wp","href":"https:\/\/api.w.org\/{rel}","templated":true}]}}