{"id":38941,"date":"2025-08-22T11:52:00","date_gmt":"2025-08-22T16:52:00","guid":{"rendered":"https:\/\/www.unica.edu.pe\/noticias\/?p=38941"},"modified":"2025-08-25T08:19:13","modified_gmt":"2025-08-25T13:19:13","slug":"recorrido-del-pasacalle-ritmos-y-raices-de-mi-peru","status":"publish","type":"post","link":"https:\/\/www.unica.edu.pe\/noticias\/2025\/08\/22\/recorrido-del-pasacalle-ritmos-y-raices-de-mi-peru\/","title":{"rendered":"RECORRIDO DEL PASACALLE \u00abRITMOS Y RA\u00cdCES DE MI PER\u00da\u00bb"},"content":{"rendered":"\n<p><img loading=\"lazy\" decoding=\"async\" height=\"16\" width=\"16\" alt=\"\ud83c\udf89\" src=\"https:\/\/static.xx.fbcdn.net\/images\/emoji.php\/v9\/t8c\/1\/16\/1f389.png\"> \u00a1HOY ICA VIBRA CON CULTURA Y TRADICI\u00d3N! <img loading=\"lazy\" decoding=\"async\" height=\"16\" width=\"16\" alt=\"\ud83c\udf89\" src=\"https:\/\/static.xx.fbcdn.net\/images\/emoji.php\/v9\/t8c\/1\/16\/1f389.png\"><\/p>\n\n\n\n<p>Con motivo del D\u00eda Mundial del Folclor, te invitamos a vivir una jornada llena de color, m\u00fasica y danza.<\/p>\n\n\n\n<p><a><\/a>Empezamos con el gran pasacalle por las principales calles de Ica, con la participaci\u00f3n de colegios de nivel primaria y secundaria de toda la regi\u00f3n, llevando alegr\u00eda y tradici\u00f3n a cada esquina.<\/p>\n\n\n\n<p><img loading=\"lazy\" decoding=\"async\" height=\"16\" width=\"16\" alt=\"\ud83d\udccd\" src=\"https:\/\/static.xx.fbcdn.net\/images\/emoji.php\/v9\/t2d\/1\/16\/1f4cd.png\"> RECORRIDO DEL PASACALLE: Plazuela Bolognesi &#8211; Calle Andahuaylas &#8211; Av. San Mart\u00edn &#8211; Av. Municipalidad &#8211; Vuelta a la Plaza de Armas y culmina en el Patio del Local Central de la <a href=\"https:\/\/www.facebook.com\/UnicaSLG?__cft__[0]=AZWS72O733ufoV0mEduYWM-4zipq-zLGhmdyQTze_Zn_OOPJYgp2uQ89nQCzO_TmXOlvdcLcvgBXcEg9kAKepNdKBm_yjGh2ll2QDRMVfreZ5mMnJ38hLJZU8GIRK0hA1Xr6oTYSSGibLzBbSjFCBjl4F3qFcF4NeV1objF646Ns5O8W6ahugMloI-vzgf1gGNoNpA-eGKkiDrNshyj4VDhb&amp;__tn__=-]K-y-R\">Universidad Nacional \u00abSan Luis Gonzaga\u00bb<\/a>.<\/p>\n\n\n\n<p><img loading=\"lazy\" decoding=\"async\" height=\"16\" width=\"16\" alt=\"\u2728\" src=\"https:\/\/static.xx.fbcdn.net\/images\/emoji.php\/v9\/tf4\/1\/16\/2728.png\"><img loading=\"lazy\" decoding=\"async\" height=\"16\" width=\"16\" alt=\"\ud83d\udc83\" src=\"https:\/\/static.xx.fbcdn.net\/images\/emoji.php\/v9\/tc7\/1\/16\/1f483.png\"><img loading=\"lazy\" decoding=\"async\" height=\"16\" width=\"16\" alt=\"\ud83d\udd7a\" src=\"https:\/\/static.xx.fbcdn.net\/images\/emoji.php\/v9\/t97\/1\/16\/1f57a.png\"> Continuamos con el Festival de Danzas Folcl\u00f3ricas \u00abRITMOS Y RA\u00cdCES DE MI PER\u00da\u00bb en el <a href=\"https:\/\/www.facebook.com\/profile.php?id=100057438790290&amp;__cft__[0]=AZWS72O733ufoV0mEduYWM-4zipq-zLGhmdyQTze_Zn_OOPJYgp2uQ89nQCzO_TmXOlvdcLcvgBXcEg9kAKepNdKBm_yjGh2ll2QDRMVfreZ5mMnJ38hLJZU8GIRK0hA1Xr6oTYSSGibLzBbSjFCBjl4F3qFcF4NeV1objF646Ns5O8W6ahugMloI-vzgf1gGNoNpA-eGKkiDrNshyj4VDhb&amp;__tn__=-]K-y-R\">Centro Cultural &#8211; UNICA<\/a>, donde academias y asociaciones culturales nos deleitar\u00e1n con lo mejor de nuestro arte y nuestras ra\u00edces.<\/p>\n\n\n\n<p>Ven con tu familia y amigos, celebremos juntos nuestra identidad y dejemos que el folclor nos una en una fiesta llena de orgullo y peruanidad.<\/p>\n\n\n\n<p>\u00a1NO FALTES!<\/p>\n\n\n\n<p><a href=\"https:\/\/www.facebook.com\/hashtag\/extensi%C3%B3ncultural?__eep__=6&amp;__cft__[0]=AZWS72O733ufoV0mEduYWM-4zipq-zLGhmdyQTze_Zn_OOPJYgp2uQ89nQCzO_TmXOlvdcLcvgBXcEg9kAKepNdKBm_yjGh2ll2QDRMVfreZ5mMnJ38hLJZU8GIRK0hA1Xr6oTYSSGibLzBbSjFCBjl4F3qFcF4NeV1objF646Ns5O8W6ahugMloI-vzgf1gGNoNpA-eGKkiDrNshyj4VDhb&amp;__tn__=*NK-y-R\">#Extensi\u00f3nCultural<\/a><a href=\"https:\/\/www.facebook.com\/hashtag\/festivaldedanzasfolkloricas?__eep__=6&amp;__cft__[0]=AZWS72O733ufoV0mEduYWM-4zipq-zLGhmdyQTze_Zn_OOPJYgp2uQ89nQCzO_TmXOlvdcLcvgBXcEg9kAKepNdKBm_yjGh2ll2QDRMVfreZ5mMnJ38hLJZU8GIRK0hA1Xr6oTYSSGibLzBbSjFCBjl4F3qFcF4NeV1objF646Ns5O8W6ahugMloI-vzgf1gGNoNpA-eGKkiDrNshyj4VDhb&amp;__tn__=*NK-y-R\">#festivaldedanzasfolkloricas<\/a><a href=\"https:\/\/www.facebook.com\/hashtag\/pasacallecultural?__eep__=6&amp;__cft__[0]=AZWS72O733ufoV0mEduYWM-4zipq-zLGhmdyQTze_Zn_OOPJYgp2uQ89nQCzO_TmXOlvdcLcvgBXcEg9kAKepNdKBm_yjGh2ll2QDRMVfreZ5mMnJ38hLJZU8GIRK0hA1Xr6oTYSSGibLzBbSjFCBjl4F3qFcF4NeV1objF646Ns5O8W6ahugMloI-vzgf1gGNoNpA-eGKkiDrNshyj4VDhb&amp;__tn__=*NK-y-R\">#PasacalleCultural<\/a><\/p>\n\n\n\n<figure class=\"wp-block-image size-full\"><img loading=\"lazy\" decoding=\"async\" width=\"657\" height=\"335\" src=\"https:\/\/www.unica.edu.pe\/noticias\/wp-content\/uploads\/2025\/08\/image-201.png\" alt=\"\" class=\"wp-image-38942\" srcset=\"https:\/\/www.unica.edu.pe\/noticias\/wp-content\/uploads\/2025\/08\/image-201.png 657w, https:\/\/www.unica.edu.pe\/noticias\/wp-content\/uploads\/2025\/08\/image-201-300x153.png 300w\" sizes=\"auto, (max-width: 657px) 100vw, 657px\" \/><\/figure>\n","protected":false},"excerpt":{"rendered":"<p>\u00a1HOY ICA VIBRA CON CULTURA Y TRADICI\u00d3N! Con motivo del D\u00eda Mundial del Folclor, te invitamos a vivir una jornada llena de color, m\u00fasica y danza. Empezamos con el gran pasacalle por las principales calles de Ica, con la participaci\u00f3n de colegios de nivel primaria y secundaria de toda la regi\u00f3n, llevando alegr\u00eda y tradici\u00f3n &hellip; <\/p>\n<p class=\"link-more\"><a href=\"https:\/\/www.unica.edu.pe\/noticias\/2025\/08\/22\/recorrido-del-pasacalle-ritmos-y-raices-de-mi-peru\/\" class=\"more-link\">Continuar leyendo<span class=\"screen-reader-text\"> \u00abRECORRIDO DEL PASACALLE \u00abRITMOS Y RA\u00cdCES DE MI PER\u00da\u00bb\u00bb<\/span><\/a><\/p>\n","protected":false},"author":4,"featured_media":0,"comment_status":"closed","ping_status":"open","sticky":false,"template":"","format":"standard","meta":{"footnotes":""},"categories":[37],"tags":[],"class_list":["post-38941","post","type-post","status-publish","format-standard","hentry","category-proyeccion-social"],"_links":{"self":[{"href":"https:\/\/www.unica.edu.pe\/noticias\/wp-json\/wp\/v2\/posts\/38941","targetHints":{"allow":["GET"]}}],"collection":[{"href":"https:\/\/www.unica.edu.pe\/noticias\/wp-json\/wp\/v2\/posts"}],"about":[{"href":"https:\/\/www.unica.edu.pe\/noticias\/wp-json\/wp\/v2\/types\/post"}],"author":[{"embeddable":true,"href":"https:\/\/www.unica.edu.pe\/noticias\/wp-json\/wp\/v2\/users\/4"}],"replies":[{"embeddable":true,"href":"https:\/\/www.unica.edu.pe\/noticias\/wp-json\/wp\/v2\/comments?post=38941"}],"version-history":[{"count":1,"href":"https:\/\/www.unica.edu.pe\/noticias\/wp-json\/wp\/v2\/posts\/38941\/revisions"}],"predecessor-version":[{"id":38943,"href":"https:\/\/www.unica.edu.pe\/noticias\/wp-json\/wp\/v2\/posts\/38941\/revisions\/38943"}],"wp:attachment":[{"href":"https:\/\/www.unica.edu.pe\/noticias\/wp-json\/wp\/v2\/media?parent=38941"}],"wp:term":[{"taxonomy":"category","embeddable":true,"href":"https:\/\/www.unica.edu.pe\/noticias\/wp-json\/wp\/v2\/categories?post=38941"},{"taxonomy":"post_tag","embeddable":true,"href":"https:\/\/www.unica.edu.pe\/noticias\/wp-json\/wp\/v2\/tags?post=38941"}],"curies":[{"name":"wp","href":"https:\/\/api.w.org\/{rel}","templated":true}]}}