{"id":38923,"date":"2025-08-21T23:00:00","date_gmt":"2025-08-22T04:00:00","guid":{"rendered":"https:\/\/www.unica.edu.pe\/noticias\/?p=38923"},"modified":"2025-08-25T08:10:20","modified_gmt":"2025-08-25T13:10:20","slug":"pasantia-a-la-universidad-nacional-herminio-valdizan-de-huanuco","status":"publish","type":"post","link":"https:\/\/www.unica.edu.pe\/noticias\/2025\/08\/21\/pasantia-a-la-universidad-nacional-herminio-valdizan-de-huanuco\/","title":{"rendered":"PASANT\u00cdA A LA UNIVERSIDAD NACIONAL HERMINIO VALDIZ\u00c1N DE HUANUCO"},"content":{"rendered":"\n<p><a href=\"https:\/\/www.facebook.com\/hashtag\/fic?__eep__=6&amp;__cft__[0]=AZVAdAUvuNZLm1xxS2g00PTf2QRUNenHbo4rUPUxhSYpzCUhJ88VbMcARHWAoiTfHtLJSdQUm5aPYswFPG1SRKGQGeqKCw66Tv5x1NxCXgxe_KB3coXCNjBff8RuOVtYolRORqo3jL1uxI1rpn_x9kuCLqturY6pqYGdKQ6_srIXhbsXJhrOhXt7SBCW7gmSUAI&amp;__tn__=*NK-R\">#FIC<\/a> | El 21 de agosto se inici\u00f3 la pasant\u00eda a la Universidad Nacional Herminio Valdiz\u00e1n de Huanuco, por parte de una delegaci\u00f3n de nuestra universidad encabezada por el MSc. Freddy Franco Alvarado Decano de la Facultad de Ingenier\u00eda Civil y el Dr. Rafael V\u00e1squez Mendoza Decano de la Facultad de Arquitectura e integrada por los Directores de Escuela y el Director de Gesti\u00f3n de la Calidad. Lic. Michell Alcazar, para conocer y analizar sobre la Implementaci\u00f3n de la Metodolog\u00eda BIM en los planes curriculares y la gesti\u00f3n de las universidades. Por la tarde se realizo la Visita a los Laboratorios de Ingenier\u00eda Civil.<\/p>\n\n\n\n<p><a href=\"https:\/\/www.facebook.com\/share\/p\/16NBFgPJki\">https:\/\/www.facebook.com\/share\/p\/16NBFgPJki<\/a><\/p>\n\n\n\n<figure class=\"wp-block-image size-full\"><img loading=\"lazy\" decoding=\"async\" width=\"685\" height=\"689\" src=\"https:\/\/www.unica.edu.pe\/noticias\/wp-content\/uploads\/2025\/08\/image-195.png\" alt=\"\" class=\"wp-image-38924\" srcset=\"https:\/\/www.unica.edu.pe\/noticias\/wp-content\/uploads\/2025\/08\/image-195.png 685w, https:\/\/www.unica.edu.pe\/noticias\/wp-content\/uploads\/2025\/08\/image-195-298x300.png 298w, https:\/\/www.unica.edu.pe\/noticias\/wp-content\/uploads\/2025\/08\/image-195-150x150.png 150w, https:\/\/www.unica.edu.pe\/noticias\/wp-content\/uploads\/2025\/08\/image-195-100x100.png 100w\" sizes=\"auto, (max-width: 685px) 100vw, 685px\" \/><\/figure>\n","protected":false},"excerpt":{"rendered":"<p>#FIC | El 21 de agosto se inici\u00f3 la pasant\u00eda a la Universidad Nacional Herminio Valdiz\u00e1n de Huanuco, por parte de una delegaci\u00f3n de nuestra universidad encabezada por el MSc. Freddy Franco Alvarado Decano de la Facultad de Ingenier\u00eda Civil y el Dr. Rafael V\u00e1squez Mendoza Decano de la Facultad de Arquitectura e integrada por &hellip; <\/p>\n<p class=\"link-more\"><a href=\"https:\/\/www.unica.edu.pe\/noticias\/2025\/08\/21\/pasantia-a-la-universidad-nacional-herminio-valdizan-de-huanuco\/\" class=\"more-link\">Continuar leyendo<span class=\"screen-reader-text\"> \u00abPASANT\u00cdA A LA UNIVERSIDAD NACIONAL HERMINIO VALDIZ\u00c1N DE HUANUCO\u00bb<\/span><\/a><\/p>\n","protected":false},"author":4,"featured_media":0,"comment_status":"closed","ping_status":"open","sticky":false,"template":"","format":"standard","meta":{"footnotes":""},"categories":[7],"tags":[],"class_list":["post-38923","post","type-post","status-publish","format-standard","hentry","category-noticias"],"_links":{"self":[{"href":"https:\/\/www.unica.edu.pe\/noticias\/wp-json\/wp\/v2\/posts\/38923","targetHints":{"allow":["GET"]}}],"collection":[{"href":"https:\/\/www.unica.edu.pe\/noticias\/wp-json\/wp\/v2\/posts"}],"about":[{"href":"https:\/\/www.unica.edu.pe\/noticias\/wp-json\/wp\/v2\/types\/post"}],"author":[{"embeddable":true,"href":"https:\/\/www.unica.edu.pe\/noticias\/wp-json\/wp\/v2\/users\/4"}],"replies":[{"embeddable":true,"href":"https:\/\/www.unica.edu.pe\/noticias\/wp-json\/wp\/v2\/comments?post=38923"}],"version-history":[{"count":1,"href":"https:\/\/www.unica.edu.pe\/noticias\/wp-json\/wp\/v2\/posts\/38923\/revisions"}],"predecessor-version":[{"id":38925,"href":"https:\/\/www.unica.edu.pe\/noticias\/wp-json\/wp\/v2\/posts\/38923\/revisions\/38925"}],"wp:attachment":[{"href":"https:\/\/www.unica.edu.pe\/noticias\/wp-json\/wp\/v2\/media?parent=38923"}],"wp:term":[{"taxonomy":"category","embeddable":true,"href":"https:\/\/www.unica.edu.pe\/noticias\/wp-json\/wp\/v2\/categories?post=38923"},{"taxonomy":"post_tag","embeddable":true,"href":"https:\/\/www.unica.edu.pe\/noticias\/wp-json\/wp\/v2\/tags?post=38923"}],"curies":[{"name":"wp","href":"https:\/\/api.w.org\/{rel}","templated":true}]}}