{"id":38913,"date":"2025-08-21T19:10:00","date_gmt":"2025-08-22T00:10:00","guid":{"rendered":"https:\/\/www.unica.edu.pe\/noticias\/?p=38913"},"modified":"2025-08-22T08:13:24","modified_gmt":"2025-08-22T13:13:24","slug":"obra-de-proyeccion-social-en-san-jose-de-los-molinos-gracias-a-la-facultad-de-ciencias-de-la-educacion-y-humanidades","status":"publish","type":"post","link":"https:\/\/www.unica.edu.pe\/noticias\/2025\/08\/21\/obra-de-proyeccion-social-en-san-jose-de-los-molinos-gracias-a-la-facultad-de-ciencias-de-la-educacion-y-humanidades\/","title":{"rendered":"OBRA DE PROYECCI\u00d3N SOCIAL EN SAN JOS\u00c9 DE LOS MOLINOS GRACIAS A LA FACULTAD DE CIENCIAS DE LA EDUCACI\u00d3N Y HUMANIDADES."},"content":{"rendered":"\n<p><a href=\"https:\/\/www.facebook.com\/hashtag\/facultaddecienciasdelaeducaci%C3%B3n?__eep__=6&amp;__cft__[0]=AZUZr0uR0ugTlgymQLt1R_UhUCkDBVGas3grtYi-XMrffKqj2UrBK2xL8mJZ6iG654PcCSjWVUIxj3tLcU-8H109XIdIX8akadUnOnxUSXE2cc2_Sl-mxmRX0YRPywv5zTn5j0CVe7pGqKil-swC-ZnWNTNjpGpVu3XtkwjvbjvbBxmOehKKBIarwXnbXT7KmRg&amp;__tn__=*NK-R\">#FacultaddeCienciasdelaEducaci\u00f3n<\/a> | Facultad de Ciencias de la Educaci\u00f3n y Humanidades realiz\u00f3 importante obra de proyecci\u00f3n social en San Jos\u00e9 de los Molinos<\/p>\n\n\n\n<p><a><\/a>La ma\u00f1ana de ayer se llev\u00f3 a cabo la entrega de la obra \u201cMejoramiento del patio c\u00edvico escolar, aula, servicios higi\u00e9nicos, \u00e1reas sombreadas y embellecimiento integral del cerco perim\u00e9trico de la I.E.I. N.\u00b0 536 \u2013 Casablanca\u201d, ubicada en el distrito de San Jos\u00e9 de los Molinos.<\/p>\n\n\n\n<p>Este trabajo fue ejecutado por los estudiantes del semestre acad\u00e9mico 2024-II de los programas de Educaci\u00f3n Inicial, Educaci\u00f3n Primaria, Lengua y Literatura, Educaci\u00f3n F\u00edsica, Matem\u00e1tica e Inform\u00e1tica, Ciencias Biol\u00f3gicas y Qu\u00edmica, Historia y Geograf\u00eda, Filosof\u00eda, Psicolog\u00eda y Educaci\u00f3n Art\u00edstica de la Facultad de Ciencias de la Educaci\u00f3n y Humanidades.<\/p>\n\n\n\n<p>La ceremonia cont\u00f3 con la presencia de nuestro rector, Dr. Dante Ferm\u00edn Calder\u00f3n Huaman\u00ed; el Dr. Sim\u00f3n Pelayo Huaman\u00ed Atoccsa, responsable de Proyecci\u00f3n Social de la facultad; el alcalde del distrito, Jorge Daniel P\u00e9rez Hern\u00e1ndez; el docente Alberto Ascama; as\u00ed como representantes estudiantiles, la directora de la instituci\u00f3n, padres de familia y alumnos de los diversos programas.<\/p>\n\n\n\n<p>Durante el acto, el rector Dr. Dante Calder\u00f3n escuch\u00f3 los pedidos de autoridades educativas de la zona, como la instituci\u00f3n educativa primaria de Huaman\u00ed y la I.E. Catalina Buend\u00eda de Pecho. Posteriormente, se procedi\u00f3 al develado de la placa recordatoria, concluyendo la jornada con la fotograf\u00eda protocolar y un almuerzo de confraternidad.<\/p>\n\n\n\n<p><img loading=\"lazy\" decoding=\"async\" height=\"16\" width=\"16\" alt=\"\ud83d\udcda\" src=\"https:\/\/static.xx.fbcdn.net\/images\/emoji.php\/v9\/t49\/1\/16\/1f4da.png\"><img loading=\"lazy\" decoding=\"async\" height=\"16\" width=\"16\" alt=\"\u2728\" src=\"https:\/\/static.xx.fbcdn.net\/images\/emoji.php\/v9\/tf4\/1\/16\/2728.png\"> Una muestra del compromiso de nuestra universidad con la comunidad y el desarrollo educativo de la regi\u00f3n.<\/p>\n\n\n\n<p><a href=\"https:\/\/www.facebook.com\/profile.php?id=100089023940170&amp;__cft__[0]=AZUZr0uR0ugTlgymQLt1R_UhUCkDBVGas3grtYi-XMrffKqj2UrBK2xL8mJZ6iG654PcCSjWVUIxj3tLcU-8H109XIdIX8akadUnOnxUSXE2cc2_Sl-mxmRX0YRPywv5zTn5j0CVe7pGqKil-swC-ZnWNTNjpGpVu3XtkwjvbjvbBxmOehKKBIarwXnbXT7KmRg&amp;__tn__=-]K-R\">Municipalidad San Jos\u00e9 de Los Molinos.<\/a><\/p>\n\n\n\n<p><a href=\"https:\/\/www.facebook.com\/share\/p\/1FRS6zi2FT\">https:\/\/www.facebook.com\/share\/p\/1FRS6zi2FT<\/a><\/p>\n\n\n\n<figure class=\"wp-block-image size-full\"><img loading=\"lazy\" decoding=\"async\" width=\"681\" height=\"684\" src=\"https:\/\/www.unica.edu.pe\/noticias\/wp-content\/uploads\/2025\/08\/image-192.png\" alt=\"\" class=\"wp-image-38914\" srcset=\"https:\/\/www.unica.edu.pe\/noticias\/wp-content\/uploads\/2025\/08\/image-192.png 681w, https:\/\/www.unica.edu.pe\/noticias\/wp-content\/uploads\/2025\/08\/image-192-300x300.png 300w, https:\/\/www.unica.edu.pe\/noticias\/wp-content\/uploads\/2025\/08\/image-192-150x150.png 150w, https:\/\/www.unica.edu.pe\/noticias\/wp-content\/uploads\/2025\/08\/image-192-100x100.png 100w\" sizes=\"auto, (max-width: 681px) 100vw, 681px\" \/><\/figure>\n","protected":false},"excerpt":{"rendered":"<p>#FacultaddeCienciasdelaEducaci\u00f3n | Facultad de Ciencias de la Educaci\u00f3n y Humanidades realiz\u00f3 importante obra de proyecci\u00f3n social en San Jos\u00e9 de los Molinos La ma\u00f1ana de ayer se llev\u00f3 a cabo la entrega de la obra \u201cMejoramiento del patio c\u00edvico escolar, aula, servicios higi\u00e9nicos, \u00e1reas sombreadas y embellecimiento integral del cerco perim\u00e9trico de la I.E.I. N.\u00b0 &hellip; <\/p>\n<p class=\"link-more\"><a href=\"https:\/\/www.unica.edu.pe\/noticias\/2025\/08\/21\/obra-de-proyeccion-social-en-san-jose-de-los-molinos-gracias-a-la-facultad-de-ciencias-de-la-educacion-y-humanidades\/\" class=\"more-link\">Continuar leyendo<span class=\"screen-reader-text\"> \u00abOBRA DE PROYECCI\u00d3N SOCIAL EN SAN JOS\u00c9 DE LOS MOLINOS GRACIAS A LA FACULTAD DE CIENCIAS DE LA EDUCACI\u00d3N Y HUMANIDADES.\u00bb<\/span><\/a><\/p>\n","protected":false},"author":4,"featured_media":0,"comment_status":"closed","ping_status":"open","sticky":false,"template":"","format":"standard","meta":{"footnotes":""},"categories":[37],"tags":[],"class_list":["post-38913","post","type-post","status-publish","format-standard","hentry","category-proyeccion-social"],"_links":{"self":[{"href":"https:\/\/www.unica.edu.pe\/noticias\/wp-json\/wp\/v2\/posts\/38913","targetHints":{"allow":["GET"]}}],"collection":[{"href":"https:\/\/www.unica.edu.pe\/noticias\/wp-json\/wp\/v2\/posts"}],"about":[{"href":"https:\/\/www.unica.edu.pe\/noticias\/wp-json\/wp\/v2\/types\/post"}],"author":[{"embeddable":true,"href":"https:\/\/www.unica.edu.pe\/noticias\/wp-json\/wp\/v2\/users\/4"}],"replies":[{"embeddable":true,"href":"https:\/\/www.unica.edu.pe\/noticias\/wp-json\/wp\/v2\/comments?post=38913"}],"version-history":[{"count":1,"href":"https:\/\/www.unica.edu.pe\/noticias\/wp-json\/wp\/v2\/posts\/38913\/revisions"}],"predecessor-version":[{"id":38915,"href":"https:\/\/www.unica.edu.pe\/noticias\/wp-json\/wp\/v2\/posts\/38913\/revisions\/38915"}],"wp:attachment":[{"href":"https:\/\/www.unica.edu.pe\/noticias\/wp-json\/wp\/v2\/media?parent=38913"}],"wp:term":[{"taxonomy":"category","embeddable":true,"href":"https:\/\/www.unica.edu.pe\/noticias\/wp-json\/wp\/v2\/categories?post=38913"},{"taxonomy":"post_tag","embeddable":true,"href":"https:\/\/www.unica.edu.pe\/noticias\/wp-json\/wp\/v2\/tags?post=38913"}],"curies":[{"name":"wp","href":"https:\/\/api.w.org\/{rel}","templated":true}]}}