{"id":38897,"date":"2025-08-21T10:32:00","date_gmt":"2025-08-21T15:32:00","guid":{"rendered":"https:\/\/www.unica.edu.pe\/noticias\/?p=38897"},"modified":"2025-08-22T08:05:13","modified_gmt":"2025-08-22T13:05:13","slug":"invitacion-al-pasacalle-y-festival-de-danzas-folkloricas","status":"publish","type":"post","link":"https:\/\/www.unica.edu.pe\/noticias\/2025\/08\/21\/invitacion-al-pasacalle-y-festival-de-danzas-folkloricas\/","title":{"rendered":"INVITACI\u00d3N AL PASACALLE Y FESTIVAL DE DANZAS FOLKL\u00d3RICAS"},"content":{"rendered":"\n<p><img loading=\"lazy\" decoding=\"async\" height=\"16\" width=\"16\" alt=\"\ud83d\udc83\" src=\"https:\/\/static.xx.fbcdn.net\/images\/emoji.php\/v9\/tc7\/1\/16\/1f483.png\"><img loading=\"lazy\" decoding=\"async\" height=\"16\" width=\"16\" alt=\"\u2728\" src=\"https:\/\/static.xx.fbcdn.net\/images\/emoji.php\/v9\/tf4\/1\/16\/2728.png\">\u00a1GRAN PASACALLE Y FESTIVAL DE DANZAS FOLKL\u00d3RICAS! <img loading=\"lazy\" decoding=\"async\" height=\"16\" width=\"16\" alt=\"\u2728\" src=\"https:\/\/static.xx.fbcdn.net\/images\/emoji.php\/v9\/tf4\/1\/16\/2728.png\"><img loading=\"lazy\" decoding=\"async\" height=\"16\" width=\"16\" alt=\"\ud83d\udd7a\" src=\"https:\/\/static.xx.fbcdn.net\/images\/emoji.php\/v9\/t97\/1\/16\/1f57a.png\"><\/p>\n\n\n\n<p><a><\/a>Conmemorando el D\u00eda Mundial del Folclore, la Direcci\u00f3n de RSU, Proyecci\u00f3n Social y Extensi\u00f3n Cultural de la <a href=\"https:\/\/www.facebook.com\/UnicaSLG?__cft__[0]=AZX-ekqc87b5102ac5bSoUtvubg_HGTc3sJPS5Vy_7JUkBacllVkWvi5B6w8DlyhgIKzDexR5XEn32VeufHgdzSUUjS3oFwUh9B9o-vYGH5pfDDGnHBdMTmUArkSBQkptz1RNW6WWALDd_5e-rPJz9GmXgjoWr7_tIN-rpieB5mjZmMi1p4WtYSzssGE-DwcPRwV96zmw2R4NoY_E_PbUIh3&amp;__tn__=-]K-y-R\">Universidad Nacional \u00abSan Luis Gonzaga\u00bb<\/a>, en conjunto con la <a href=\"https:\/\/www.facebook.com\/profile.php?id=100057382782358&amp;__cft__[0]=AZX-ekqc87b5102ac5bSoUtvubg_HGTc3sJPS5Vy_7JUkBacllVkWvi5B6w8DlyhgIKzDexR5XEn32VeufHgdzSUUjS3oFwUh9B9o-vYGH5pfDDGnHBdMTmUArkSBQkptz1RNW6WWALDd_5e-rPJz9GmXgjoWr7_tIN-rpieB5mjZmMi1p4WtYSzssGE-DwcPRwV96zmw2R4NoY_E_PbUIh3&amp;__tn__=-]K-y-R\">Red Nacional de Cultores y Difusores de la Danza Tradicional y Folkl\u00f3rica<\/a> realizan ma\u00f1ana viernes 22 de agosto el GRAN PASACALLE Y FESTIVAL DE DANZAS FOLKL\u00d3RICAS \u00abRITMOS Y RA\u00cdCES DE MI PER\u00da\u00bb.<\/p>\n\n\n\n<p><img loading=\"lazy\" decoding=\"async\" height=\"16\" width=\"16\" alt=\"\u23f0\" src=\"https:\/\/static.xx.fbcdn.net\/images\/emoji.php\/v9\/t34\/1\/16\/23f0.png\"> DESDE LAS 5:00 PM<\/p>\n\n\n\n<p><img loading=\"lazy\" decoding=\"async\" height=\"16\" width=\"16\" alt=\"\ud83d\udccd\" src=\"https:\/\/static.xx.fbcdn.net\/images\/emoji.php\/v9\/t2d\/1\/16\/1f4cd.png\"> EMPEZAMOS EL PASACALLE DESDE LA PLAZUELA BOLOGNESI<\/p>\n\n\n\n<p>Y NUESTRO FESTIVAL SE DESARROLLAR\u00c1 EN EL PATIO DEL LOCAL CENTRAL DE LA UNICA.<\/p>\n\n\n\n<p>Contaremos con la participaci\u00f3n de diversas instituciones educativas de la regi\u00f3n y la presentaci\u00f3n de danzas a cargo de academias y asociaciones culturales.<\/p>\n\n\n\n<p>\u00a1TE ESPERAMOS!<\/p>\n\n\n\n<p><a href=\"https:\/\/www.facebook.com\/hashtag\/extensi%C3%B3ncultural?__eep__=6&amp;__cft__[0]=AZX-ekqc87b5102ac5bSoUtvubg_HGTc3sJPS5Vy_7JUkBacllVkWvi5B6w8DlyhgIKzDexR5XEn32VeufHgdzSUUjS3oFwUh9B9o-vYGH5pfDDGnHBdMTmUArkSBQkptz1RNW6WWALDd_5e-rPJz9GmXgjoWr7_tIN-rpieB5mjZmMi1p4WtYSzssGE-DwcPRwV96zmw2R4NoY_E_PbUIh3&amp;__tn__=*NK-y-R\">#Extensi\u00f3nCultural<\/a><a href=\"https:\/\/www.facebook.com\/hashtag\/danza?__eep__=6&amp;__cft__[0]=AZX-ekqc87b5102ac5bSoUtvubg_HGTc3sJPS5Vy_7JUkBacllVkWvi5B6w8DlyhgIKzDexR5XEn32VeufHgdzSUUjS3oFwUh9B9o-vYGH5pfDDGnHBdMTmUArkSBQkptz1RNW6WWALDd_5e-rPJz9GmXgjoWr7_tIN-rpieB5mjZmMi1p4WtYSzssGE-DwcPRwV96zmw2R4NoY_E_PbUIh3&amp;__tn__=*NK-y-R\">#danza<\/a><a href=\"https:\/\/www.facebook.com\/hashtag\/festivalfolkl%C3%B3ricounica?__eep__=6&amp;__cft__[0]=AZX-ekqc87b5102ac5bSoUtvubg_HGTc3sJPS5Vy_7JUkBacllVkWvi5B6w8DlyhgIKzDexR5XEn32VeufHgdzSUUjS3oFwUh9B9o-vYGH5pfDDGnHBdMTmUArkSBQkptz1RNW6WWALDd_5e-rPJz9GmXgjoWr7_tIN-rpieB5mjZmMi1p4WtYSzssGE-DwcPRwV96zmw2R4NoY_E_PbUIh3&amp;__tn__=*NK-y-R\">#festivalfolkl\u00f3ricounica<\/a><\/p>\n\n\n\n<figure class=\"wp-block-image size-full\"><img loading=\"lazy\" decoding=\"async\" width=\"526\" height=\"526\" src=\"https:\/\/www.unica.edu.pe\/noticias\/wp-content\/uploads\/2025\/08\/image-187.png\" alt=\"\" class=\"wp-image-38898\" srcset=\"https:\/\/www.unica.edu.pe\/noticias\/wp-content\/uploads\/2025\/08\/image-187.png 526w, https:\/\/www.unica.edu.pe\/noticias\/wp-content\/uploads\/2025\/08\/image-187-300x300.png 300w, https:\/\/www.unica.edu.pe\/noticias\/wp-content\/uploads\/2025\/08\/image-187-150x150.png 150w, https:\/\/www.unica.edu.pe\/noticias\/wp-content\/uploads\/2025\/08\/image-187-100x100.png 100w\" sizes=\"auto, (max-width: 526px) 100vw, 526px\" \/><\/figure>\n","protected":false},"excerpt":{"rendered":"<p>\u00a1GRAN PASACALLE Y FESTIVAL DE DANZAS FOLKL\u00d3RICAS! Conmemorando el D\u00eda Mundial del Folclore, la Direcci\u00f3n de RSU, Proyecci\u00f3n Social y Extensi\u00f3n Cultural de la Universidad Nacional \u00abSan Luis Gonzaga\u00bb, en conjunto con la Red Nacional de Cultores y Difusores de la Danza Tradicional y Folkl\u00f3rica realizan ma\u00f1ana viernes 22 de agosto el GRAN PASACALLE Y &hellip; <\/p>\n<p class=\"link-more\"><a href=\"https:\/\/www.unica.edu.pe\/noticias\/2025\/08\/21\/invitacion-al-pasacalle-y-festival-de-danzas-folkloricas\/\" class=\"more-link\">Continuar leyendo<span class=\"screen-reader-text\"> \u00abINVITACI\u00d3N AL PASACALLE Y FESTIVAL DE DANZAS FOLKL\u00d3RICAS\u00bb<\/span><\/a><\/p>\n","protected":false},"author":4,"featured_media":0,"comment_status":"closed","ping_status":"open","sticky":false,"template":"","format":"standard","meta":{"footnotes":""},"categories":[37],"tags":[],"class_list":["post-38897","post","type-post","status-publish","format-standard","hentry","category-proyeccion-social"],"_links":{"self":[{"href":"https:\/\/www.unica.edu.pe\/noticias\/wp-json\/wp\/v2\/posts\/38897","targetHints":{"allow":["GET"]}}],"collection":[{"href":"https:\/\/www.unica.edu.pe\/noticias\/wp-json\/wp\/v2\/posts"}],"about":[{"href":"https:\/\/www.unica.edu.pe\/noticias\/wp-json\/wp\/v2\/types\/post"}],"author":[{"embeddable":true,"href":"https:\/\/www.unica.edu.pe\/noticias\/wp-json\/wp\/v2\/users\/4"}],"replies":[{"embeddable":true,"href":"https:\/\/www.unica.edu.pe\/noticias\/wp-json\/wp\/v2\/comments?post=38897"}],"version-history":[{"count":1,"href":"https:\/\/www.unica.edu.pe\/noticias\/wp-json\/wp\/v2\/posts\/38897\/revisions"}],"predecessor-version":[{"id":38899,"href":"https:\/\/www.unica.edu.pe\/noticias\/wp-json\/wp\/v2\/posts\/38897\/revisions\/38899"}],"wp:attachment":[{"href":"https:\/\/www.unica.edu.pe\/noticias\/wp-json\/wp\/v2\/media?parent=38897"}],"wp:term":[{"taxonomy":"category","embeddable":true,"href":"https:\/\/www.unica.edu.pe\/noticias\/wp-json\/wp\/v2\/categories?post=38897"},{"taxonomy":"post_tag","embeddable":true,"href":"https:\/\/www.unica.edu.pe\/noticias\/wp-json\/wp\/v2\/tags?post=38897"}],"curies":[{"name":"wp","href":"https:\/\/api.w.org\/{rel}","templated":true}]}}