{"id":38502,"date":"2025-08-07T15:56:00","date_gmt":"2025-08-07T20:56:00","guid":{"rendered":"https:\/\/www.unica.edu.pe\/noticias\/?p=38502"},"modified":"2025-08-08T08:05:54","modified_gmt":"2025-08-08T13:05:54","slug":"imagenes-de-la-ceremonia-de-nombramiento-al-personal-no-docente-de-la-unslg","status":"publish","type":"post","link":"https:\/\/www.unica.edu.pe\/noticias\/2025\/08\/07\/imagenes-de-la-ceremonia-de-nombramiento-al-personal-no-docente-de-la-unslg\/","title":{"rendered":"IM\u00c1GENES DE LA CEREMONIA DE NOMBRAMIENTO AL PERSONAL NO DOCENTE DE LA UNSLG"},"content":{"rendered":"\n<p><a href=\"https:\/\/www.facebook.com\/hashtag\/nombramiento?__eep__=6&amp;__cft__[0]=AZWIvMU5j7BDJfRqWafBrak7izoBe3tmYQ5howlk1d1JfQsI3G6w8lFH7lP3SVna7LifoOwa5HPWYZXh7w_KHM1IDzNDno9lOJOjz7it7OoLBAl96NDJB_kZtZIhBM-53WC_YmQIzbQ96iGGPi_zsbhhnOzGMdIISkjr6UUf_YY1zg&amp;__tn__=*NK-R\">#Nombramiento<\/a> | <img loading=\"lazy\" decoding=\"async\" height=\"16\" width=\"16\" alt=\"\ud83c\udf89\" src=\"https:\/\/static.xx.fbcdn.net\/images\/emoji.php\/v9\/t8c\/1\/16\/1f389.png\"> Ceremonia de nombramiento al personal no docente de la UNSLG <img loading=\"lazy\" decoding=\"async\" height=\"16\" width=\"16\" alt=\"\ud83c\udf89\" src=\"https:\/\/static.xx.fbcdn.net\/images\/emoji.php\/v9\/t8c\/1\/16\/1f389.png\"><\/p>\n\n\n\n<p>\u00a1Un <a><\/a>d\u00eda hist\u00f3rico para nuestra universidad! <img loading=\"lazy\" decoding=\"async\" height=\"16\" width=\"16\" alt=\"\ud83d\ude4c\" src=\"https:\/\/static.xx.fbcdn.net\/images\/emoji.php\/v9\/tfd\/1\/16\/1f64c.png\"><\/p>\n\n\n\n<p>Tras muchos a\u00f1os de espera, 38 trabajadores administrativos de la Universidad Nacional San Luis Gonzaga fueron nombrados oficialmente, logrando la tan esperada estabilidad laboral.<\/p>\n\n\n\n<p>La emotiva ceremonia se realiz\u00f3 en el Teatr\u00edn Abraham Valdelomar, con la presencia de nuestras autoridades:<\/p>\n\n\n\n<p><img loading=\"lazy\" decoding=\"async\" height=\"16\" width=\"16\" alt=\"\ud83d\udc68\u200d\ud83c\udfeb\" src=\"https:\/\/static.xx.fbcdn.net\/images\/emoji.php\/v9\/tb5\/1\/16\/1f468_200d_1f3eb.png\"> Rector: Dr. Dante Ferm\u00edn Calder\u00f3n Huaman\u00ed<\/p>\n\n\n\n<p><img loading=\"lazy\" decoding=\"async\" height=\"16\" width=\"16\" alt=\"\ud83d\udc68\u200d\ud83c\udfeb\" src=\"https:\/\/static.xx.fbcdn.net\/images\/emoji.php\/v9\/tb5\/1\/16\/1f468_200d_1f3eb.png\"> Vicerrector Acad\u00e9mico: Dr. Jos\u00e9 Ernesto Rojas Campos<\/p>\n\n\n\n<p><img loading=\"lazy\" decoding=\"async\" height=\"16\" width=\"16\" alt=\"\ud83d\udcbc\" src=\"https:\/\/static.xx.fbcdn.net\/images\/emoji.php\/v9\/td\/1\/16\/1f4bc.png\"> Jefe de Recursos Humanos: CPC Hugo Huaman\u00ed Ferrel<\/p>\n\n\n\n<p><img loading=\"lazy\" decoding=\"async\" height=\"16\" width=\"16\" alt=\"\ud83d\udc4f\" src=\"https:\/\/static.xx.fbcdn.net\/images\/emoji.php\/v9\/tfe\/1\/16\/1f44f.png\"> Este nombramiento reconoce el esfuerzo, compromiso y trayectoria de nuestros servidores, y representa el compromiso de esta gesti\u00f3n con el desarrollo y bienestar del trabajador universitario.<\/p>\n\n\n\n<p>\u00a1Felicidades a todos los nuevos nombrados! <img loading=\"lazy\" decoding=\"async\" height=\"16\" width=\"16\" alt=\"\ud83c\udf93\" src=\"https:\/\/static.xx.fbcdn.net\/images\/emoji.php\/v9\/t25\/1\/16\/1f393.png\"><img loading=\"lazy\" decoding=\"async\" height=\"16\" width=\"16\" alt=\"\ud83d\udcaa\" src=\"https:\/\/static.xx.fbcdn.net\/images\/emoji.php\/v9\/t6c\/1\/16\/1f4aa.png\"><\/p>\n\n\n\n<p><a href=\"https:\/\/www.facebook.com\/hashtag\/unslg?__eep__=6&amp;__cft__[0]=AZWIvMU5j7BDJfRqWafBrak7izoBe3tmYQ5howlk1d1JfQsI3G6w8lFH7lP3SVna7LifoOwa5HPWYZXh7w_KHM1IDzNDno9lOJOjz7it7OoLBAl96NDJB_kZtZIhBM-53WC_YmQIzbQ96iGGPi_zsbhhnOzGMdIISkjr6UUf_YY1zg&amp;__tn__=*NK-R\">#UNSLG<\/a><\/p>\n\n\n\n<p><a href=\"https:\/\/www.facebook.com\/hashtag\/nombramientounslg?__eep__=6&amp;__cft__[0]=AZWIvMU5j7BDJfRqWafBrak7izoBe3tmYQ5howlk1d1JfQsI3G6w8lFH7lP3SVna7LifoOwa5HPWYZXh7w_KHM1IDzNDno9lOJOjz7it7OoLBAl96NDJB_kZtZIhBM-53WC_YmQIzbQ96iGGPi_zsbhhnOzGMdIISkjr6UUf_YY1zg&amp;__tn__=*NK-R\">#NombramientoUNSLG<\/a><\/p>\n\n\n\n<p><a href=\"https:\/\/www.facebook.com\/hashtag\/reconocimientolaboral?__eep__=6&amp;__cft__[0]=AZWIvMU5j7BDJfRqWafBrak7izoBe3tmYQ5howlk1d1JfQsI3G6w8lFH7lP3SVna7LifoOwa5HPWYZXh7w_KHM1IDzNDno9lOJOjz7it7OoLBAl96NDJB_kZtZIhBM-53WC_YmQIzbQ96iGGPi_zsbhhnOzGMdIISkjr6UUf_YY1zg&amp;__tn__=*NK-R\">#ReconocimientoLaboral<\/a><\/p>\n\n\n\n<p><a href=\"https:\/\/www.facebook.com\/hashtag\/gesti%C3%B3nqueavanza?__eep__=6&amp;__cft__[0]=AZWIvMU5j7BDJfRqWafBrak7izoBe3tmYQ5howlk1d1JfQsI3G6w8lFH7lP3SVna7LifoOwa5HPWYZXh7w_KHM1IDzNDno9lOJOjz7it7OoLBAl96NDJB_kZtZIhBM-53WC_YmQIzbQ96iGGPi_zsbhhnOzGMdIISkjr6UUf_YY1zg&amp;__tn__=*NK-R\">#Gesti\u00f3nQueAvanza<\/a><\/p>\n\n\n\n<p><a href=\"https:\/\/www.facebook.com\/UnicaSLG\/posts\/pfbid0P7xMnMqzqJmFky8aue4GxU57ewVzz6ZewkLMWfmSxmS9ZLLKmKiY23bYej4NB6QMl\">https:\/\/www.facebook.com\/UnicaSLG\/posts\/pfbid0P7xMnMqzqJmFky8aue4GxU57ewVzz6ZewkLMWfmSxmS9ZLLKmKiY23bYej4NB6QMl<\/a><\/p>\n\n\n\n<figure class=\"wp-block-image size-full\"><img loading=\"lazy\" decoding=\"async\" width=\"691\" height=\"683\" src=\"https:\/\/www.unica.edu.pe\/noticias\/wp-content\/uploads\/2025\/08\/image-56.png\" alt=\"\" class=\"wp-image-38503\" srcset=\"https:\/\/www.unica.edu.pe\/noticias\/wp-content\/uploads\/2025\/08\/image-56.png 691w, https:\/\/www.unica.edu.pe\/noticias\/wp-content\/uploads\/2025\/08\/image-56-300x297.png 300w, https:\/\/www.unica.edu.pe\/noticias\/wp-content\/uploads\/2025\/08\/image-56-100x100.png 100w\" sizes=\"auto, (max-width: 691px) 100vw, 691px\" \/><\/figure>\n","protected":false},"excerpt":{"rendered":"<p>#Nombramiento | Ceremonia de nombramiento al personal no docente de la UNSLG \u00a1Un d\u00eda hist\u00f3rico para nuestra universidad! Tras muchos a\u00f1os de espera, 38 trabajadores administrativos de la Universidad Nacional San Luis Gonzaga fueron nombrados oficialmente, logrando la tan esperada estabilidad laboral. La emotiva ceremonia se realiz\u00f3 en el Teatr\u00edn Abraham Valdelomar, con la presencia &hellip; <\/p>\n<p class=\"link-more\"><a href=\"https:\/\/www.unica.edu.pe\/noticias\/2025\/08\/07\/imagenes-de-la-ceremonia-de-nombramiento-al-personal-no-docente-de-la-unslg\/\" class=\"more-link\">Continuar leyendo<span class=\"screen-reader-text\"> \u00abIM\u00c1GENES DE LA CEREMONIA DE NOMBRAMIENTO AL PERSONAL NO DOCENTE DE LA UNSLG\u00bb<\/span><\/a><\/p>\n","protected":false},"author":4,"featured_media":0,"comment_status":"closed","ping_status":"open","sticky":false,"template":"","format":"standard","meta":{"footnotes":""},"categories":[7],"tags":[],"class_list":["post-38502","post","type-post","status-publish","format-standard","hentry","category-noticias"],"_links":{"self":[{"href":"https:\/\/www.unica.edu.pe\/noticias\/wp-json\/wp\/v2\/posts\/38502","targetHints":{"allow":["GET"]}}],"collection":[{"href":"https:\/\/www.unica.edu.pe\/noticias\/wp-json\/wp\/v2\/posts"}],"about":[{"href":"https:\/\/www.unica.edu.pe\/noticias\/wp-json\/wp\/v2\/types\/post"}],"author":[{"embeddable":true,"href":"https:\/\/www.unica.edu.pe\/noticias\/wp-json\/wp\/v2\/users\/4"}],"replies":[{"embeddable":true,"href":"https:\/\/www.unica.edu.pe\/noticias\/wp-json\/wp\/v2\/comments?post=38502"}],"version-history":[{"count":1,"href":"https:\/\/www.unica.edu.pe\/noticias\/wp-json\/wp\/v2\/posts\/38502\/revisions"}],"predecessor-version":[{"id":38504,"href":"https:\/\/www.unica.edu.pe\/noticias\/wp-json\/wp\/v2\/posts\/38502\/revisions\/38504"}],"wp:attachment":[{"href":"https:\/\/www.unica.edu.pe\/noticias\/wp-json\/wp\/v2\/media?parent=38502"}],"wp:term":[{"taxonomy":"category","embeddable":true,"href":"https:\/\/www.unica.edu.pe\/noticias\/wp-json\/wp\/v2\/categories?post=38502"},{"taxonomy":"post_tag","embeddable":true,"href":"https:\/\/www.unica.edu.pe\/noticias\/wp-json\/wp\/v2\/tags?post=38502"}],"curies":[{"name":"wp","href":"https:\/\/api.w.org\/{rel}","templated":true}]}}