{"id":38496,"date":"2025-08-07T11:30:00","date_gmt":"2025-08-07T16:30:00","guid":{"rendered":"https:\/\/www.unica.edu.pe\/noticias\/?p=38496"},"modified":"2025-08-07T13:59:57","modified_gmt":"2025-08-07T18:59:57","slug":"invitacion-al-simposio-de-gestion-ambiental-y-riesgo-de-desastres","status":"publish","type":"post","link":"https:\/\/www.unica.edu.pe\/noticias\/2025\/08\/07\/invitacion-al-simposio-de-gestion-ambiental-y-riesgo-de-desastres\/","title":{"rendered":"INVITACI\u00d3N AL SIMPOSIO DE GESTI\u00d3N AMBIENTAL Y RIESGO DE DESASTRES"},"content":{"rendered":"\n<p><img loading=\"lazy\" decoding=\"async\" height=\"16\" width=\"16\" alt=\"\ud83c\udf0d\" src=\"https:\/\/static.xx.fbcdn.net\/images\/emoji.php\/v9\/t3f\/1\/16\/1f30d.png\"> Simposio de Gesti\u00f3n Ambiental y Riesgo de Desastres <img loading=\"lazy\" decoding=\"async\" height=\"16\" width=\"16\" alt=\"\ud83c\udf0d\" src=\"https:\/\/static.xx.fbcdn.net\/images\/emoji.php\/v9\/t3f\/1\/16\/1f30d.png\"><\/p>\n\n\n\n<p>En <a><\/a>el marco de la conmemoraci\u00f3n de los 17 a\u00f1os del devastador sismo que sacudi\u00f3 Ica el 15 de agosto de 2007, la Direcci\u00f3n de RSU, Proyecci\u00f3n Social y Extensi\u00f3n Cultural de la <a href=\"https:\/\/www.facebook.com\/UnicaSLG?__cft__[0]=AZXKSVPMzZtvbtrsbajS8nWMaDny_SIm8mV1YSLP5uBbUSEgegheuHdXDPczYF-dP7HxO-icgPPRKEraJsFYO9eKU6BdU9lhXdS_Dq4fxKu0ysxeSnYkE5I9ojLiTJclyMaocBndkQweM0RdYpjo2saTFCpq0J6gMwhSBAEWqfss0EY0S11ZkkEWakE00RuTvhw-g3mBxerdHFyExqvLFQad&amp;__tn__=-]K-y-R\">Universidad Nacional \u00abSan Luis Gonzaga\u00bb<\/a> tiene el honor de invitarle al Simposio \u201cGesti\u00f3n Ambiental y Riesgo de Desastre\u201d, un espacio de reflexi\u00f3n, aprendizaje y compromiso con la construcci\u00f3n de comunidades m\u00e1s resilientes y sostenibles.<\/p>\n\n\n\n<p>Este 08 y 09 de agosto, los esperamos en el Auditorio del Colegio de Ingenieros \u2013 Consejo Departamental Ica para ser parte del \u00abSimposio de Gesti\u00f3n Ambiental y Riesgo de Desastres\u00bb, un espacio acad\u00e9mico donde especialistas, docentes y estudiantes abordar\u00e1n temas clave para la prevenci\u00f3n, la resiliencia y la sostenibilidad.<\/p>\n\n\n\n<p><img loading=\"lazy\" decoding=\"async\" height=\"16\" width=\"16\" alt=\"\ud83c\udf31\" src=\"https:\/\/static.xx.fbcdn.net\/images\/emoji.php\/v9\/t69\/1\/16\/1f331.png\"> Porque la memoria tambi\u00e9n construye futuro, sigamos apostando por una cultura de prevenci\u00f3n y cuidado del planeta.<\/p>\n\n\n\n<p><a href=\"https:\/\/www.facebook.com\/hashtag\/gestionambiental?__eep__=6&amp;__cft__[0]=AZXKSVPMzZtvbtrsbajS8nWMaDny_SIm8mV1YSLP5uBbUSEgegheuHdXDPczYF-dP7HxO-icgPPRKEraJsFYO9eKU6BdU9lhXdS_Dq4fxKu0ysxeSnYkE5I9ojLiTJclyMaocBndkQweM0RdYpjo2saTFCpq0J6gMwhSBAEWqfss0EY0S11ZkkEWakE00RuTvhw-g3mBxerdHFyExqvLFQad&amp;__tn__=*NK-y-R\">#gestionambiental<\/a><a href=\"https:\/\/www.facebook.com\/hashtag\/unica?__eep__=6&amp;__cft__[0]=AZXKSVPMzZtvbtrsbajS8nWMaDny_SIm8mV1YSLP5uBbUSEgegheuHdXDPczYF-dP7HxO-icgPPRKEraJsFYO9eKU6BdU9lhXdS_Dq4fxKu0ysxeSnYkE5I9ojLiTJclyMaocBndkQweM0RdYpjo2saTFCpq0J6gMwhSBAEWqfss0EY0S11ZkkEWakE00RuTvhw-g3mBxerdHFyExqvLFQad&amp;__tn__=*NK-y-R\">#unica<\/a><a href=\"https:\/\/www.facebook.com\/hashtag\/riesgodedesastres?__eep__=6&amp;__cft__[0]=AZXKSVPMzZtvbtrsbajS8nWMaDny_SIm8mV1YSLP5uBbUSEgegheuHdXDPczYF-dP7HxO-icgPPRKEraJsFYO9eKU6BdU9lhXdS_Dq4fxKu0ysxeSnYkE5I9ojLiTJclyMaocBndkQweM0RdYpjo2saTFCpq0J6gMwhSBAEWqfss0EY0S11ZkkEWakE00RuTvhw-g3mBxerdHFyExqvLFQad&amp;__tn__=*NK-y-R\">#RiesgoDeDesastres<\/a><a href=\"https:\/\/www.facebook.com\/hashtag\/ambiente?__eep__=6&amp;__cft__[0]=AZXKSVPMzZtvbtrsbajS8nWMaDny_SIm8mV1YSLP5uBbUSEgegheuHdXDPczYF-dP7HxO-icgPPRKEraJsFYO9eKU6BdU9lhXdS_Dq4fxKu0ysxeSnYkE5I9ojLiTJclyMaocBndkQweM0RdYpjo2saTFCpq0J6gMwhSBAEWqfss0EY0S11ZkkEWakE00RuTvhw-g3mBxerdHFyExqvLFQad&amp;__tn__=*NK-y-R\">#ambiente<\/a><\/p>\n\n\n\n<figure class=\"wp-block-image size-full\"><img loading=\"lazy\" decoding=\"async\" width=\"509\" height=\"720\" src=\"https:\/\/www.unica.edu.pe\/noticias\/wp-content\/uploads\/2025\/08\/image-54.png\" alt=\"\" class=\"wp-image-38497\" srcset=\"https:\/\/www.unica.edu.pe\/noticias\/wp-content\/uploads\/2025\/08\/image-54.png 509w, https:\/\/www.unica.edu.pe\/noticias\/wp-content\/uploads\/2025\/08\/image-54-212x300.png 212w\" sizes=\"auto, (max-width: 509px) 100vw, 509px\" \/><\/figure>\n","protected":false},"excerpt":{"rendered":"<p>Simposio de Gesti\u00f3n Ambiental y Riesgo de Desastres En el marco de la conmemoraci\u00f3n de los 17 a\u00f1os del devastador sismo que sacudi\u00f3 Ica el 15 de agosto de 2007, la Direcci\u00f3n de RSU, Proyecci\u00f3n Social y Extensi\u00f3n Cultural de la Universidad Nacional \u00abSan Luis Gonzaga\u00bb tiene el honor de invitarle al Simposio \u201cGesti\u00f3n Ambiental &hellip; <\/p>\n<p class=\"link-more\"><a href=\"https:\/\/www.unica.edu.pe\/noticias\/2025\/08\/07\/invitacion-al-simposio-de-gestion-ambiental-y-riesgo-de-desastres\/\" class=\"more-link\">Continuar leyendo<span class=\"screen-reader-text\"> \u00abINVITACI\u00d3N AL SIMPOSIO DE GESTI\u00d3N AMBIENTAL Y RIESGO DE DESASTRES\u00bb<\/span><\/a><\/p>\n","protected":false},"author":4,"featured_media":0,"comment_status":"closed","ping_status":"open","sticky":false,"template":"","format":"standard","meta":{"footnotes":""},"categories":[7],"tags":[],"class_list":["post-38496","post","type-post","status-publish","format-standard","hentry","category-noticias"],"_links":{"self":[{"href":"https:\/\/www.unica.edu.pe\/noticias\/wp-json\/wp\/v2\/posts\/38496","targetHints":{"allow":["GET"]}}],"collection":[{"href":"https:\/\/www.unica.edu.pe\/noticias\/wp-json\/wp\/v2\/posts"}],"about":[{"href":"https:\/\/www.unica.edu.pe\/noticias\/wp-json\/wp\/v2\/types\/post"}],"author":[{"embeddable":true,"href":"https:\/\/www.unica.edu.pe\/noticias\/wp-json\/wp\/v2\/users\/4"}],"replies":[{"embeddable":true,"href":"https:\/\/www.unica.edu.pe\/noticias\/wp-json\/wp\/v2\/comments?post=38496"}],"version-history":[{"count":1,"href":"https:\/\/www.unica.edu.pe\/noticias\/wp-json\/wp\/v2\/posts\/38496\/revisions"}],"predecessor-version":[{"id":38498,"href":"https:\/\/www.unica.edu.pe\/noticias\/wp-json\/wp\/v2\/posts\/38496\/revisions\/38498"}],"wp:attachment":[{"href":"https:\/\/www.unica.edu.pe\/noticias\/wp-json\/wp\/v2\/media?parent=38496"}],"wp:term":[{"taxonomy":"category","embeddable":true,"href":"https:\/\/www.unica.edu.pe\/noticias\/wp-json\/wp\/v2\/categories?post=38496"},{"taxonomy":"post_tag","embeddable":true,"href":"https:\/\/www.unica.edu.pe\/noticias\/wp-json\/wp\/v2\/tags?post=38496"}],"curies":[{"name":"wp","href":"https:\/\/api.w.org\/{rel}","templated":true}]}}