{"id":38431,"date":"2025-08-04T15:32:00","date_gmt":"2025-08-04T20:32:00","guid":{"rendered":"https:\/\/www.unica.edu.pe\/noticias\/?p=38431"},"modified":"2025-08-05T12:53:49","modified_gmt":"2025-08-05T17:53:49","slug":"invitacion-al-rol-de-conferencias-de-la-facultad-de-ciencias-biologicas","status":"publish","type":"post","link":"https:\/\/www.unica.edu.pe\/noticias\/2025\/08\/04\/invitacion-al-rol-de-conferencias-de-la-facultad-de-ciencias-biologicas\/","title":{"rendered":"INVITACI\u00d3N AL ROL DE CONFERENCIAS DE LA FACULTAD DE CIENCIAS BIOL\u00d3GICAS"},"content":{"rendered":"\n<p><a href=\"https:\/\/www.facebook.com\/hashtag\/fbiologia?__eep__=6&amp;__cft__[0]=AZV9_gSqkhoO_MBLWR-Ctmkly__58iapv_5WVPgqTD5WF1kPKp4FW1mxXwk95DjTKP6xcHQkeIpVY23tOJc1FRjR7xNSGcj1ffoEb5-s3UGEzfntlEBXnNlSNTzgkLS7BLNljoGXebyqrHiGagrrH_Wj0DsEfRReBr3ZRy0poM0wdfaoHSYkORMWZtg0l5GVM3c&amp;__tn__=*NK-R\">#fbiologia<\/a> | La Facultad de Ciencias Biol\u00f3gicas de la Universidad Nacional San Luis Gonzaga, a trav\u00e9s de la Coordinadora de Responsabilidad Social Universitaria y <a><\/a>Proyecci\u00f3n Social de la Facultad, la BMblga. Marianella Hayde Salinas Fuentes \u2014docente de la asignatura de Microbiolog\u00eda y Micolog\u00eda\u2014 y los estudiantes del VI ciclo, secciones A y B, tienen el agrado de invitar a usted al Rol de Conferencias:<\/p>\n\n\n\n<p><img loading=\"lazy\" decoding=\"async\" height=\"16\" width=\"16\" alt=\"\ud83d\udd2c\" src=\"https:\/\/static.xx.fbcdn.net\/images\/emoji.php\/v9\/t7e\/1\/16\/1f52c.png\"> \u00abIdentificaci\u00f3n de bacterias mediante m\u00e9todos automatizados\u00bb<\/p>\n\n\n\n<p>Expositora: Blga. Cristina Ang\u00e9lica Araujo Inca<\/p>\n\n\n\n<p>(Laboratorio de Diagn\u00f3stico Microbiol\u00f3gico, Inmunol\u00f3gico, Hematol\u00f3gico y Bioqu\u00edmico \u2013 Hospital Regional de Ica)<\/p>\n\n\n\n<p><img loading=\"lazy\" decoding=\"async\" height=\"16\" width=\"16\" alt=\"\ud83e\uddeb\" src=\"https:\/\/static.xx.fbcdn.net\/images\/emoji.php\/v9\/tae\/1\/16\/1f9eb.png\"> \u00abIdentificaci\u00f3n de Mycobacterium tuberculosis mediante biolog\u00eda molecular\u00bb<\/p>\n\n\n\n<p>Expositora: Blga. Miriam Claudia Vicu\u00f1a Ram\u00edrez<\/p>\n\n\n\n<p>(Laboratorio de Referencia Regional de Salud P\u00fablica de Ica)<\/p>\n\n\n\n<p><img loading=\"lazy\" decoding=\"async\" height=\"16\" width=\"16\" alt=\"\ud83d\udcc5\" src=\"https:\/\/static.xx.fbcdn.net\/images\/emoji.php\/v9\/t7e\/1\/16\/1f4c5.png\"> Fecha: S\u00e1bado, 09 de agosto de 2025<\/p>\n\n\n\n<p><img loading=\"lazy\" decoding=\"async\" height=\"16\" width=\"16\" alt=\"\ud83d\udd58\" src=\"https:\/\/static.xx.fbcdn.net\/images\/emoji.php\/v9\/tb0\/1\/16\/1f558.png\"> Hora: 09:00 a.m.<\/p>\n\n\n\n<p><img loading=\"lazy\" decoding=\"async\" height=\"16\" width=\"16\" alt=\"\ud83d\udccd\" src=\"https:\/\/static.xx.fbcdn.net\/images\/emoji.php\/v9\/t2d\/1\/16\/1f4cd.png\"> Modalidad: Virtual<\/p>\n\n\n\n<p><img loading=\"lazy\" decoding=\"async\" height=\"16\" width=\"16\" alt=\"\ud83d\udd17\" src=\"https:\/\/static.xx.fbcdn.net\/images\/emoji.php\/v9\/tb3\/1\/16\/1f517.png\"> Inscripciones: <a href=\"https:\/\/l.facebook.com\/l.php?u=https%3A%2F%2Fdocs.google.com%2Fforms%2Fd%2Fe%2F1FAIpQLSd5cgmHrpjE4c4tLECL4aEWKKXnFEt0TC4SDUSWOX0hIr7YQg%2Fviewform%3Fusp%3Dheader%26fbclid%3DIwZXh0bgNhZW0CMTAAYnJpZBExRFZ5Qk01dk1yckh0VUU1QwEeyWAFWCIIYg_GxkIBYPQlpyfYIqQ7yAQnKnlUnrjUYRE72qBDya5ZTBSvZuE_aem_XbvcNJPTF56DU8Wqj6TUSQ&amp;h=AT2J2SvzgiqRefjUOv6zOwt7Uy5lLQjMtXJGFAMAwalrxkhC-cjyV7EDL3vRVEBHIipSFHFHOnBNeb960lX6956nXhI9tPdTcHyNe02SAG7wsYqonDnReZ0sBQ-IPttC194bkXRQ0vH6og&amp;__tn__=-UK-R&amp;c[0]=AT2kDeQ40LEHktXG9NOkeI0NHCsxwMSHcWEFXXh0Qz8e31PnYA3iWvclixG9fzV10Y7y0bTxo-gp2rxJUai6MWNyyOtruwJmST0q1a0ZrMEVuNUXAVg7DhqlssNfNHv7-gdzRo1xC-83ys-QOHm9IUpFr4xYjbuBMdkjMrT9XWnheugNnEwagwfFx4SnCKp1ISadW059tcR0b8ISk97u715f\" rel=\"noreferrer noopener\" target=\"_blank\">https:\/\/docs.google.com\/&#8230;\/1FAIpQLSd5cgmHrpj&#8230;\/viewform&#8230;<\/a><\/p>\n\n\n\n<p><img loading=\"lazy\" decoding=\"async\" height=\"16\" width=\"16\" alt=\"\ud83d\udd17\" src=\"https:\/\/static.xx.fbcdn.net\/images\/emoji.php\/v9\/tb3\/1\/16\/1f517.png\"> Ingreso al evento (Zoom):<\/p>\n\n\n\n<figure class=\"wp-block-embed\"><div class=\"wp-block-embed__wrapper\">\nhttps:\/\/us02web.zoom.us\/j\/85061393616\n<\/div><\/figure>\n\n\n\n<p><img loading=\"lazy\" decoding=\"async\" height=\"16\" width=\"16\" alt=\"\ud83c\udf93\" src=\"https:\/\/static.xx.fbcdn.net\/images\/emoji.php\/v9\/t25\/1\/16\/1f393.png\"> \u00a1Te esperamos!<\/p>\n\n\n\n<p>Se otorgar\u00e1 certificado de participaci\u00f3n a quienes asistan.<\/p>\n\n\n\n<figure class=\"wp-block-image size-full\"><img loading=\"lazy\" decoding=\"async\" width=\"509\" height=\"720\" src=\"https:\/\/www.unica.edu.pe\/noticias\/wp-content\/uploads\/2025\/08\/image-32.png\" alt=\"\" class=\"wp-image-38432\" srcset=\"https:\/\/www.unica.edu.pe\/noticias\/wp-content\/uploads\/2025\/08\/image-32.png 509w, https:\/\/www.unica.edu.pe\/noticias\/wp-content\/uploads\/2025\/08\/image-32-212x300.png 212w\" sizes=\"auto, (max-width: 509px) 100vw, 509px\" \/><\/figure>\n","protected":false},"excerpt":{"rendered":"<p>#fbiologia | La Facultad de Ciencias Biol\u00f3gicas de la Universidad Nacional San Luis Gonzaga, a trav\u00e9s de la Coordinadora de Responsabilidad Social Universitaria y Proyecci\u00f3n Social de la Facultad, la BMblga. Marianella Hayde Salinas Fuentes \u2014docente de la asignatura de Microbiolog\u00eda y Micolog\u00eda\u2014 y los estudiantes del VI ciclo, secciones A y B, tienen el &hellip; <\/p>\n<p class=\"link-more\"><a href=\"https:\/\/www.unica.edu.pe\/noticias\/2025\/08\/04\/invitacion-al-rol-de-conferencias-de-la-facultad-de-ciencias-biologicas\/\" class=\"more-link\">Continuar leyendo<span class=\"screen-reader-text\"> \u00abINVITACI\u00d3N AL ROL DE CONFERENCIAS DE LA FACULTAD DE CIENCIAS BIOL\u00d3GICAS\u00bb<\/span><\/a><\/p>\n","protected":false},"author":4,"featured_media":0,"comment_status":"closed","ping_status":"open","sticky":false,"template":"","format":"standard","meta":{"footnotes":""},"categories":[7],"tags":[],"class_list":["post-38431","post","type-post","status-publish","format-standard","hentry","category-noticias"],"_links":{"self":[{"href":"https:\/\/www.unica.edu.pe\/noticias\/wp-json\/wp\/v2\/posts\/38431","targetHints":{"allow":["GET"]}}],"collection":[{"href":"https:\/\/www.unica.edu.pe\/noticias\/wp-json\/wp\/v2\/posts"}],"about":[{"href":"https:\/\/www.unica.edu.pe\/noticias\/wp-json\/wp\/v2\/types\/post"}],"author":[{"embeddable":true,"href":"https:\/\/www.unica.edu.pe\/noticias\/wp-json\/wp\/v2\/users\/4"}],"replies":[{"embeddable":true,"href":"https:\/\/www.unica.edu.pe\/noticias\/wp-json\/wp\/v2\/comments?post=38431"}],"version-history":[{"count":1,"href":"https:\/\/www.unica.edu.pe\/noticias\/wp-json\/wp\/v2\/posts\/38431\/revisions"}],"predecessor-version":[{"id":38433,"href":"https:\/\/www.unica.edu.pe\/noticias\/wp-json\/wp\/v2\/posts\/38431\/revisions\/38433"}],"wp:attachment":[{"href":"https:\/\/www.unica.edu.pe\/noticias\/wp-json\/wp\/v2\/media?parent=38431"}],"wp:term":[{"taxonomy":"category","embeddable":true,"href":"https:\/\/www.unica.edu.pe\/noticias\/wp-json\/wp\/v2\/categories?post=38431"},{"taxonomy":"post_tag","embeddable":true,"href":"https:\/\/www.unica.edu.pe\/noticias\/wp-json\/wp\/v2\/tags?post=38431"}],"curies":[{"name":"wp","href":"https:\/\/api.w.org\/{rel}","templated":true}]}}