{"id":38428,"date":"2025-08-04T15:04:00","date_gmt":"2025-08-04T20:04:00","guid":{"rendered":"https:\/\/www.unica.edu.pe\/noticias\/?p=38428"},"modified":"2025-08-05T08:06:06","modified_gmt":"2025-08-05T13:06:06","slug":"imagenes-de-la-ceremonia-por-el-dia-del-juez-en-la-corte-superior-de-justicia-de-ica","status":"publish","type":"post","link":"https:\/\/www.unica.edu.pe\/noticias\/2025\/08\/04\/imagenes-de-la-ceremonia-por-el-dia-del-juez-en-la-corte-superior-de-justicia-de-ica\/","title":{"rendered":"IM\u00c1GENES DE LA CEREMONIA POR EL D\u00cdA DEL JUEZ EN LA CORTE SUPERIOR DE JUSTICIA DE ICA"},"content":{"rendered":"\n<p><a href=\"https:\/\/www.facebook.com\/hashtag\/d%C3%ADadeljuez?__eep__=6&amp;__cft__[0]=AZV2l9P7V4wa_oaam5RLq49bbKlwR0BF5N3i391IItMYQDrF8jr7TYXo6sxfqkIN5NMtYLYRwJbj4E_cUQr7F2uWhYARe_zsTEv5FyJo8LhFDzIUGDcSgnQNpMn7aYED7KzgaNuuIvlfNa6VRGYfAHM5-M1dYfR_iOJaWIWt7tIsQZ2NegeeVU5lZTSfxZ9ey5Q&amp;__tn__=*NK-R\">#D\u00edadelJuez<\/a> | Rector de la UNSLG particip\u00f3 en ceremonia por el D\u00eda del Juez en la Corte Superior de Justicia de Ica<\/p>\n\n\n\n<p><a><\/a>el Dr. Dante Ferm\u00edn Calder\u00f3n Huamani, rector de la Universidad Nacional San Luis Gonzaga participo de la ceremonia por el D\u00eda del Juez, realizada en horas de la ma\u00f1ana en la sede institucional de la Corte Superior de Justicia de Ica.<\/p>\n\n\n\n<p>En este acto protocolar, tambi\u00e9n participaron el congresista de la republica Dr. Ra\u00fal Huam\u00e1n Coronado, el gobernador regional, Abg. Jorge Hurtado Herrera, el alcalde de la Municipalidad Provincial de Ica, Ing. Carlos Reyes Roque, el alcalde distrital de Parcona, CPC. Lenin Cruces Cris\u00f3stomo, el jefe de RENIEC Ica Dr. Marco Antonio Garrido Bodero y otras autoridades invitadas.<\/p>\n\n\n\n<p>El acto inicio con el izamiento del Pabell\u00f3n Nacional y posteriormente la sesi\u00f3n solemne por el D\u00eda del Juez, el Dr. Calder\u00f3n Huamani expres\u00f3 su saludo institucional y reconocimiento a la importante labor que cumple el Poder Judicial en la consolidaci\u00f3n del Estado de Derecho y la defensa de la justicia en nuestro pa\u00eds.<\/p>\n\n\n\n<p>La presencia del rector reafirma el compromiso de la Universidad Nacional San Luis Gonzaga con las instituciones del sistema de justicia y con el fortalecimiento de los valores democr\u00e1ticos en la regi\u00f3n.<\/p>\n\n\n\n<p><a href=\"https:\/\/www.facebook.com\/PoderJudicialdeIca?__cft__[0]=AZV2l9P7V4wa_oaam5RLq49bbKlwR0BF5N3i391IItMYQDrF8jr7TYXo6sxfqkIN5NMtYLYRwJbj4E_cUQr7F2uWhYARe_zsTEv5FyJo8LhFDzIUGDcSgnQNpMn7aYED7KzgaNuuIvlfNa6VRGYfAHM5-M1dYfR_iOJaWIWt7tIsQZ2NegeeVU5lZTSfxZ9ey5Q&amp;__tn__=-]K-R\">Corte Superior de Justicia de Ica Oficial.<\/a><\/p>\n\n\n\n<p><a href=\"https:\/\/www.facebook.com\/UnicaSLG\/posts\/pfbid0iY25aMzsjdJuSLoAaPemkNFx3wUKu8r23WD2pV12MtsgCD4sYdnCiKgDn1RWpVSAl\">https:\/\/www.facebook.com\/UnicaSLG\/posts\/pfbid0iY25aMzsjdJuSLoAaPemkNFx3wUKu8r23WD2pV12MtsgCD4sYdnCiKgDn1RWpVSAl<\/a><\/p>\n\n\n\n<figure class=\"wp-block-image size-full\"><img loading=\"lazy\" decoding=\"async\" width=\"683\" height=\"684\" src=\"https:\/\/www.unica.edu.pe\/noticias\/wp-content\/uploads\/2025\/08\/image-31.png\" alt=\"\" class=\"wp-image-38429\" srcset=\"https:\/\/www.unica.edu.pe\/noticias\/wp-content\/uploads\/2025\/08\/image-31.png 683w, https:\/\/www.unica.edu.pe\/noticias\/wp-content\/uploads\/2025\/08\/image-31-300x300.png 300w, https:\/\/www.unica.edu.pe\/noticias\/wp-content\/uploads\/2025\/08\/image-31-150x150.png 150w, https:\/\/www.unica.edu.pe\/noticias\/wp-content\/uploads\/2025\/08\/image-31-100x100.png 100w\" sizes=\"auto, (max-width: 683px) 100vw, 683px\" \/><\/figure>\n","protected":false},"excerpt":{"rendered":"<p>#D\u00edadelJuez | Rector de la UNSLG particip\u00f3 en ceremonia por el D\u00eda del Juez en la Corte Superior de Justicia de Ica el Dr. Dante Ferm\u00edn Calder\u00f3n Huamani, rector de la Universidad Nacional San Luis Gonzaga participo de la ceremonia por el D\u00eda del Juez, realizada en horas de la ma\u00f1ana en la sede institucional &hellip; <\/p>\n<p class=\"link-more\"><a href=\"https:\/\/www.unica.edu.pe\/noticias\/2025\/08\/04\/imagenes-de-la-ceremonia-por-el-dia-del-juez-en-la-corte-superior-de-justicia-de-ica\/\" class=\"more-link\">Continuar leyendo<span class=\"screen-reader-text\"> \u00abIM\u00c1GENES DE LA CEREMONIA POR EL D\u00cdA DEL JUEZ EN LA CORTE SUPERIOR DE JUSTICIA DE ICA\u00bb<\/span><\/a><\/p>\n","protected":false},"author":4,"featured_media":0,"comment_status":"closed","ping_status":"open","sticky":false,"template":"","format":"standard","meta":{"footnotes":""},"categories":[7],"tags":[],"class_list":["post-38428","post","type-post","status-publish","format-standard","hentry","category-noticias"],"_links":{"self":[{"href":"https:\/\/www.unica.edu.pe\/noticias\/wp-json\/wp\/v2\/posts\/38428","targetHints":{"allow":["GET"]}}],"collection":[{"href":"https:\/\/www.unica.edu.pe\/noticias\/wp-json\/wp\/v2\/posts"}],"about":[{"href":"https:\/\/www.unica.edu.pe\/noticias\/wp-json\/wp\/v2\/types\/post"}],"author":[{"embeddable":true,"href":"https:\/\/www.unica.edu.pe\/noticias\/wp-json\/wp\/v2\/users\/4"}],"replies":[{"embeddable":true,"href":"https:\/\/www.unica.edu.pe\/noticias\/wp-json\/wp\/v2\/comments?post=38428"}],"version-history":[{"count":1,"href":"https:\/\/www.unica.edu.pe\/noticias\/wp-json\/wp\/v2\/posts\/38428\/revisions"}],"predecessor-version":[{"id":38430,"href":"https:\/\/www.unica.edu.pe\/noticias\/wp-json\/wp\/v2\/posts\/38428\/revisions\/38430"}],"wp:attachment":[{"href":"https:\/\/www.unica.edu.pe\/noticias\/wp-json\/wp\/v2\/media?parent=38428"}],"wp:term":[{"taxonomy":"category","embeddable":true,"href":"https:\/\/www.unica.edu.pe\/noticias\/wp-json\/wp\/v2\/categories?post=38428"},{"taxonomy":"post_tag","embeddable":true,"href":"https:\/\/www.unica.edu.pe\/noticias\/wp-json\/wp\/v2\/tags?post=38428"}],"curies":[{"name":"wp","href":"https:\/\/api.w.org\/{rel}","templated":true}]}}