{"id":37953,"date":"2025-07-21T12:34:00","date_gmt":"2025-07-21T17:34:00","guid":{"rendered":"https:\/\/www.unica.edu.pe\/noticias\/?p=37953"},"modified":"2025-07-22T10:01:55","modified_gmt":"2025-07-22T15:01:55","slug":"postula-a-la-facultad-de-ciencias-de-la-educacion-y-humanidades-3","status":"publish","type":"post","link":"https:\/\/www.unica.edu.pe\/noticias\/2025\/07\/21\/postula-a-la-facultad-de-ciencias-de-la-educacion-y-humanidades-3\/","title":{"rendered":"POSTULA A LA FACULTAD DE CIENCIAS DE LA EDUCACI\u00d3N  Y HUMANIDADES"},"content":{"rendered":"\n<p>\ud83d\udc67\ud83d\udcda Educar es sembrar futuro<\/p>\n\n\n\n<p>En la Facultad de Ciencias de la Educaci\u00f3n y Humanidades de la UNICA, formamos docentes con vocaci\u00f3n, empat\u00eda y compromiso<\/p>\n\n\n\n<p>Si crees en el poder de la educaci\u00f3n para transformar vidas desde la infancia, aqu\u00ed comienza tu camino<\/p>\n\n\n\n<p>\ud83d\udc9b Inspira, acompa\u00f1a y deja huella<\/p>\n\n\n\n<p>\ud83d\udcf2 Escr\u00edbenos al 903 496 461 &#8211; UNICA te orienta<\/p>\n\n\n\n<p><a href=\"https:\/\/www.facebook.com\/watch\/hashtag\/educaci%C3%B3ninicialunica?__eep__=6%2F&amp;__tn__=K\" target=\"_blank\" rel=\"noreferrer noopener\">#Educaci\u00f3nInicialUNICA<\/a><a href=\"https:\/\/www.facebook.com\/watch\/hashtag\/vocaci%C3%B3nquetransforma?__eep__=6%2F&amp;__tn__=K\" target=\"_blank\" rel=\"noreferrer noopener\">#Vocaci\u00f3nQueTransforma<\/a><a href=\"https:\/\/www.facebook.com\/watch\/hashtag\/postulaunica?__eep__=6%2F&amp;__tn__=K\" target=\"_blank\" rel=\"noreferrer noopener\">#PostulaUNICA<\/a><a href=\"https:\/\/www.facebook.com\/watch\/hashtag\/unicateorienta?__eep__=6%2F&amp;__tn__=K\" target=\"_blank\" rel=\"noreferrer noopener\">#UNICAteOrienta<\/a><a href=\"https:\/\/www.facebook.com\/watch\/hashtag\/universidadnacionalsanluisgonzaga?__eep__=6%2F&amp;__tn__=K\" target=\"_blank\" rel=\"noreferrer noopener\">#UniversidadNacionalSanLuisGonzaga<\/a><a href=\"https:\/\/www.facebook.com\/watch\/hashtag\/ica?__eep__=6%2F&amp;__tn__=K\" target=\"_blank\" rel=\"noreferrer noopener\">#Ica<\/a><a href=\"https:\/\/www.facebook.com\/watch\/hashtag\/postulaya?__eep__=6%2F&amp;__tn__=K\" target=\"_blank\" rel=\"noreferrer noopener\">#Postulaya<\/a><a href=\"https:\/\/www.facebook.com\/watch\/hashtag\/inscr%C3%ADbeteya?__eep__=6%2F&amp;__tn__=K\" target=\"_blank\" rel=\"noreferrer noopener\">#Inscr\u00edbeteya<\/a><a href=\"https:\/\/www.facebook.com\/watch\/hashtag\/examendeadmisi%C3%B3n2025?__eep__=6%2F&amp;__tn__=K\" target=\"_blank\" rel=\"noreferrer noopener\">#ExamendeAdmisi\u00f3n2025<\/a><\/p>\n\n\n\n<figure class=\"wp-block-image size-full\"><img loading=\"lazy\" decoding=\"async\" width=\"500\" height=\"890\" src=\"https:\/\/www.unica.edu.pe\/noticias\/wp-content\/uploads\/2025\/07\/image-217.png\" alt=\"\" class=\"wp-image-37954\" srcset=\"https:\/\/www.unica.edu.pe\/noticias\/wp-content\/uploads\/2025\/07\/image-217.png 500w, https:\/\/www.unica.edu.pe\/noticias\/wp-content\/uploads\/2025\/07\/image-217-169x300.png 169w\" sizes=\"auto, (max-width: 500px) 100vw, 500px\" \/><\/figure>\n","protected":false},"excerpt":{"rendered":"<p>\ud83d\udc67\ud83d\udcda Educar es sembrar futuro En la Facultad de Ciencias de la Educaci\u00f3n y Humanidades de la UNICA, formamos docentes con vocaci\u00f3n, empat\u00eda y compromiso Si crees en el poder de la educaci\u00f3n para transformar vidas desde la infancia, aqu\u00ed comienza tu camino \ud83d\udc9b Inspira, acompa\u00f1a y deja huella \ud83d\udcf2 Escr\u00edbenos al 903 496 461 &hellip; <\/p>\n<p class=\"link-more\"><a href=\"https:\/\/www.unica.edu.pe\/noticias\/2025\/07\/21\/postula-a-la-facultad-de-ciencias-de-la-educacion-y-humanidades-3\/\" class=\"more-link\">Continuar leyendo<span class=\"screen-reader-text\"> \u00abPOSTULA A LA FACULTAD DE CIENCIAS DE LA EDUCACI\u00d3N  Y HUMANIDADES\u00bb<\/span><\/a><\/p>\n","protected":false},"author":4,"featured_media":0,"comment_status":"closed","ping_status":"open","sticky":false,"template":"","format":"standard","meta":{"footnotes":""},"categories":[23],"tags":[],"class_list":["post-37953","post","type-post","status-publish","format-standard","hentry","category-ceca-comision-ejecutiva-central-de-admision"],"_links":{"self":[{"href":"https:\/\/www.unica.edu.pe\/noticias\/wp-json\/wp\/v2\/posts\/37953","targetHints":{"allow":["GET"]}}],"collection":[{"href":"https:\/\/www.unica.edu.pe\/noticias\/wp-json\/wp\/v2\/posts"}],"about":[{"href":"https:\/\/www.unica.edu.pe\/noticias\/wp-json\/wp\/v2\/types\/post"}],"author":[{"embeddable":true,"href":"https:\/\/www.unica.edu.pe\/noticias\/wp-json\/wp\/v2\/users\/4"}],"replies":[{"embeddable":true,"href":"https:\/\/www.unica.edu.pe\/noticias\/wp-json\/wp\/v2\/comments?post=37953"}],"version-history":[{"count":1,"href":"https:\/\/www.unica.edu.pe\/noticias\/wp-json\/wp\/v2\/posts\/37953\/revisions"}],"predecessor-version":[{"id":37955,"href":"https:\/\/www.unica.edu.pe\/noticias\/wp-json\/wp\/v2\/posts\/37953\/revisions\/37955"}],"wp:attachment":[{"href":"https:\/\/www.unica.edu.pe\/noticias\/wp-json\/wp\/v2\/media?parent=37953"}],"wp:term":[{"taxonomy":"category","embeddable":true,"href":"https:\/\/www.unica.edu.pe\/noticias\/wp-json\/wp\/v2\/categories?post=37953"},{"taxonomy":"post_tag","embeddable":true,"href":"https:\/\/www.unica.edu.pe\/noticias\/wp-json\/wp\/v2\/tags?post=37953"}],"curies":[{"name":"wp","href":"https:\/\/api.w.org\/{rel}","templated":true}]}}