{"id":37937,"date":"2025-07-21T11:03:00","date_gmt":"2025-07-21T16:03:00","guid":{"rendered":"https:\/\/www.unica.edu.pe\/noticias\/?p=37937"},"modified":"2025-07-22T09:43:28","modified_gmt":"2025-07-22T14:43:28","slug":"imagenes-de-la-capacitacion-para-el-examen-de-admision-2025-i","status":"publish","type":"post","link":"https:\/\/www.unica.edu.pe\/noticias\/2025\/07\/21\/imagenes-de-la-capacitacion-para-el-examen-de-admision-2025-i\/","title":{"rendered":"IM\u00c1GENES DE LA CAPACITACI\u00d3N PARA EL EXAMEN DE ADMISI\u00d3N 2025-I"},"content":{"rendered":"\n<p><img loading=\"lazy\" decoding=\"async\" height=\"16\" width=\"16\" alt=\"\ud83c\udf93\" src=\"https:\/\/static.xx.fbcdn.net\/images\/emoji.php\/v9\/t25\/1\/16\/1f393.png\"> Capacitaci\u00f3n para el Examen de Admisi\u00f3n 2025-I<\/p>\n\n\n\n<p><img loading=\"lazy\" decoding=\"async\" height=\"16\" width=\"16\" alt=\"\ud83d\udcc5\" src=\"https:\/\/static.xx.fbcdn.net\/images\/emoji.php\/v9\/t7e\/1\/16\/1f4c5.png\"> Hoy, 21 de julio<\/p>\n\n\n\n<p>La <a><\/a>Universidad Nacional San Luis Gonzaga, a trav\u00e9s de la Comisi\u00f3n de Admisi\u00f3n, llev\u00f3 a cabo una importante capacitaci\u00f3n dirigida a los docentes y trabajadores que estar\u00e1n colaborando como parte del equipo de supervisi\u00f3n durante el Examen de Admisi\u00f3n que se realizar\u00e1 este 26 de julio.<\/p>\n\n\n\n<p>El objetivo de esta jornada fue garantizar una adecuada organizaci\u00f3n y el cumplimiento de los protocolos establecidos, asegurando un proceso transparente, ordenado y eficiente para nuestros postulantes.<\/p>\n\n\n\n<p>Durante la actividad, el presidente de la Comisi\u00f3n de Admisi\u00f3n, Dr. Epifanio Licas Huaman\u00ed, brind\u00f3 palabras de motivaci\u00f3n y resalt\u00f3 el compromiso institucional con una admisi\u00f3n justa y segura.<\/p>\n\n\n\n<p><img loading=\"lazy\" decoding=\"async\" height=\"16\" width=\"16\" alt=\"\ud83d\udd35\" src=\"https:\/\/static.xx.fbcdn.net\/images\/emoji.php\/v9\/tef\/1\/16\/1f535.png\"> \u00a1Gracias a todos por sumar esfuerzos en este proceso tan importante para el futuro de nuestros estudiantes!<\/p>\n\n\n\n<p><a href=\"https:\/\/www.facebook.com\/hashtag\/unslg?__eep__=6&amp;__cft__[0]=AZUCHa4GVstSYjZKiUZ8gAF-aCYkQx0FlV-e5c9ErDvoOBNJjPK7NYS3LOK6R1Akee5CCTxQAEQKDXpkq01gJByjeHjDW6BulfFHqJELYcbrBBSaS31LP8gCwlfNUED__w8kWDN3i_no-ZGrAeWGJN0qoFaTBzvqyMnmExAvadDWjTJ3UTPTyIa2RwNtdN7fmbw&amp;__tn__=*NK-R\">#UNSLG<\/a><a href=\"https:\/\/www.facebook.com\/hashtag\/admisi%C3%B3n2025?__eep__=6&amp;__cft__[0]=AZUCHa4GVstSYjZKiUZ8gAF-aCYkQx0FlV-e5c9ErDvoOBNJjPK7NYS3LOK6R1Akee5CCTxQAEQKDXpkq01gJByjeHjDW6BulfFHqJELYcbrBBSaS31LP8gCwlfNUED__w8kWDN3i_no-ZGrAeWGJN0qoFaTBzvqyMnmExAvadDWjTJ3UTPTyIa2RwNtdN7fmbw&amp;__tn__=*NK-R\">#Admisi\u00f3n2025<\/a><\/p>\n\n\n\n<p><a href=\"https:\/\/www.facebook.com\/UnicaSLG\/posts\/pfbid02uD1iaPnPMJdpczeTXo4n9bMgfeEkdoLZb6gxzFAiXGvNx5FPDm1u8h66a2TcMjGil\">https:\/\/www.facebook.com\/UnicaSLG\/posts\/pfbid02uD1iaPnPMJdpczeTXo4n9bMgfeEkdoLZb6gxzFAiXGvNx5FPDm1u8h66a2TcMjGil<\/a><\/p>\n\n\n\n<figure class=\"wp-block-image size-full\"><img loading=\"lazy\" decoding=\"async\" width=\"687\" height=\"681\" src=\"https:\/\/www.unica.edu.pe\/noticias\/wp-content\/uploads\/2025\/07\/image-212.png\" alt=\"\" class=\"wp-image-37938\" srcset=\"https:\/\/www.unica.edu.pe\/noticias\/wp-content\/uploads\/2025\/07\/image-212.png 687w, https:\/\/www.unica.edu.pe\/noticias\/wp-content\/uploads\/2025\/07\/image-212-300x297.png 300w, https:\/\/www.unica.edu.pe\/noticias\/wp-content\/uploads\/2025\/07\/image-212-150x150.png 150w, https:\/\/www.unica.edu.pe\/noticias\/wp-content\/uploads\/2025\/07\/image-212-100x100.png 100w\" sizes=\"auto, (max-width: 687px) 100vw, 687px\" \/><\/figure>\n","protected":false},"excerpt":{"rendered":"<p>Capacitaci\u00f3n para el Examen de Admisi\u00f3n 2025-I Hoy, 21 de julio La Universidad Nacional San Luis Gonzaga, a trav\u00e9s de la Comisi\u00f3n de Admisi\u00f3n, llev\u00f3 a cabo una importante capacitaci\u00f3n dirigida a los docentes y trabajadores que estar\u00e1n colaborando como parte del equipo de supervisi\u00f3n durante el Examen de Admisi\u00f3n que se realizar\u00e1 este 26 &hellip; <\/p>\n<p class=\"link-more\"><a href=\"https:\/\/www.unica.edu.pe\/noticias\/2025\/07\/21\/imagenes-de-la-capacitacion-para-el-examen-de-admision-2025-i\/\" class=\"more-link\">Continuar leyendo<span class=\"screen-reader-text\"> \u00abIM\u00c1GENES DE LA CAPACITACI\u00d3N PARA EL EXAMEN DE ADMISI\u00d3N 2025-I\u00bb<\/span><\/a><\/p>\n","protected":false},"author":4,"featured_media":0,"comment_status":"closed","ping_status":"open","sticky":false,"template":"","format":"standard","meta":{"footnotes":""},"categories":[23],"tags":[],"class_list":["post-37937","post","type-post","status-publish","format-standard","hentry","category-ceca-comision-ejecutiva-central-de-admision"],"_links":{"self":[{"href":"https:\/\/www.unica.edu.pe\/noticias\/wp-json\/wp\/v2\/posts\/37937","targetHints":{"allow":["GET"]}}],"collection":[{"href":"https:\/\/www.unica.edu.pe\/noticias\/wp-json\/wp\/v2\/posts"}],"about":[{"href":"https:\/\/www.unica.edu.pe\/noticias\/wp-json\/wp\/v2\/types\/post"}],"author":[{"embeddable":true,"href":"https:\/\/www.unica.edu.pe\/noticias\/wp-json\/wp\/v2\/users\/4"}],"replies":[{"embeddable":true,"href":"https:\/\/www.unica.edu.pe\/noticias\/wp-json\/wp\/v2\/comments?post=37937"}],"version-history":[{"count":2,"href":"https:\/\/www.unica.edu.pe\/noticias\/wp-json\/wp\/v2\/posts\/37937\/revisions"}],"predecessor-version":[{"id":37940,"href":"https:\/\/www.unica.edu.pe\/noticias\/wp-json\/wp\/v2\/posts\/37937\/revisions\/37940"}],"wp:attachment":[{"href":"https:\/\/www.unica.edu.pe\/noticias\/wp-json\/wp\/v2\/media?parent=37937"}],"wp:term":[{"taxonomy":"category","embeddable":true,"href":"https:\/\/www.unica.edu.pe\/noticias\/wp-json\/wp\/v2\/categories?post=37937"},{"taxonomy":"post_tag","embeddable":true,"href":"https:\/\/www.unica.edu.pe\/noticias\/wp-json\/wp\/v2\/tags?post=37937"}],"curies":[{"name":"wp","href":"https:\/\/api.w.org\/{rel}","templated":true}]}}