{"id":37931,"date":"2025-07-21T10:10:00","date_gmt":"2025-07-21T15:10:00","guid":{"rendered":"https:\/\/www.unica.edu.pe\/noticias\/?p=37931"},"modified":"2025-07-22T09:40:04","modified_gmt":"2025-07-22T14:40:04","slug":"capacitacion-de-docentes-comision-ejecutiva-central-de-admision-2025-i","status":"publish","type":"post","link":"https:\/\/www.unica.edu.pe\/noticias\/2025\/07\/21\/capacitacion-de-docentes-comision-ejecutiva-central-de-admision-2025-i\/","title":{"rendered":"CAPACITACI\u00d3N DE DOCENTES COMISI\u00d3N EJECUTIVA CENTRAL DE ADMISI\u00d3N 2025-I"},"content":{"rendered":"\n<p><a href=\"https:\/\/www.facebook.com\/hashtag\/ceca?__eep__=6&amp;__cft__[0]=AZVVqk8bA6kpmehGeuwXqEA8mIbZ0rVK8l9L5LpEsHv_xigmebjSlaoNXSktJ5bWx243HOEe-tqwBMhJrZFVdzFTr3lLUHe9GdD7qZ8HkCzkb9KIPDDsFP11zV93QsR1RFROl7tPnEJdqaMOsRnoB4-vvLxKFhCBa6-Ui1GxLIevwLQAuEcuil38L2q_j54wS8wwcrXYdcYTiiG1MSrrjlFf&amp;__tn__=*NK-R\">#CECA<\/a>-2025 I |Comisi\u00f3n Ejecutiva Central de Admisi\u00f3n 2025 &#8211; I, Capacitaci\u00f3n de Docentes.<\/p>\n\n\n\n<p><a href=\"https:\/\/www.facebook.com\/UnicaSLG\/videos\/1498706764786849\">https:\/\/www.facebook.com\/UnicaSLG\/videos\/1498706764786849<\/a><\/p>\n\n\n\n<figure class=\"wp-block-image size-full\"><img loading=\"lazy\" decoding=\"async\" width=\"682\" height=\"385\" src=\"https:\/\/www.unica.edu.pe\/noticias\/wp-content\/uploads\/2025\/07\/image-210.png\" alt=\"\" class=\"wp-image-37932\" srcset=\"https:\/\/www.unica.edu.pe\/noticias\/wp-content\/uploads\/2025\/07\/image-210.png 682w, https:\/\/www.unica.edu.pe\/noticias\/wp-content\/uploads\/2025\/07\/image-210-300x169.png 300w\" sizes=\"auto, (max-width: 682px) 100vw, 682px\" \/><\/figure>\n","protected":false},"excerpt":{"rendered":"<p>#CECA-2025 I |Comisi\u00f3n Ejecutiva Central de Admisi\u00f3n 2025 &#8211; I, Capacitaci\u00f3n de Docentes. https:\/\/www.facebook.com\/UnicaSLG\/videos\/1498706764786849<\/p>\n","protected":false},"author":4,"featured_media":0,"comment_status":"closed","ping_status":"open","sticky":false,"template":"","format":"standard","meta":{"footnotes":""},"categories":[28],"tags":[],"class_list":["post-37931","post","type-post","status-publish","format-standard","hentry","category-transmisiones-en-vivo"],"_links":{"self":[{"href":"https:\/\/www.unica.edu.pe\/noticias\/wp-json\/wp\/v2\/posts\/37931","targetHints":{"allow":["GET"]}}],"collection":[{"href":"https:\/\/www.unica.edu.pe\/noticias\/wp-json\/wp\/v2\/posts"}],"about":[{"href":"https:\/\/www.unica.edu.pe\/noticias\/wp-json\/wp\/v2\/types\/post"}],"author":[{"embeddable":true,"href":"https:\/\/www.unica.edu.pe\/noticias\/wp-json\/wp\/v2\/users\/4"}],"replies":[{"embeddable":true,"href":"https:\/\/www.unica.edu.pe\/noticias\/wp-json\/wp\/v2\/comments?post=37931"}],"version-history":[{"count":1,"href":"https:\/\/www.unica.edu.pe\/noticias\/wp-json\/wp\/v2\/posts\/37931\/revisions"}],"predecessor-version":[{"id":37933,"href":"https:\/\/www.unica.edu.pe\/noticias\/wp-json\/wp\/v2\/posts\/37931\/revisions\/37933"}],"wp:attachment":[{"href":"https:\/\/www.unica.edu.pe\/noticias\/wp-json\/wp\/v2\/media?parent=37931"}],"wp:term":[{"taxonomy":"category","embeddable":true,"href":"https:\/\/www.unica.edu.pe\/noticias\/wp-json\/wp\/v2\/categories?post=37931"},{"taxonomy":"post_tag","embeddable":true,"href":"https:\/\/www.unica.edu.pe\/noticias\/wp-json\/wp\/v2\/tags?post=37931"}],"curies":[{"name":"wp","href":"https:\/\/api.w.org\/{rel}","templated":true}]}}