{"id":37820,"date":"2025-07-18T19:00:00","date_gmt":"2025-07-19T00:00:00","guid":{"rendered":"https:\/\/www.unica.edu.pe\/noticias\/?p=37820"},"modified":"2025-07-21T10:46:19","modified_gmt":"2025-07-21T15:46:19","slug":"vri-expresa-su-felicitaciones-al-concurso-exhibicion-y-venta-de-pinturas-creadas-por-personas-emprendedoras-con-discapacidad","status":"publish","type":"post","link":"https:\/\/www.unica.edu.pe\/noticias\/2025\/07\/18\/vri-expresa-su-felicitaciones-al-concurso-exhibicion-y-venta-de-pinturas-creadas-por-personas-emprendedoras-con-discapacidad\/","title":{"rendered":"VRI | EXPRESA SU FELICITACIONES AL CONCURSO, EXHIBICI\u00d3N Y VENTA DE PINTURAS CREADAS POR PERSONAS EMPRENDEDORAS CON DISCAPACIDAD."},"content":{"rendered":"\n<p><img loading=\"lazy\" decoding=\"async\" height=\"16\" width=\"16\" alt=\"\ud83c\udfa8\" src=\"https:\/\/static.xx.fbcdn.net\/images\/emoji.php\/v9\/t82\/1\/16\/1f3a8.png\"><img loading=\"lazy\" decoding=\"async\" height=\"16\" width=\"16\" alt=\"\u2728\" src=\"https:\/\/static.xx.fbcdn.net\/images\/emoji.php\/v9\/tf4\/1\/16\/2728.png\"> El talento no tiene l\u00edmites: STACHMAD 2025<\/p>\n\n\n\n<p>Desde el Vicerrectorado de Investigaci\u00f3n, celebramos la realizaci\u00f3n del STACHMAD, un valioso espacio de concurso, <a><\/a>exhibici\u00f3n y venta de pinturas creadas por personas emprendedoras con discapacidad.<\/p>\n\n\n\n<p>Nuestro director del Instituto de Investigaci\u00f3n, Dr. Jorge Garc\u00eda Ceccarelli, particip\u00f3 como jurado calificador en representaci\u00f3n del Rector de nuestra universidad, reafirmando el compromiso institucional con la inclusi\u00f3n, el arte y el emprendimiento.<\/p>\n\n\n\n<p>Esta emotiva jornada cont\u00f3 con el respaldo de la Facultad de Ingenier\u00eda Qu\u00edmica y Petroqu\u00edmica, representada por su decano, el Dr. Rosalio Cusi, as\u00ed como de destacadas autoridades de EsSalud y otras instituciones aliadas que hicieron posible esta iniciativa.<\/p>\n\n\n\n<p>Felicitamos a cada persona participante por compartir su talento y creatividad, y agradecemos a quienes apuestan por construir una sociedad m\u00e1s inclusiva.<\/p>\n\n\n\n<p><a href=\"https:\/\/www.facebook.com\/hashtag\/vriunica?__eep__=6&amp;__cft__[0]=AZWDvCdlqStY-ne-ZI_JXvqO2mUtvEhXyLJxTBA-2W0TViaY9stDoAPJGdyhMv6SVXqSeoC2EgIYEx2I0zfPbE1LO0cMHJWBJxmQ-QqARB-nYKahth04BefZskuAPDPaRXDCtmC_P6aA6G6PAmoD8Eus0bKP2ukEDq9PAJnv9UzVqWur6n9IjSsxKd8epshw3EcdXionEjpvXw0_RQIVSmKq&amp;__tn__=*NK-y-R\">#VRIUnica<\/a><a href=\"https:\/\/www.facebook.com\/hashtag\/investigaci%C3%B3nconimpacto?__eep__=6&amp;__cft__[0]=AZWDvCdlqStY-ne-ZI_JXvqO2mUtvEhXyLJxTBA-2W0TViaY9stDoAPJGdyhMv6SVXqSeoC2EgIYEx2I0zfPbE1LO0cMHJWBJxmQ-QqARB-nYKahth04BefZskuAPDPaRXDCtmC_P6aA6G6PAmoD8Eus0bKP2ukEDq9PAJnv9UzVqWur6n9IjSsxKd8epshw3EcdXionEjpvXw0_RQIVSmKq&amp;__tn__=*NK-y-R\">#Investigaci\u00f3nConImpacto<\/a><a href=\"https:\/\/www.facebook.com\/hashtag\/stachmad2025?__eep__=6&amp;__cft__[0]=AZWDvCdlqStY-ne-ZI_JXvqO2mUtvEhXyLJxTBA-2W0TViaY9stDoAPJGdyhMv6SVXqSeoC2EgIYEx2I0zfPbE1LO0cMHJWBJxmQ-QqARB-nYKahth04BefZskuAPDPaRXDCtmC_P6aA6G6PAmoD8Eus0bKP2ukEDq9PAJnv9UzVqWur6n9IjSsxKd8epshw3EcdXionEjpvXw0_RQIVSmKq&amp;__tn__=*NK-y-R\">#STACHMAD2025<\/a><a href=\"https:\/\/www.facebook.com\/hashtag\/inclusi%C3%B3n?__eep__=6&amp;__cft__[0]=AZWDvCdlqStY-ne-ZI_JXvqO2mUtvEhXyLJxTBA-2W0TViaY9stDoAPJGdyhMv6SVXqSeoC2EgIYEx2I0zfPbE1LO0cMHJWBJxmQ-QqARB-nYKahth04BefZskuAPDPaRXDCtmC_P6aA6G6PAmoD8Eus0bKP2ukEDq9PAJnv9UzVqWur6n9IjSsxKd8epshw3EcdXionEjpvXw0_RQIVSmKq&amp;__tn__=*NK-y-R\">#Inclusi\u00f3n<\/a><a href=\"https:\/\/www.facebook.com\/hashtag\/arteyemprendimiento?__eep__=6&amp;__cft__[0]=AZWDvCdlqStY-ne-ZI_JXvqO2mUtvEhXyLJxTBA-2W0TViaY9stDoAPJGdyhMv6SVXqSeoC2EgIYEx2I0zfPbE1LO0cMHJWBJxmQ-QqARB-nYKahth04BefZskuAPDPaRXDCtmC_P6aA6G6PAmoD8Eus0bKP2ukEDq9PAJnv9UzVqWur6n9IjSsxKd8epshw3EcdXionEjpvXw0_RQIVSmKq&amp;__tn__=*NK-y-R\">#ArteYEmprendimiento<\/a><\/p>\n\n\n\n<figure class=\"wp-block-image size-full\"><img loading=\"lazy\" decoding=\"async\" width=\"658\" height=\"660\" src=\"https:\/\/www.unica.edu.pe\/noticias\/wp-content\/uploads\/2025\/07\/image-174.png\" alt=\"\" class=\"wp-image-37821\" srcset=\"https:\/\/www.unica.edu.pe\/noticias\/wp-content\/uploads\/2025\/07\/image-174.png 658w, https:\/\/www.unica.edu.pe\/noticias\/wp-content\/uploads\/2025\/07\/image-174-300x300.png 300w, https:\/\/www.unica.edu.pe\/noticias\/wp-content\/uploads\/2025\/07\/image-174-150x150.png 150w, https:\/\/www.unica.edu.pe\/noticias\/wp-content\/uploads\/2025\/07\/image-174-100x100.png 100w\" sizes=\"auto, (max-width: 658px) 100vw, 658px\" \/><\/figure>\n","protected":false},"excerpt":{"rendered":"<p>El talento no tiene l\u00edmites: STACHMAD 2025 Desde el Vicerrectorado de Investigaci\u00f3n, celebramos la realizaci\u00f3n del STACHMAD, un valioso espacio de concurso, exhibici\u00f3n y venta de pinturas creadas por personas emprendedoras con discapacidad. Nuestro director del Instituto de Investigaci\u00f3n, Dr. Jorge Garc\u00eda Ceccarelli, particip\u00f3 como jurado calificador en representaci\u00f3n del Rector de nuestra universidad, reafirmando &hellip; <\/p>\n<p class=\"link-more\"><a href=\"https:\/\/www.unica.edu.pe\/noticias\/2025\/07\/18\/vri-expresa-su-felicitaciones-al-concurso-exhibicion-y-venta-de-pinturas-creadas-por-personas-emprendedoras-con-discapacidad\/\" class=\"more-link\">Continuar leyendo<span class=\"screen-reader-text\"> \u00abVRI | EXPRESA SU FELICITACIONES AL CONCURSO, EXHIBICI\u00d3N Y VENTA DE PINTURAS CREADAS POR PERSONAS EMPRENDEDORAS CON DISCAPACIDAD.\u00bb<\/span><\/a><\/p>\n","protected":false},"author":4,"featured_media":0,"comment_status":"closed","ping_status":"open","sticky":false,"template":"","format":"standard","meta":{"footnotes":""},"categories":[17],"tags":[],"class_list":["post-37820","post","type-post","status-publish","format-standard","hentry","category-vicerrectorado-de-investigacion"],"_links":{"self":[{"href":"https:\/\/www.unica.edu.pe\/noticias\/wp-json\/wp\/v2\/posts\/37820","targetHints":{"allow":["GET"]}}],"collection":[{"href":"https:\/\/www.unica.edu.pe\/noticias\/wp-json\/wp\/v2\/posts"}],"about":[{"href":"https:\/\/www.unica.edu.pe\/noticias\/wp-json\/wp\/v2\/types\/post"}],"author":[{"embeddable":true,"href":"https:\/\/www.unica.edu.pe\/noticias\/wp-json\/wp\/v2\/users\/4"}],"replies":[{"embeddable":true,"href":"https:\/\/www.unica.edu.pe\/noticias\/wp-json\/wp\/v2\/comments?post=37820"}],"version-history":[{"count":1,"href":"https:\/\/www.unica.edu.pe\/noticias\/wp-json\/wp\/v2\/posts\/37820\/revisions"}],"predecessor-version":[{"id":37822,"href":"https:\/\/www.unica.edu.pe\/noticias\/wp-json\/wp\/v2\/posts\/37820\/revisions\/37822"}],"wp:attachment":[{"href":"https:\/\/www.unica.edu.pe\/noticias\/wp-json\/wp\/v2\/media?parent=37820"}],"wp:term":[{"taxonomy":"category","embeddable":true,"href":"https:\/\/www.unica.edu.pe\/noticias\/wp-json\/wp\/v2\/categories?post=37820"},{"taxonomy":"post_tag","embeddable":true,"href":"https:\/\/www.unica.edu.pe\/noticias\/wp-json\/wp\/v2\/tags?post=37820"}],"curies":[{"name":"wp","href":"https:\/\/api.w.org\/{rel}","templated":true}]}}