{"id":37788,"date":"2025-07-18T14:13:00","date_gmt":"2025-07-18T19:13:00","guid":{"rendered":"https:\/\/www.unica.edu.pe\/noticias\/?p=37788"},"modified":"2025-07-21T07:59:07","modified_gmt":"2025-07-21T12:59:07","slug":"capacitacion-curso-gestion-publica-y-modernizacion-del-estado-3","status":"publish","type":"post","link":"https:\/\/www.unica.edu.pe\/noticias\/2025\/07\/18\/capacitacion-curso-gestion-publica-y-modernizacion-del-estado-3\/","title":{"rendered":"CAPACITACI\u00d3N CURSO \u201cGESTI\u00d3N P\u00daBLICA Y MODERNIZACI\u00d3N DEL ESTADO\u201d"},"content":{"rendered":"\n<p>CURSO \u201cGESTI\u00d3N P\u00daBLICA Y MODERNIZACI\u00d3N DEL ESTADO\u201d<\/p>\n\n\n\n<p><a><\/a>DESCRIPCI\u00d3N<\/p>\n\n\n\n<p><a href=\"https:\/\/www.facebook.com\/hashtag\/capacitaci%C3%B3n?__eep__=6&amp;__cft__[0]=AZWVhwbuPov4gFO2Vjv1FGKaU_urLWRzW_gp90RXCD9uB4Xnhmw2GtR9cg2g98vpTogp1vRyIahJJbyuHFEb8C5w7CucJRus1OTPdeRdngB1h8tb5yoB4ED0X3mbyIXaO7ojyvvDZnwMMkgeYmQj9jpatCf2tARnaopRNtlTi53_CO5mceTzwXILIU_SEQPg62G3IU5hCukozR-5t5i8fd6p&amp;__tn__=*NK-R\">#Capacitaci\u00f3n<\/a>| La Unidad de Recursos Humanos en coordinaci\u00f3n con el \u00c1rea de Capacitaci\u00f3n y Desarrollo Humano, est\u00e1n realizando el CURSO<\/p>\n\n\n\n<p><a href=\"https:\/\/www.facebook.com\/UnicaSLG\/videos\/1951910595562498\">https:\/\/www.facebook.com\/UnicaSLG\/videos\/1951910595562498<\/a><\/p>\n\n\n\n<figure class=\"wp-block-image size-full\"><img loading=\"lazy\" decoding=\"async\" width=\"681\" height=\"387\" src=\"https:\/\/www.unica.edu.pe\/noticias\/wp-content\/uploads\/2025\/07\/image-164.png\" alt=\"\" class=\"wp-image-37789\" srcset=\"https:\/\/www.unica.edu.pe\/noticias\/wp-content\/uploads\/2025\/07\/image-164.png 681w, https:\/\/www.unica.edu.pe\/noticias\/wp-content\/uploads\/2025\/07\/image-164-300x170.png 300w\" sizes=\"auto, (max-width: 681px) 100vw, 681px\" \/><\/figure>\n","protected":false},"excerpt":{"rendered":"<p>CURSO \u201cGESTI\u00d3N P\u00daBLICA Y MODERNIZACI\u00d3N DEL ESTADO\u201d DESCRIPCI\u00d3N #Capacitaci\u00f3n| La Unidad de Recursos Humanos en coordinaci\u00f3n con el \u00c1rea de Capacitaci\u00f3n y Desarrollo Humano, est\u00e1n realizando el CURSO https:\/\/www.facebook.com\/UnicaSLG\/videos\/1951910595562498<\/p>\n","protected":false},"author":4,"featured_media":0,"comment_status":"closed","ping_status":"open","sticky":false,"template":"","format":"standard","meta":{"footnotes":""},"categories":[28],"tags":[],"class_list":["post-37788","post","type-post","status-publish","format-standard","hentry","category-transmisiones-en-vivo"],"_links":{"self":[{"href":"https:\/\/www.unica.edu.pe\/noticias\/wp-json\/wp\/v2\/posts\/37788","targetHints":{"allow":["GET"]}}],"collection":[{"href":"https:\/\/www.unica.edu.pe\/noticias\/wp-json\/wp\/v2\/posts"}],"about":[{"href":"https:\/\/www.unica.edu.pe\/noticias\/wp-json\/wp\/v2\/types\/post"}],"author":[{"embeddable":true,"href":"https:\/\/www.unica.edu.pe\/noticias\/wp-json\/wp\/v2\/users\/4"}],"replies":[{"embeddable":true,"href":"https:\/\/www.unica.edu.pe\/noticias\/wp-json\/wp\/v2\/comments?post=37788"}],"version-history":[{"count":1,"href":"https:\/\/www.unica.edu.pe\/noticias\/wp-json\/wp\/v2\/posts\/37788\/revisions"}],"predecessor-version":[{"id":37790,"href":"https:\/\/www.unica.edu.pe\/noticias\/wp-json\/wp\/v2\/posts\/37788\/revisions\/37790"}],"wp:attachment":[{"href":"https:\/\/www.unica.edu.pe\/noticias\/wp-json\/wp\/v2\/media?parent=37788"}],"wp:term":[{"taxonomy":"category","embeddable":true,"href":"https:\/\/www.unica.edu.pe\/noticias\/wp-json\/wp\/v2\/categories?post=37788"},{"taxonomy":"post_tag","embeddable":true,"href":"https:\/\/www.unica.edu.pe\/noticias\/wp-json\/wp\/v2\/tags?post=37788"}],"curies":[{"name":"wp","href":"https:\/\/api.w.org\/{rel}","templated":true}]}}